{"id":597,"date":"2024-11-23T20:53:30","date_gmt":"2024-11-23T20:53:30","guid":{"rendered":"https:\/\/swiat24.pl.ua\/?p=597"},"modified":"2024-11-23T20:53:30","modified_gmt":"2024-11-23T20:53:30","slug":"kelner-obslugiwal-kobiete-w-wozku-jednak-zdumial-sie-gdy-zobaczyl-w-jej-rekach-wycinek-z-gazety-ze-swoim-zdjeciem","status":"publish","type":"post","link":"https:\/\/swiat24.pl.ua\/?p=597","title":{"rendered":"Kelner obs\u0142ugiwa\u0142 kobiet\u0119 w w\u00f3zku, jednak zdumia\u0142 si\u0119, gdy zobaczy\u0142 w jej r\u0119kach wycinek z gazety ze swoim zdj\u0119ciem."},"content":{"rendered":"\n<p>W ten pi\u0105tkowy wiecz\u00f3r w restauracji jak zwykle by\u0142o t\u0142oczno. Wsz\u0119dzie s\u0142ycha\u0107 by\u0142o brz\u0119k okular\u00f3w i st\u0142umiony ha\u0142as rozm\u00f3w.<\/p>\n\n\n\n<p>Iwan zr\u0119cznie manewrowa\u0142 pomi\u0119dzy sto\u0142ami, podaj\u0105c dania i przyjmuj\u0105c zam\u00f3wienia. Ale jeszcze nie podejrzewa\u0142, \u017ce ten wiecz\u00f3r stanie si\u0119 dla niego wyj\u0105tkowy.<\/p>\n\n\n\n<figure class=\"wp-block-embed is-type-video is-provider-youtube wp-block-embed-youtube wp-embed-aspect-16-9 wp-has-aspect-ratio\"><div class=\"wp-block-embed__wrapper\">\n<iframe loading=\"lazy\" title=\"\u041e\u0444\u0438\u0446\u0438\u0430\u043d\u0442 \u043e\u0431\u0441\u043b\u0443\u0436\u0438\u0432\u0430\u043b \u0436\u0435\u043d\u0449\u0438\u043d\u0443 \u0432 \u043a\u043e\u043b\u044f\u0441\u043a\u0435, \u043d\u043e \u043e\u0431\u043e\u043c\u043b\u0435\u043b, \u0443\u0432\u0438\u0434\u0435\u0432 \u0432 \u0435\u0451 \u0440\u0443\u043a\u0430\u0445 \u0432\u044b\u0440\u0435\u0437\u043a\u0443 \u0441 \u0433\u0430\u0437\u0435\u0442\u044b \u0441 \u0435\u0433\u043e \u0444\u043e\u0442\u043e.\" width=\"747\" height=\"420\" src=\"https:\/\/www.youtube.com\/embed\/5IczdKSTMps?feature=oembed\" frameborder=\"0\" allow=\"accelerometer; autoplay; clipboard-write; encrypted-media; gyroscope; picture-in-picture; web-share\" referrerpolicy=\"strict-origin-when-cross-origin\" allowfullscreen><\/iframe>\n<\/div><\/figure>\n","protected":false},"excerpt":{"rendered":"W ten pi\u0105tkowy wiecz\u00f3r w restauracji jak zwykle by\u0142o t\u0142oczno. Wsz\u0119dzie s\u0142ycha\u0107 by\u0142o brz\u0119k okular\u00f3w i st\u0142umiony ha\u0142as rozm\u00f3w. Iwan zr\u0119cznie manewrowa\u0142 pomi\u0119dzy \n<a class=\"moretag\" href=\"https:\/\/swiat24.pl.ua\/?p=597\"> [...]<\/a>","protected":false},"author":1,"featured_media":598,"comment_status":"open","ping_status":"open","sticky":false,"template":"","format":"standard","meta":{"footnotes":""},"categories":[1],"tags":[],"class_list":["post-597","post","type-post","status-publish","format-standard","has-post-thumbnail","hentry","category-blog"],"_links":{"self":[{"href":"https:\/\/swiat24.pl.ua\/index.php?rest_route=\/wp\/v2\/posts\/597","targetHints":{"allow":["GET"]}}],"collection":[{"href":"https:\/\/swiat24.pl.ua\/index.php?rest_route=\/wp\/v2\/posts"}],"about":[{"href":"https:\/\/swiat24.pl.ua\/index.php?rest_route=\/wp\/v2\/types\/post"}],"author":[{"embeddable":true,"href":"https:\/\/swiat24.pl.ua\/index.php?rest_route=\/wp\/v2\/users\/1"}],"replies":[{"embeddable":true,"href":"https:\/\/swiat24.pl.ua\/index.php?rest_route=%2Fwp%2Fv2%2Fcomments&post=597"}],"version-history":[{"count":1,"href":"https:\/\/swiat24.pl.ua\/index.php?rest_route=\/wp\/v2\/posts\/597\/revisions"}],"predecessor-version":[{"id":599,"href":"https:\/\/swiat24.pl.ua\/index.php?rest_route=\/wp\/v2\/posts\/597\/revisions\/599"}],"wp:featuredmedia":[{"embeddable":true,"href":"https:\/\/swiat24.pl.ua\/index.php?rest_route=\/wp\/v2\/media\/598"}],"wp:attachment":[{"href":"https:\/\/swiat24.pl.ua\/index.php?rest_route=%2Fwp%2Fv2%2Fmedia&parent=597"}],"wp:term":[{"taxonomy":"category","embeddable":true,"href":"https:\/\/swiat24.pl.ua\/index.php?rest_route=%2Fwp%2Fv2%2Fcategories&post=597"},{"taxonomy":"post_tag","embeddable":true,"href":"https:\/\/swiat24.pl.ua\/index.php?rest_route=%2Fwp%2Fv2%2Ftags&post=597"}],"curies":[{"name":"wp","href":"https:\/\/api.w.org\/{rel}","templated":true}]}}