{"id":571,"date":"2024-11-23T13:18:10","date_gmt":"2024-11-23T13:18:10","guid":{"rendered":"https:\/\/swiat24.pl.ua\/?p=571"},"modified":"2024-11-23T13:18:10","modified_gmt":"2024-11-23T13:18:10","slug":"zona-urodzila-czarnego-chlopca-a-maz-sie-z-nia-rozwiodl-a-20-lat-pozniej-stalo-sie-cos-nie-do-pomyslenia","status":"publish","type":"post","link":"https:\/\/swiat24.pl.ua\/?p=571","title":{"rendered":"\u017bona urodzi\u0142a czarnego ch\u0142opca, a m\u0105\u017c si\u0119 z ni\u0105 rozwi\u00f3d\u0142. A 20 lat p\u00f3\u017aniej sta\u0142o si\u0119 co\u015b nie do pomy\u015blenia!"},"content":{"rendered":"\n<p>Kiedy \u017cona tego m\u0119\u017cczyzny urodzi\u0142a czarne dziecko, zostawi\u0142 j\u0105 w najbardziej brutalny spos\u00f3b. A 20 lat p\u00f3\u017aniej sta\u0142o si\u0119 co\u015b niesamowitego!<\/p>\n\n\n\n<p>Anna zadr\u017ca\u0142a ze strachu, gdy Jack podszed\u0142 do niej gro\u017anie. Trzyma\u0142a w ramionach \u015bpi\u0105ce spokojnie dziecko. \u0141zy sp\u0142ywa\u0142y jej po twarzy, a wn\u0119trze zaciska\u0142o si\u0119 ze strachu.<\/p>\n\n\n\n<figure class=\"wp-block-embed is-type-video is-provider-youtube wp-block-embed-youtube wp-embed-aspect-16-9 wp-has-aspect-ratio\"><div class=\"wp-block-embed__wrapper\">\n<iframe loading=\"lazy\" title=\"\u0416\u0435\u043d\u0430 \u0440\u043e\u0434\u0438\u043b\u0430 \u0447\u0435\u0440\u043d\u043e\u043a\u043e\u0436\u0435\u0433\u043e \u043c\u0430\u043b\u044c\u0447\u0438\u043a\u0430, \u0438 \u043c\u0443\u0436 \u0441 \u043d\u0435\u0439 \u0440\u0430\u0437\u0432\u0451\u043b\u0441\u044f. \u0410 \u0447\u0435\u0440\u0435\u0437 20 \u043b\u0435\u0442 \u043f\u0440\u043e\u0438\u0437\u043e\u0448\u043b\u043e \u043d\u0435\u043c\u044b\u0441\u043b\u0438\u043c\u043e\u0435!\" width=\"747\" height=\"420\" src=\"https:\/\/www.youtube.com\/embed\/v3036cN-28k?feature=oembed\" frameborder=\"0\" allow=\"accelerometer; autoplay; clipboard-write; encrypted-media; gyroscope; picture-in-picture; web-share\" referrerpolicy=\"strict-origin-when-cross-origin\" allowfullscreen><\/iframe>\n<\/div><\/figure>\n","protected":false},"excerpt":{"rendered":"Kiedy \u017cona tego m\u0119\u017cczyzny urodzi\u0142a czarne dziecko, zostawi\u0142 j\u0105 w najbardziej brutalny spos\u00f3b. A 20 lat p\u00f3\u017aniej sta\u0142o si\u0119 co\u015b niesamowitego! Anna zadr\u017ca\u0142a \n<a class=\"moretag\" href=\"https:\/\/swiat24.pl.ua\/?p=571\"> [...]<\/a>","protected":false},"author":1,"featured_media":572,"comment_status":"open","ping_status":"open","sticky":false,"template":"","format":"standard","meta":{"footnotes":""},"categories":[1],"tags":[],"class_list":["post-571","post","type-post","status-publish","format-standard","has-post-thumbnail","hentry","category-blog"],"_links":{"self":[{"href":"https:\/\/swiat24.pl.ua\/index.php?rest_route=\/wp\/v2\/posts\/571","targetHints":{"allow":["GET"]}}],"collection":[{"href":"https:\/\/swiat24.pl.ua\/index.php?rest_route=\/wp\/v2\/posts"}],"about":[{"href":"https:\/\/swiat24.pl.ua\/index.php?rest_route=\/wp\/v2\/types\/post"}],"author":[{"embeddable":true,"href":"https:\/\/swiat24.pl.ua\/index.php?rest_route=\/wp\/v2\/users\/1"}],"replies":[{"embeddable":true,"href":"https:\/\/swiat24.pl.ua\/index.php?rest_route=%2Fwp%2Fv2%2Fcomments&post=571"}],"version-history":[{"count":1,"href":"https:\/\/swiat24.pl.ua\/index.php?rest_route=\/wp\/v2\/posts\/571\/revisions"}],"predecessor-version":[{"id":573,"href":"https:\/\/swiat24.pl.ua\/index.php?rest_route=\/wp\/v2\/posts\/571\/revisions\/573"}],"wp:featuredmedia":[{"embeddable":true,"href":"https:\/\/swiat24.pl.ua\/index.php?rest_route=\/wp\/v2\/media\/572"}],"wp:attachment":[{"href":"https:\/\/swiat24.pl.ua\/index.php?rest_route=%2Fwp%2Fv2%2Fmedia&parent=571"}],"wp:term":[{"taxonomy":"category","embeddable":true,"href":"https:\/\/swiat24.pl.ua\/index.php?rest_route=%2Fwp%2Fv2%2Fcategories&post=571"},{"taxonomy":"post_tag","embeddable":true,"href":"https:\/\/swiat24.pl.ua\/index.php?rest_route=%2Fwp%2Fv2%2Ftags&post=571"}],"curies":[{"name":"wp","href":"https:\/\/api.w.org\/{rel}","templated":true}]}}