{"id":408,"date":"2024-11-17T18:36:25","date_gmt":"2024-11-17T18:36:25","guid":{"rendered":"https:\/\/swiat24.pl.ua\/?p=408"},"modified":"2024-11-17T18:36:25","modified_gmt":"2024-11-17T18:36:25","slug":"jej-maz-wyrzucil-ja-z-domu-gdy-urodzila-trojaczki-czarnych-dzieci-dziesiec-lat-pozniej-wydarzyla-sie-szokujaca-rzecz","status":"publish","type":"post","link":"https:\/\/swiat24.pl.ua\/?p=408","title":{"rendered":"Jej m\u0105\u017c wyrzuci\u0142 j\u0105 z domu, gdy urodzi\u0142a trojaczki czarnych dzieci. Dziesi\u0119\u0107 lat p\u00f3\u017aniej wydarzy\u0142a si\u0119 szokuj\u0105ca rzecz!"},"content":{"rendered":"\n<p>Jej m\u0105\u017c wyrzuci\u0142 j\u0105 z domu, gdy urodzi\u0142a trojaczki czarnych dzieci. Dziesi\u0119\u0107 lat p\u00f3\u017aniej wydarzy\u0142a si\u0119 szokuj\u0105ca rzecz!<\/p>\n\n\n\n<p>Jej m\u0105\u017c wyrzuci\u0142 j\u0105 z domu, gdy urodzi\u0142a trojaczki czarnych dzieci.<\/p>\n\n\n\n<p>Dziesi\u0119\u0107 lat p\u00f3\u017aniej wydarzy\u0142a si\u0119 szokuj\u0105ca rzecz!<\/p>\n\n\n\n<figure class=\"wp-block-embed is-type-video is-provider-youtube wp-block-embed-youtube wp-embed-aspect-16-9 wp-has-aspect-ratio\"><div class=\"wp-block-embed__wrapper\">\n<iframe loading=\"lazy\" title=\"\u041c\u0443\u0436 \u0432\u044b\u0433\u043d\u0430\u043b \u0435\u0451 \u043a\u043e\u0433\u0434\u0430 \u043e\u043d\u0430 \u0440\u043e\u0434\u0438\u043b\u0430 \u0442\u0440\u043e\u0439\u043d\u044e \u0442\u0435\u043c\u043d\u043e\u043a\u043e\u0436\u0438\u0445. \u0427\u0435\u0440\u0435\u0437 10 \u043b\u0435\u0442 \u0441\u043b\u0443\u0447\u0438\u043b\u043e\u0441\u044c \u0428\u043e\u043a\u0438\u0440\u0443\u044e\u0449\u0435\u0435!\" width=\"747\" height=\"420\" src=\"https:\/\/www.youtube.com\/embed\/u25DwFvk6Ys?feature=oembed\" frameborder=\"0\" allow=\"accelerometer; autoplay; clipboard-write; encrypted-media; gyroscope; picture-in-picture; web-share\" referrerpolicy=\"strict-origin-when-cross-origin\" allowfullscreen><\/iframe>\n<\/div><\/figure>\n","protected":false},"excerpt":{"rendered":"Jej m\u0105\u017c wyrzuci\u0142 j\u0105 z domu, gdy urodzi\u0142a trojaczki czarnych dzieci. Dziesi\u0119\u0107 lat p\u00f3\u017aniej wydarzy\u0142a si\u0119 szokuj\u0105ca rzecz! Jej m\u0105\u017c wyrzuci\u0142 j\u0105 z \n<a class=\"moretag\" href=\"https:\/\/swiat24.pl.ua\/?p=408\"> [...]<\/a>","protected":false},"author":1,"featured_media":409,"comment_status":"open","ping_status":"open","sticky":false,"template":"","format":"standard","meta":{"footnotes":""},"categories":[1],"tags":[],"class_list":["post-408","post","type-post","status-publish","format-standard","has-post-thumbnail","hentry","category-blog"],"_links":{"self":[{"href":"https:\/\/swiat24.pl.ua\/index.php?rest_route=\/wp\/v2\/posts\/408","targetHints":{"allow":["GET"]}}],"collection":[{"href":"https:\/\/swiat24.pl.ua\/index.php?rest_route=\/wp\/v2\/posts"}],"about":[{"href":"https:\/\/swiat24.pl.ua\/index.php?rest_route=\/wp\/v2\/types\/post"}],"author":[{"embeddable":true,"href":"https:\/\/swiat24.pl.ua\/index.php?rest_route=\/wp\/v2\/users\/1"}],"replies":[{"embeddable":true,"href":"https:\/\/swiat24.pl.ua\/index.php?rest_route=%2Fwp%2Fv2%2Fcomments&post=408"}],"version-history":[{"count":1,"href":"https:\/\/swiat24.pl.ua\/index.php?rest_route=\/wp\/v2\/posts\/408\/revisions"}],"predecessor-version":[{"id":410,"href":"https:\/\/swiat24.pl.ua\/index.php?rest_route=\/wp\/v2\/posts\/408\/revisions\/410"}],"wp:featuredmedia":[{"embeddable":true,"href":"https:\/\/swiat24.pl.ua\/index.php?rest_route=\/wp\/v2\/media\/409"}],"wp:attachment":[{"href":"https:\/\/swiat24.pl.ua\/index.php?rest_route=%2Fwp%2Fv2%2Fmedia&parent=408"}],"wp:term":[{"taxonomy":"category","embeddable":true,"href":"https:\/\/swiat24.pl.ua\/index.php?rest_route=%2Fwp%2Fv2%2Fcategories&post=408"},{"taxonomy":"post_tag","embeddable":true,"href":"https:\/\/swiat24.pl.ua\/index.php?rest_route=%2Fwp%2Fv2%2Ftags&post=408"}],"curies":[{"name":"wp","href":"https:\/\/api.w.org\/{rel}","templated":true}]}}