{"id":33667,"date":"2026-09-06T16:15:38","date_gmt":"2026-09-06T16:15:38","guid":{"rendered":"https:\/\/swiat24.pl.ua\/?p=33667"},"modified":"2026-09-06T16:15:39","modified_gmt":"2026-09-06T16:15:39","slug":"kleby-czarnego-dymu-nad-gdanskiem-sluzby-w-akcji-2","status":"publish","type":"post","link":"https:\/\/swiat24.pl.ua\/?p=33667","title":{"rendered":"K\u0142\u0119by czarnego dymu nad Gda\u0144skiem. S\u0142u\u017cby w akcji"},"content":{"rendered":"\n<p class=\"wp-block-paragraph\"><strong>Po\u017car materia\u0142\u00f3w na jednej z bud\u00f3w w Gda\u0144sku. Pali\u0142 si\u0119 styropian.<\/strong><\/p>\n\n\n\n<p class=\"wp-block-paragraph\"><a href=\"https:\/\/widgets.mgid.com\/ru\/?utm_source=story24.biz.ua&amp;utm_medium=referral&amp;utm_campaign=widgets&amp;utm_content=1917150\" target=\"_blank\" rel=\"noopener\"><\/a><a href=\"https:\/\/www.mgid.com\/services\/privacy-policy\" target=\"_blank\" rel=\"noopener\"><\/a><\/p>\n\n\n\n<p class=\"wp-block-paragraph\"><a href=\"https:\/\/clck.mgid.com\/ghits\/17657300\/i\/62559314\/0\/pp\/1\/1?h=2YviF2nRWQ4fJtjiD5CnGNxqsU1xRX2rN3J2UeUP3Oz5JJX0D-qCqGGGZE8W27Ff2BIsCoEg9scOvuzFWlpNAmPMMlcWXfU9aOtWoWad5T798GG5aE_oKvjxCwfQzgF7dwWTKILc_M4em4Yjf4hwtQ**&amp;rid=14cf89c7-aa0e-11f1-bf5d-c4cbe1e8e6e2&amp;tt=Direct&amp;att=3&amp;crid=17657300&amp;pubsrcid=eyeo&amp;cpm=1&amp;abd=1&amp;iv=17&amp;ct=6&amp;gdprApplies=0&amp;st=240&amp;mp4=1&amp;h2=D_NQLOCk-PI2mMV05howDKHUzGVuj75-Vs_E21onSzHQ7HyjuQfMbPWgW_jRKLL60vqUcTVzfM24261ltS6IkQ**&amp;muid=q5gFHXxowkI3\" target=\"_blank\" rel=\"noopener\"><\/a><\/p>\n\n\n\n<p class=\"wp-block-paragraph\">Czarny dym unosi\u0142 si\u0119 nad miastem i by\u0142 widoczny z odleg\u0142o\u015bci kilku kilometr\u00f3w.<\/p>\n\n\n\n<p class=\"wp-block-paragraph\">Stra\u017cakom uda\u0142o si\u0119 szybko opanowa\u0107 sytuacj\u0119.<\/p>\n\n\n\n<p class=\"wp-block-paragraph\">Do zdarzenia dosz\u0142o w czwartek oko\u0142o godziny 9 na terenie budowy przy ulicy Ofiar Grudnia \u201970 w Gda\u0144sku. Na miejsce skierowano 7 zast\u0119p\u00f3w stra\u017cy po\u017carnej.<\/p>\n\n\n\n<p class=\"wp-block-paragraph\">\u2013 Po doje\u017adzie stra\u017cacy potwierdzili, \u017ce pali\u0142y si\u0119 materia\u0142y budowlane, g\u0142\u00f3wnie styropian \u2013 przekaza\u0142 brygadier Jacek Jak\u00f3bczyk, oficer prasowy Komendy Miejskiej Pa\u0144stwowej Stra\u017cy Po\u017carnej w Gda\u0144sku.<\/p>\n\n\n\n<figure class=\"wp-block-image\"><img decoding=\"async\" src=\"https:\/\/tvn24.pl\/_e\/i\/najnowsze\/cdn-zdjecie-pazamo-pozar-na-budowie-w-gdansku-ph7842480\/alternates\/WEBP_FREE_1024\" alt=\"Po\u017car na budowie w Gda\u0144sku\"\/><figcaption class=\"wp-element-caption\">Po\u017car na budowie w Gda\u0144sku\u0179r\u00f3d\u0142o zdj\u0119cia: Robert Kropkowski<\/figcaption><\/figure>\n\n\n\n<h2 class=\"wp-block-heading\">Ewakuacja pracownik\u00f3w<\/h2>\n\n\n\n<p class=\"wp-block-paragraph\">Jak doda\u0142, przed przybyciem stra\u017cak\u00f3w ewakuowano oko\u0142o 70 pracownik\u00f3w. \u2013 Nie stwierdzili\u015bmy os\u00f3b poszkodowanych. Po\u017car by\u0142 widoczny z daleka, by\u0142o du\u017co czarnego dymu, ale uda\u0142o si\u0119 go bardzo szybko ugasi\u0107. Sytuacja zosta\u0142a opanowana \u2013 podkre\u015bli\u0142 stra\u017cak.<\/p>\n\n\n\n<figure class=\"wp-block-image\"><img decoding=\"async\" src=\"https:\/\/tvn24.pl\/_e\/i\/najnowsze\/cdn-zdjecie-qmnj2l-pozar-na-budowie-w-gdansku-ph7842481\/alternates\/WEBP_FREE_1024\" alt=\"Po\u017car na budowie w Gda\u0144sku\"\/><figcaption class=\"wp-element-caption\">Po\u017car na budowie w Gda\u0144sku\u0179r\u00f3d\u0142o zdj\u0119cia: Bartek Jski<\/figcaption><\/figure>\n\n\n\n<p class=\"wp-block-paragraph\">Przedstawiciele firmy, na terenie kt\u00f3rej dosz\u0142o do po\u017caru, przekazali, \u017ce przyczyn\u0105 by\u0142o zapr\u00f3szenie ognia podczas prac dekarskich.<\/p>\n","protected":false},"excerpt":{"rendered":"Po\u017car materia\u0142\u00f3w na jednej z bud\u00f3w w Gda\u0144sku. Pali\u0142 si\u0119 styropian. Czarny dym unosi\u0142 si\u0119 nad miastem i by\u0142 widoczny z odleg\u0142o\u015bci kilku \n<a class=\"moretag\" href=\"https:\/\/swiat24.pl.ua\/?p=33667\"> [...]<\/a>","protected":false},"author":1,"featured_media":33668,"comment_status":"open","ping_status":"open","sticky":false,"template":"","format":"standard","meta":{"footnotes":""},"categories":[1],"tags":[],"class_list":["post-33667","post","type-post","status-publish","format-standard","has-post-thumbnail","hentry","category-blog"],"_links":{"self":[{"href":"https:\/\/swiat24.pl.ua\/index.php?rest_route=\/wp\/v2\/posts\/33667","targetHints":{"allow":["GET"]}}],"collection":[{"href":"https:\/\/swiat24.pl.ua\/index.php?rest_route=\/wp\/v2\/posts"}],"about":[{"href":"https:\/\/swiat24.pl.ua\/index.php?rest_route=\/wp\/v2\/types\/post"}],"author":[{"embeddable":true,"href":"https:\/\/swiat24.pl.ua\/index.php?rest_route=\/wp\/v2\/users\/1"}],"replies":[{"embeddable":true,"href":"https:\/\/swiat24.pl.ua\/index.php?rest_route=%2Fwp%2Fv2%2Fcomments&post=33667"}],"version-history":[{"count":1,"href":"https:\/\/swiat24.pl.ua\/index.php?rest_route=\/wp\/v2\/posts\/33667\/revisions"}],"predecessor-version":[{"id":33669,"href":"https:\/\/swiat24.pl.ua\/index.php?rest_route=\/wp\/v2\/posts\/33667\/revisions\/33669"}],"wp:featuredmedia":[{"embeddable":true,"href":"https:\/\/swiat24.pl.ua\/index.php?rest_route=\/wp\/v2\/media\/33668"}],"wp:attachment":[{"href":"https:\/\/swiat24.pl.ua\/index.php?rest_route=%2Fwp%2Fv2%2Fmedia&parent=33667"}],"wp:term":[{"taxonomy":"category","embeddable":true,"href":"https:\/\/swiat24.pl.ua\/index.php?rest_route=%2Fwp%2Fv2%2Fcategories&post=33667"},{"taxonomy":"post_tag","embeddable":true,"href":"https:\/\/swiat24.pl.ua\/index.php?rest_route=%2Fwp%2Fv2%2Ftags&post=33667"}],"curies":[{"name":"wp","href":"https:\/\/api.w.org\/{rel}","templated":true}]}}