{"id":33566,"date":"2026-09-05T12:52:29","date_gmt":"2026-09-05T12:52:29","guid":{"rendered":"https:\/\/swiat24.pl.ua\/?p=33566"},"modified":"2026-09-05T12:52:31","modified_gmt":"2026-09-05T12:52:31","slug":"gleboko-zaluje-jean-pierre-raffarin-przerywa-milczenie-na-temat-wypadku-samochodowego-w-ktorym-jedna-osoba-zostala-ranna","status":"publish","type":"post","link":"https:\/\/swiat24.pl.ua\/?p=33566","title":{"rendered":"\u201eG\u0142\u0119boko \u017ca\u0142uj\u0119\u201d: Jean-Pierre Raffarin przerywa milczenie na temat wypadku samochodowego, w kt\u00f3rym jedna osoba zosta\u0142a ranna"},"content":{"rendered":"\n<p class=\"wp-block-paragraph\">Jean-Pierre Raffarin mia\u0142 wypadek samochodowy na Boulevard Malesherbes w Pary\u017cu, ujawni\u0142 Mediapart w czwartek, 25 czerwca 2026 roku. <\/p>\n\n\n\n<p class=\"wp-block-paragraph\">Motocyklista zosta\u0142 powa\u017cnie ranny, a fakt, \u017ce by\u0142y premier korzysta\u0142 z samochodu s\u0142u\u017cbowego, wywo\u0142a\u0142 kontrowersje. W pi\u0105tek, 26 czerwca, polityk publicznie odpowiedzia\u0142 na X.<\/p>\n\n\n\n<p class=\"wp-block-paragraph\">Incydent zosta\u0142 ujawniony przez Mediapart w czwartek, 25 czerwca 2026 roku. Tego dnia serwis \u015bledczy poinformowa\u0142 o wypadku na Boulevard Malesherbes w Pary\u017cu, w kt\u00f3rym uczestniczy\u0142 samoch\u00f3d s\u0142u\u017cbowy wyposa\u017cony w migaj\u0105ce niebieskie \u015bwiat\u0142o, a w kt\u00f3rym znajdowa\u0142 si\u0119 Jean-Pierre Raffarin.<\/p>\n\n\n\n<p class=\"wp-block-paragraph\"> Pojazd, dostarczony przez Ministerstwo Spraw Zagranicznych wraz z kierowc\u0105, podobno przejecha\u0142 na czerwonym \u015bwietle, zanim uderzy\u0142 w motocyklist\u0119. <\/p>\n\n\n\n<p class=\"wp-block-paragraph\">Motocyklista, powa\u017cnie ranny, zosta\u0142 hospitalizowany. Od 1 stycznia 2026 roku byli szefowie rz\u0105d\u00f3w, kt\u00f3rzy odeszli z urz\u0119du ponad dziesi\u0119\u0107 lat temu, nie mog\u0105 ju\u017c korzysta\u0107 z samochodu z szoferem. Jean-Pierre Raffarin opu\u015bci\u0142 Matignon w 2005 roku.<\/p>\n\n\n\n<p class=\"wp-block-paragraph\"> W zwi\u0105zku z tym pojawi\u0142o si\u0119 pytanie o jego prawo do korzystania z samochodu z szoferem. Co wi\u0119cej, wed\u0142ug wst\u0119pnych doniesie\u0144 naszych koleg\u00f3w, by\u0142y szef rz\u0105du mia\u0142 opu\u015bci\u0107 miejsce zdarzenia, nie rozmawiaj\u0105c z ofiar\u0105.<\/p>\n\n\n\n<p class=\"wp-block-paragraph\">W obliczu kontrowersji Jean-Pierre Raffarin zdecydowa\u0142 si\u0119 zabra\u0107 g\u0142os bezpo\u015brednio, publikuj\u0105c komunikat prasowy na portalu X. W pi\u0105tek, 26 czerwca 2025 roku, wyja\u015bni\u0142, \u017ce w momencie zderzenia znajdowa\u0142 si\u0119 z ty\u0142u samochodu s\u0142u\u017cbowego i wyrazi\u0142 \u017cal ofierze: \u201eW tym wypadku poszkodowana zosta\u0142a osoba na motocyklu i g\u0142\u0119boko tego \u017ca\u0142uj\u0119\u201d. Odnosz\u0105c si\u0119 do swoich dzia\u0142a\u0144 po zdarzeniu, zaprzeczy\u0142 pierwotnej wersji Mediapart. Stwierdzi\u0142, \u017ce uda\u0142 si\u0119 \u201enatychmiast do szpitala\u201d, aby zbada\u0107 poszkodowanego i zostawi\u0107 jego dane kontaktowe. Mediapart wskaza\u0142, \u017ce nie uda\u0142o si\u0119 potwierdzi\u0107 tych informacji.<\/p>\n\n\n\n<p class=\"wp-block-paragraph\">By\u0142y premier utrzymuje, \u017ce post\u0119powa\u0142 zgodnie z przepisami. W odniesieniu do swojego samochodu s\u0142u\u017cbowego by\u0142y premier broni\u0142 si\u0119. Twierdzi\u0142, \u017ce zwr\u00f3ci\u0142 go 1 stycznia 2026 roku, zgodnie z przepisami dotycz\u0105cymi \u015bwiadcze\u0144 zwi\u0105zanych ze statusem by\u0142ego szefa rz\u0105du. Wyja\u015bnia jednak, \u017ce 26 stycznia Emmanuel Macron powierzy\u0142 mu \u201etymczasow\u0105 i nieodp\u0142atn\u0105 misj\u0119 oficjaln\u0105\u201d w sprawie stosunk\u00f3w chi\u0144sko-francuskich. Uprawnia go to do samochodu i kierowcy zapewnionego przez Ministerstwo Spraw Zagranicznych. Twierdzi, \u017ce w tej roli uczestniczy\u0142 w ponad trzydziestu spotkaniach we Francji i za granic\u0105 i zapewnia, \u017ce \u200b\u200bnie otrzymuje \u201e\u017cadnej innej pomocy specjalnej\u201d.<\/p>\n\n\n\n<p class=\"wp-block-paragraph\">Komunikat prasowy II<br>Pytania dotycz\u0105 w szczeg\u00f3lno\u015bci \u015brodk\u00f3w udost\u0119pnionych by\u0142ym premierom. Od 1 stycznia \u015brodki przyznane mi zosta\u0142y zwr\u00f3cone zgodnie z decyzjami rz\u0105du. Oczywi\u015bcie przestrzega\u0142em zasad.<\/p>\n\n\n\n<p class=\"wp-block-paragraph\">\u2014 Jean-Pierre Raffarin (@jprafarin) 26 czerwca 2026<\/p>\n","protected":false},"excerpt":{"rendered":"Jean-Pierre Raffarin mia\u0142 wypadek samochodowy na Boulevard Malesherbes w Pary\u017cu, ujawni\u0142 Mediapart w czwartek, 25 czerwca 2026 roku. Motocyklista zosta\u0142 powa\u017cnie ranny, a \n<a class=\"moretag\" href=\"https:\/\/swiat24.pl.ua\/?p=33566\"> [...]<\/a>","protected":false},"author":1,"featured_media":33567,"comment_status":"open","ping_status":"open","sticky":false,"template":"","format":"standard","meta":{"footnotes":""},"categories":[1],"tags":[],"class_list":["post-33566","post","type-post","status-publish","format-standard","has-post-thumbnail","hentry","category-blog"],"_links":{"self":[{"href":"https:\/\/swiat24.pl.ua\/index.php?rest_route=\/wp\/v2\/posts\/33566","targetHints":{"allow":["GET"]}}],"collection":[{"href":"https:\/\/swiat24.pl.ua\/index.php?rest_route=\/wp\/v2\/posts"}],"about":[{"href":"https:\/\/swiat24.pl.ua\/index.php?rest_route=\/wp\/v2\/types\/post"}],"author":[{"embeddable":true,"href":"https:\/\/swiat24.pl.ua\/index.php?rest_route=\/wp\/v2\/users\/1"}],"replies":[{"embeddable":true,"href":"https:\/\/swiat24.pl.ua\/index.php?rest_route=%2Fwp%2Fv2%2Fcomments&post=33566"}],"version-history":[{"count":1,"href":"https:\/\/swiat24.pl.ua\/index.php?rest_route=\/wp\/v2\/posts\/33566\/revisions"}],"predecessor-version":[{"id":33568,"href":"https:\/\/swiat24.pl.ua\/index.php?rest_route=\/wp\/v2\/posts\/33566\/revisions\/33568"}],"wp:featuredmedia":[{"embeddable":true,"href":"https:\/\/swiat24.pl.ua\/index.php?rest_route=\/wp\/v2\/media\/33567"}],"wp:attachment":[{"href":"https:\/\/swiat24.pl.ua\/index.php?rest_route=%2Fwp%2Fv2%2Fmedia&parent=33566"}],"wp:term":[{"taxonomy":"category","embeddable":true,"href":"https:\/\/swiat24.pl.ua\/index.php?rest_route=%2Fwp%2Fv2%2Fcategories&post=33566"},{"taxonomy":"post_tag","embeddable":true,"href":"https:\/\/swiat24.pl.ua\/index.php?rest_route=%2Fwp%2Fv2%2Ftags&post=33566"}],"curies":[{"name":"wp","href":"https:\/\/api.w.org\/{rel}","templated":true}]}}