{"id":33558,"date":"2026-09-05T10:51:43","date_gmt":"2026-09-05T10:51:43","guid":{"rendered":"https:\/\/swiat24.pl.ua\/?p=33558"},"modified":"2026-09-05T10:51:56","modified_gmt":"2026-09-05T10:51:56","slug":"tlum-przed-szkola-strach-i-plotki-alarm-w-warszawie-postawil-wszystkich-na-nogi","status":"publish","type":"post","link":"https:\/\/swiat24.pl.ua\/?p=33558","title":{"rendered":"T\u0142um przed szko\u0142\u0105, strach i plotki. Alarm w Warszawie postawi\u0142 wszystkich na nogi"},"content":{"rendered":"\n<p class=\"wp-block-paragraph\">T\u0142um ludzi przed budynkiem szko\u0142y przy ul. Mi\u0144skiej w Warszawie i narastaj\u0105cy niepok\u00f3j \u2014 tak wygl\u0105da\u0142y pierwsze chwile po og\u0142oszeniu alarmu i zarz\u0105dzonej ewakuacji.<\/p>\n\n\n\n<p class=\"wp-block-paragraph\">W mediach spo\u0142eczno\u015bciowych b\u0142yskawicznie zacz\u0119\u0142y kr\u0105\u017cy\u0107 informacje o rzekomych gro\u017abach ze strony ucznia.<\/p>\n\n\n\n<p class=\"wp-block-paragraph\">Policja stanowczo je dementuje.<\/p>\n\n\n\n<figure class=\"wp-block-image is-resized\"><img decoding=\"async\" src=\"https:\/\/cdn.fakt.pl\/1\/2dAk9lGaHR0cHM6Ly9vY2RuLmV1L3B1bHNjbXMvTURBXy9jZmEwZDhjOC03YjcwLTRhMmUtODJmNS1lMDhmZTY3MWQ3MDIuanBlZ5KVA3jNAdvNDkTNCAaTBc0JYM0E7N4AAqEwB6ExBA\" alt=\"Ewakuacja szko\u0142y w Warszawie.\" style=\"aspect-ratio:1.7791411042944785;width:870px;height:auto\"\/><\/figure>\n\n\n\n<figure class=\"wp-block-video\"><\/figure>\n\n\n\n<p class=\"wp-block-paragraph\">W czwartek, 16 kwietnia, przed po\u0142udniem nagle przerwano lekcje i zarz\u0105dzono piln\u0105 ewakuacj\u0119 ca\u0142ego budynku. Z budynku wyprowadzono uczni\u00f3w oraz pracownik\u00f3w. W mediach spo\u0142eczno\u015bciowych pojawi\u0142y si\u0119 zdj\u0119cia, na kt\u00f3rych wida\u0107 grupy ludzi zgromadzonych przed plac\u00f3wk\u0105.<\/p>\n\n\n\n<p class=\"wp-block-paragraph\">Dalszy ci\u0105g artyku\u0142u pod materia\u0142em wideo<\/p>\n\n\n\n<p class=\"wp-block-paragraph\">Nieoficjalnie wiadomo, \u017ce szko\u0142a otrzyma\u0142a wiadomo\u015b\u0107 e-mail z gro\u017ab\u0105 o rzekomo pod\u0142o\u017conym \u0142adunku wybuchowym, co natychmiast uruchomi\u0142o procedury bezpiecze\u0144stwa. S\u0142u\u017cby potraktowa\u0142y zg\u0142oszenie powa\u017cnie i zabezpieczy\u0142y teren.&nbsp;<strong>Jak ustali\u0142 reporter \u201cFaktu\u201d, ostatecznie alarm okaza\u0142 si\u0119 fa\u0142szywy.<\/strong><\/p>\n\n\n\n<h2 class=\"wp-block-heading\">Plotki w sieci i reakcja policji<\/h2>\n\n\n\n<p class=\"wp-block-paragraph\">Wok\u00f3\u0142 zdarzenia bardzo szybko zacz\u0119\u0142y narasta\u0107 spekulacje w mediach spo\u0142eczno\u015bciowych. Pojawi\u0142y si\u0119 niepotwierdzone informacje, \u017ce za gro\u017ab\u0105 mo\u017ce sta\u0107 ucze\u0144, kt\u00f3ry mia\u0142 grozi\u0107 strzelanin\u0105 oraz wysadzeniem \u0142adunku wybuchowego. Doniesienia te wywo\u0142a\u0142y niepok\u00f3j w\u015br\u00f3d mieszka\u0144c\u00f3w i rodzic\u00f3w uczni\u00f3w.<\/p>\n\n\n\n<p class=\"wp-block-paragraph\">about:blank<\/p>\n\n\n\n<p class=\"wp-block-paragraph\">\u2014 Stanowczo dementujemy te pog\u0142oski. Nie by\u0142o takiej sytuacji \u2014 m\u00f3wi podinsp. Joanna W\u0119grzyniak, oficer prasowy Komendanta Rejonowego Policji Warszawa VII.<\/p>\n\n\n\n<h2 class=\"wp-block-heading\">Policja wyja\u015bniaj\u0105 okoliczno\u015bci<\/h2>\n\n\n\n<p class=\"wp-block-paragraph\">Obecnie trwa ustalanie, kto stoi za wys\u0142aniem wiadomo\u015bci z gro\u017ab\u0105. \u015aledczy analizuj\u0105 jej tre\u015b\u0107 oraz zabezpieczone dane, kt\u00f3re mog\u0105 pom\u00f3c w identyfikacji nadawcy.&nbsp;<strong>Za wywo\u0142anie fa\u0142szywego alarmu oraz kierowanie gr\u00f3\u017ab karalnych sprawcy grozi nawet do 8 lat wi\u0119zienia.<\/strong><\/p>\n","protected":false},"excerpt":{"rendered":"T\u0142um ludzi przed budynkiem szko\u0142y przy ul. Mi\u0144skiej w Warszawie i narastaj\u0105cy niepok\u00f3j \u2014 tak wygl\u0105da\u0142y pierwsze chwile po og\u0142oszeniu alarmu i zarz\u0105dzonej \n<a class=\"moretag\" href=\"https:\/\/swiat24.pl.ua\/?p=33558\"> [...]<\/a>","protected":false},"author":1,"featured_media":33560,"comment_status":"open","ping_status":"open","sticky":false,"template":"","format":"standard","meta":{"footnotes":""},"categories":[1],"tags":[],"class_list":["post-33558","post","type-post","status-publish","format-standard","has-post-thumbnail","hentry","category-blog"],"_links":{"self":[{"href":"https:\/\/swiat24.pl.ua\/index.php?rest_route=\/wp\/v2\/posts\/33558","targetHints":{"allow":["GET"]}}],"collection":[{"href":"https:\/\/swiat24.pl.ua\/index.php?rest_route=\/wp\/v2\/posts"}],"about":[{"href":"https:\/\/swiat24.pl.ua\/index.php?rest_route=\/wp\/v2\/types\/post"}],"author":[{"embeddable":true,"href":"https:\/\/swiat24.pl.ua\/index.php?rest_route=\/wp\/v2\/users\/1"}],"replies":[{"embeddable":true,"href":"https:\/\/swiat24.pl.ua\/index.php?rest_route=%2Fwp%2Fv2%2Fcomments&post=33558"}],"version-history":[{"count":1,"href":"https:\/\/swiat24.pl.ua\/index.php?rest_route=\/wp\/v2\/posts\/33558\/revisions"}],"predecessor-version":[{"id":33559,"href":"https:\/\/swiat24.pl.ua\/index.php?rest_route=\/wp\/v2\/posts\/33558\/revisions\/33559"}],"wp:featuredmedia":[{"embeddable":true,"href":"https:\/\/swiat24.pl.ua\/index.php?rest_route=\/wp\/v2\/media\/33560"}],"wp:attachment":[{"href":"https:\/\/swiat24.pl.ua\/index.php?rest_route=%2Fwp%2Fv2%2Fmedia&parent=33558"}],"wp:term":[{"taxonomy":"category","embeddable":true,"href":"https:\/\/swiat24.pl.ua\/index.php?rest_route=%2Fwp%2Fv2%2Fcategories&post=33558"},{"taxonomy":"post_tag","embeddable":true,"href":"https:\/\/swiat24.pl.ua\/index.php?rest_route=%2Fwp%2Fv2%2Ftags&post=33558"}],"curies":[{"name":"wp","href":"https:\/\/api.w.org\/{rel}","templated":true}]}}