{"id":33511,"date":"2026-09-04T12:45:22","date_gmt":"2026-09-04T12:45:22","guid":{"rendered":"https:\/\/swiat24.pl.ua\/?p=33511"},"modified":"2026-09-04T12:45:23","modified_gmt":"2026-09-04T12:45:23","slug":"lille-niemowle-ktore-mialo-zaledwie-kilka-dni-zmarlo-na-oddziale-polozniczym-po-tym-jak-zajela-sie-nim-6-letnia-dziewczynka","status":"publish","type":"post","link":"https:\/\/swiat24.pl.ua\/?p=33511","title":{"rendered":"Lille: Niemowl\u0119, kt\u00f3re mia\u0142o zaledwie kilka dni, zmar\u0142o na oddziale po\u0142o\u017cniczym po tym, jak zaj\u0119\u0142a si\u0119 nim 6-letnia dziewczynka"},"content":{"rendered":"\n<p class=\"wp-block-paragraph\">Niewyobra\u017calna tragedia wstrz\u0105sn\u0119\u0142a oddzia\u0142em po\u0142o\u017cniczym Jeanne de Flandre w Szpitalu Uniwersyteckim w Lille, gdzie pi\u0119ciodniowe niemowl\u0119 zmar\u0142o po tym, jak zajmowa\u0142o si\u0119 nim sze\u015bcioletnie dziecko.<\/p>\n\n\n\n<p class=\"wp-block-paragraph\"> Incydent, do kt\u00f3rego dosz\u0142o w pi\u0105tek, 11 lipca, spowodowa\u0142 natychmiastowe wszcz\u0119cie \u015bledztwa, potwierdzonego przez prokuratur\u0119 w Lille, w celu wyja\u015bnienia okoliczno\u015bci tej tragedii.<\/p>\n\n\n\n<p class=\"wp-block-paragraph\">1\/11 Tragiczny incydent na oddziale po\u0142o\u017cniczym11 lipca na oddziale po\u0142o\u017cniczym Jeanne de Flandre w Szpitalu Uniwersyteckim w Lille dosz\u0142o do tragicznego incydentu. Pi\u0119ciodniowe niemowl\u0119 zmar\u0142o, gdy zaj\u0119\u0142o si\u0119 nim sze\u015bcioletnie dziecko, co doprowadzi\u0142o do \u015bmiertelnego upadku.<\/p>\n\n\n\n<figure class=\"wp-block-image is-resized\"><img decoding=\"async\" src=\"https:\/\/cdn.viepratique.fr\/wp-content\/uploads\/viepratique\/2025\/10\/incident-tragique-a-la-maternite-400x220.jpg\" alt=\"\" style=\"aspect-ratio:1.8181818181818181;width:800px;height:auto\"\/><\/figure>\n\n\n\n<p class=\"wp-block-paragraph\">2\/11 Rozpaczliwe wysi\u0142ki na oddziale intensywnej terapiiPersonel medyczny pr\u00f3bowa\u0142 uratowa\u0107 ma\u0142\u0105 Zayneb na oddziale intensywnej terapii, ale dziewczynka zmar\u0142a na skutek powa\u017cnego uszkodzenia m\u00f3zgu, co pozostawi\u0142o rodzin\u0119 w szoku i oszo\u0142omieniu.<\/p>\n\n\n\n<figure class=\"wp-block-image is-resized\"><img decoding=\"async\" src=\"https:\/\/cdn.viepratique.fr\/wp-content\/uploads\/viepratique\/2025\/10\/efforts-desesperes-en-reanimation-400x220.jpg\" alt=\"\" style=\"aspect-ratio:1.8181818181818181;width:800px;height:auto\"\/><\/figure>\n\n\n\n<p class=\"wp-block-paragraph\">3\/11 Zak\u0142\u00f3cenia spowodowane przez dzieckoObecno\u015b\u0107 sze\u015bcioletniego dziecka na oddziale budzi\u0142a w\u0105tpliwo\u015bci, zw\u0142aszcza po tym, jak powodowa\u0142o ono zak\u0142\u00f3cenia w pracy oddzia\u0142u, od\u0142\u0105czaj\u0105c elektrody.<\/p>\n\n\n\n<figure class=\"wp-block-image is-resized\"><img decoding=\"async\" src=\"https:\/\/cdn.viepratique.fr\/wp-content\/uploads\/viepratique\/2025\/10\/perturbations-causees-par-un-enfant-400x220.jpg\" alt=\"\" style=\"aspect-ratio:1.8181818181818181;width:800px;height:auto\"\/><\/figure>\n\n\n\n<p class=\"wp-block-paragraph\">4\/11 Wniosek o przeprowadzenie \u015bledztwa i sekcji zw\u0142okSzpital Uniwersytecki w Lille zwr\u00f3ci\u0142 si\u0119 do prokuratury z pro\u015bb\u0105 o przeprowadzenie \u015bledztwa i okre\u015bli\u0142 zdarzenie jako powa\u017cne. W celu ustalenia przyczyn zgonu zlecono r\u00f3wnie\u017c sekcj\u0119 zw\u0142ok.<\/p>\n\n\n\n<figure class=\"wp-block-image is-resized\"><img decoding=\"async\" src=\"https:\/\/cdn.viepratique.fr\/wp-content\/uploads\/viepratique\/2025\/10\/demande-denquete-et-autopsie-400x220.jpg\" alt=\"\" style=\"aspect-ratio:1.8181818181818181;width:800px;height:auto\"\/><\/figure>\n\n\n\n<p class=\"wp-block-paragraph\">5\/11 Apel rodziny o \u015bwiadk\u00f3wRodzina ofiary zwr\u00f3ci\u0142a si\u0119 do \u015bwiadk\u00f3w z pro\u015bb\u0105 o dostarczenie dodatkowych informacji i wyrazi\u0142a obawy dotycz\u0105ce bezpiecze\u0144stwa w szpitalu.<\/p>\n\n\n\n<figure class=\"wp-block-image is-resized\"><img decoding=\"async\" src=\"https:\/\/cdn.viepratique.fr\/wp-content\/uploads\/viepratique\/2025\/10\/appel-a-temoins-de-la-famille-400x220.jpg\" alt=\"\" style=\"aspect-ratio:1.8181818181818181;width:800px;height:auto\"\/><\/figure>\n\n\n\n<p class=\"wp-block-paragraph\">6\/11 Prokurator potwierdza \u015bledztwoProkurator potwierdzi\u0142, \u017ce sze\u015bcioletnie dziecko by\u0142o widziane w pobli\u017cu \u0142\u00f3\u017ceczka, a \u015bledztwo w sprawie ustalenia odpowiedzialno\u015bci jest w toku.<\/p>\n\n\n\n<figure class=\"wp-block-image is-resized\"><img decoding=\"async\" src=\"https:\/\/cdn.viepratique.fr\/wp-content\/uploads\/viepratique\/2025\/10\/confirmation-de-lenquete-par-la-procureure-400x220.jpg\" alt=\"\" style=\"aspect-ratio:1.8181818181818181;width:800px;height:auto\"\/><\/figure>\n\n\n\n<p class=\"wp-block-paragraph\">7\/11 Rodzina domaga si\u0119 sprawiedliwo\u015bciPogr\u0105\u017cona w \u017ca\u0142obie rodzina pragnie z\u0142o\u017cy\u0107 skarg\u0119 i ma nadziej\u0119, \u017ce \u015bledztwo wyka\u017ce niedoci\u0105gni\u0119cia w zabezpieczeniach szpitala.<\/p>\n\n\n\n<figure class=\"wp-block-image is-resized\"><img decoding=\"async\" src=\"https:\/\/cdn.viepratique.fr\/wp-content\/uploads\/viepratique\/2025\/10\/la-famille-cherche-justice-400x220.jpg\" alt=\"\" style=\"aspect-ratio:1.8181818181818181;width:800px;height:auto\"\/><\/figure>\n\n\n\n<p class=\"wp-block-paragraph\">8\/11 Wsp\u00f3\u0142praca i \u015brodki bezpiecze\u0144stwaSzpital Uniwersytecki w Lille obieca\u0142 wsp\u00f3\u0142prac\u0119 z w\u0142adzami i og\u0142osi\u0142 tymczasowe \u015brodki maj\u0105ce na celu wzmocnienie bezpiecze\u0144stwa na oddziale neonatologicznym.<\/p>\n\n\n\n<figure class=\"wp-block-image is-resized\"><img decoding=\"async\" src=\"https:\/\/cdn.viepratique.fr\/wp-content\/uploads\/viepratique\/2025\/10\/cooperation-et-mesures-de-securite-400x220.jpg\" alt=\"\" style=\"aspect-ratio:1.8181818181818181;width:800px;height:auto\"\/><\/figure>\n\n\n\n<p class=\"wp-block-paragraph\">Emocje zwi\u0105zane z 11 wrze\u015bnia w spo\u0142eczno\u015bci szpitalnejIncydent ten poruszy\u0142 spo\u0142eczno\u015b\u0107 szpitaln\u0105, a pracownicy s\u0142u\u017cby zdrowia potwierdzaj\u0105 swoje zaanga\u017cowanie w zapewnienie bezpiecze\u0144stwa pacjent\u00f3w.<\/p>\n\n\n\n<figure class=\"wp-block-image is-resized\"><img decoding=\"async\" src=\"https:\/\/cdn.viepratique.fr\/wp-content\/uploads\/viepratique\/2025\/10\/emotion-dans-la-communaute-hospitaliere-400x220.jpg\" alt=\"\" style=\"aspect-ratio:1.8181818181818181;width:800px;height:auto\"\/><\/figure>\n\n\n\n<p class=\"wp-block-paragraph\">10\/11 \u015aledztwo w sprawie nieudanego nadzoruW\u0142adze staraj\u0105 si\u0119 ustali\u0107, jak to mo\u017cliwe, \u017ce dziecko zosta\u0142o pozostawione bez opieki. Oczekuje si\u0119 r\u00f3wnie\u017c, \u017ce wyniki sekcji zw\u0142ok rzuc\u0105 nowe \u015bwiat\u0142o na \u015bledztwo.<\/p>\n\n\n\n<figure class=\"wp-block-image is-resized\"><img decoding=\"async\" src=\"https:\/\/cdn.viepratique.fr\/wp-content\/uploads\/viepratique\/2025\/10\/enquete-sur-la-surveillance-defaillante-400x220.jpg\" alt=\"\" style=\"aspect-ratio:1.8181818181818181;width:800px;height:auto\"\/><\/figure>\n\n\n\n<p class=\"wp-block-paragraph\">11\/11 Rodzina nadal walczy o sprawiedliwo\u015b\u0107Rodzina Zayneb nadal walczy o sprawiedliwo\u015b\u0107 i ma nadziej\u0119, \u017ce apel o zeznania \u015bwiadk\u00f3w pomo\u017ce rzuci\u0107 \u015bwiat\u0142o na t\u0119 tragedi\u0119.<\/p>\n\n\n\n<figure class=\"wp-block-image is-resized\"><img decoding=\"async\" src=\"https:\/\/cdn.viepratique.fr\/wp-content\/uploads\/viepratique\/2025\/10\/la-famille-persiste-dans-sa-quete-de-justice-400x220.jpg\" alt=\"\" style=\"aspect-ratio:1.8181818181818181;width:800px;height:auto\"\/><\/figure>\n","protected":false},"excerpt":{"rendered":"Niewyobra\u017calna tragedia wstrz\u0105sn\u0119\u0142a oddzia\u0142em po\u0142o\u017cniczym Jeanne de Flandre w Szpitalu Uniwersyteckim w Lille, gdzie pi\u0119ciodniowe niemowl\u0119 zmar\u0142o po tym, jak zajmowa\u0142o si\u0119 nim \n<a class=\"moretag\" href=\"https:\/\/swiat24.pl.ua\/?p=33511\"> [...]<\/a>","protected":false},"author":1,"featured_media":33512,"comment_status":"open","ping_status":"open","sticky":false,"template":"","format":"standard","meta":{"footnotes":""},"categories":[1],"tags":[],"class_list":["post-33511","post","type-post","status-publish","format-standard","has-post-thumbnail","hentry","category-blog"],"_links":{"self":[{"href":"https:\/\/swiat24.pl.ua\/index.php?rest_route=\/wp\/v2\/posts\/33511","targetHints":{"allow":["GET"]}}],"collection":[{"href":"https:\/\/swiat24.pl.ua\/index.php?rest_route=\/wp\/v2\/posts"}],"about":[{"href":"https:\/\/swiat24.pl.ua\/index.php?rest_route=\/wp\/v2\/types\/post"}],"author":[{"embeddable":true,"href":"https:\/\/swiat24.pl.ua\/index.php?rest_route=\/wp\/v2\/users\/1"}],"replies":[{"embeddable":true,"href":"https:\/\/swiat24.pl.ua\/index.php?rest_route=%2Fwp%2Fv2%2Fcomments&post=33511"}],"version-history":[{"count":1,"href":"https:\/\/swiat24.pl.ua\/index.php?rest_route=\/wp\/v2\/posts\/33511\/revisions"}],"predecessor-version":[{"id":33513,"href":"https:\/\/swiat24.pl.ua\/index.php?rest_route=\/wp\/v2\/posts\/33511\/revisions\/33513"}],"wp:featuredmedia":[{"embeddable":true,"href":"https:\/\/swiat24.pl.ua\/index.php?rest_route=\/wp\/v2\/media\/33512"}],"wp:attachment":[{"href":"https:\/\/swiat24.pl.ua\/index.php?rest_route=%2Fwp%2Fv2%2Fmedia&parent=33511"}],"wp:term":[{"taxonomy":"category","embeddable":true,"href":"https:\/\/swiat24.pl.ua\/index.php?rest_route=%2Fwp%2Fv2%2Fcategories&post=33511"},{"taxonomy":"post_tag","embeddable":true,"href":"https:\/\/swiat24.pl.ua\/index.php?rest_route=%2Fwp%2Fv2%2Ftags&post=33511"}],"curies":[{"name":"wp","href":"https:\/\/api.w.org\/{rel}","templated":true}]}}