{"id":33502,"date":"2026-09-04T11:58:03","date_gmt":"2026-09-04T11:58:03","guid":{"rendered":"https:\/\/swiat24.pl.ua\/?p=33502"},"modified":"2026-09-04T11:58:04","modified_gmt":"2026-09-04T11:58:04","slug":"prawie-nikt-nie-rozpoznaje-tej-dziewczyny-na-zdjeciu-archiwalnym-a-przeciez-jest-ona-corka-legendarnego-piosenkarza","status":"publish","type":"post","link":"https:\/\/swiat24.pl.ua\/?p=33502","title":{"rendered":"Prawie nikt nie rozpoznaje tej dziewczyny na zdj\u0119ciu archiwalnym \u2013 a przecie\u017c jest ona c\u00f3rk\u0105 legendarnego piosenkarza."},"content":{"rendered":"\n<p class=\"wp-block-paragraph\">Archiwalne zdj\u0119cia celebryt\u00f3w regularnie pojawiaj\u0105 si\u0119 w sieci, wywo\u0142uj\u0105c debaty i spekulacje w\u015br\u00f3d u\u017cytkownik\u00f3w. <\/p>\n\n\n\n<p class=\"wp-block-paragraph\">Jedno z takich zdj\u0119\u0107 przedstawia m\u0142od\u0105 kobiet\u0119, w kt\u00f3rej nie wszyscy od razu rozpoznaj\u0105 przysz\u0142\u0105 gwiazd\u0119 sceny i telewizji. Wielu przyznaje, \u017ce trudno im uwierzy\u0107, \u017ce patrz\u0105 na osob\u0119, kt\u00f3ra po latach stanie si\u0119 s\u0142awn\u0105 artystk\u0105.<\/p>\n\n\n\n<p class=\"wp-block-paragraph\">Zdj\u0119cie przedstawia spadkobierczyni\u0119 legendarnej piosenkarki Edity Piekha, kt\u00f3rej nazwisko od dawna jest symbolem popkultury. Jej c\u00f3rka, Ilona Broniewicka, wytyczy\u0142a sobie w\u0142asn\u0105 drog\u0119 tw\u00f3rcz\u0105 i zbudowa\u0142a karier\u0119 w muzyce, filmie i telewizji.<\/p>\n\n\n\n<p class=\"wp-block-paragraph\">Zdj\u0119cia przedstawiaj\u0105 m\u0142od\u0105 Ilon\u0119 Broniewick\u0105, c\u00f3rk\u0119 s\u0142ynnej Edity Stanis\u0142awownej. Dzi\u015b publiczno\u015b\u0107 zna j\u0105 jako piosenkark\u0119, aktork\u0119 i prezenterk\u0119 telewizyjn\u0105, ale jej droga do s\u0142awy rozpocz\u0119\u0142a si\u0119 ju\u017c w m\u0142odo\u015bci, od pierwszych wyst\u0119p\u00f3w na ekranie.<\/p>\n\n\n\n<p class=\"wp-block-paragraph\">U\u017cytkownicy zauwa\u017caj\u0105, \u017ce w m\u0142odo\u015bci Ilona wygl\u0105da\u0142a zupe\u0142nie inaczej ni\u017c teraz. Dorastaj\u0105c, odnalaz\u0142a sw\u00f3j w\u0142asny styl, rozwin\u0119\u0142a \u017cyw\u0105 osobowo\u015b\u0107 sceniczn\u0105 i pewnie ugruntowa\u0142a swoj\u0105 pozycj\u0119 w \u015bwiecie kreatywnym.<\/p>\n\n\n\n<p class=\"wp-block-paragraph\">Od wczesnego dzieci\u0144stwa Ilona Broniewicka by\u0142a otoczona sztuk\u0105. Jako c\u00f3rka jednej z najs\u0142ynniejszych piosenkarek ZSRR, obserwowa\u0142a zar\u00f3wno scen\u0119, jak i kulisy \u017cycia artystycznego. To w du\u017cym stopniu wp\u0142yn\u0119\u0142o na jej przysz\u0142\u0105 karier\u0119.<\/p>\n\n\n\n<p class=\"wp-block-paragraph\">Eksplorowa\u0142a r\u00f3\u017cne dziedziny: gra\u0142a w filmach, wyst\u0119powa\u0142a na scenie i aktywnie pracowa\u0142a w telewizji. Jej charyzma i pewno\u015b\u0107 siebie pomog\u0142y jej wypracowa\u0107 sobie niezale\u017cn\u0105 pozycj\u0119 w bran\u017cy i nie pozosta\u0107 jedynie \u201ec\u00f3rk\u0105 celebryty\u201d.<\/p>\n\n\n\n<p class=\"wp-block-paragraph\">Stare fotografie cz\u0119sto wywo\u0142uj\u0105 gor\u0105ce dyskusje. U\u017cytkownicy zauwa\u017caj\u0105, jak bardzo zmieni\u0142 si\u0119 wygl\u0105d Ilony na przestrzeni lat, a wielu uwa\u017ca, \u017ce \u200b\u200bwiek jej sprzyja. Uwa\u017caj\u0105, \u017ce w okresie dojrza\u0142o\u015bci wygl\u0105da na bardziej pewn\u0105 siebie i harmonijn\u0105 ni\u017c w m\u0142odo\u015bci.<\/p>\n\n\n\n<p class=\"wp-block-paragraph\">Komentatorzy s\u0105 podzieleni: jedni podziwiaj\u0105 jej metamorfoz\u0119, inni por\u00f3wnuj\u0105 jej obecny wizerunek z m\u0142odszymi latami i zastanawiaj\u0105 si\u0119, jak naturalne by\u0142y te zmiany. Wi\u0119kszo\u015b\u0107 jednak zgadza si\u0119, \u017ce artystce uda\u0142o si\u0119 zachowa\u0107 indywidualno\u015b\u0107 i charyzm\u0119.<\/p>\n\n\n\n<p class=\"wp-block-paragraph\">Dorasta\u0142a w jednej z najs\u0142ynniejszych muzycznych rodzin w kraju.<br>Od dzieci\u0144stwa otacza\u0142a j\u0105 scena i ludzie kreatywni.<br>Pracowa\u0142a nie tylko jako piosenkarka, ale tak\u017ce jako prezenterka telewizyjna.<br>Bra\u0142a udzia\u0142 w r\u00f3\u017cnych projektach telewizyjnych i filmach.<br>Z czasem wypracowa\u0142a sw\u00f3j w\u0142asny, \u0142atwo rozpoznawalny styl.<br>Wed\u0142ug wielu fan\u00f3w, to w\u0142a\u015bnie do\u015bwiadczenia \u017cyciowe i ci\u0105g\u0142e samodoskonalenie pomog\u0142y jej nada\u0107 wizerunkowi \u017cywsz\u0105 i bardziej pewn\u0105 siebie osobowo\u015b\u0107.<\/p>\n\n\n\n<p class=\"wp-block-paragraph\">Archiwalne zdj\u0119cia Ilony Broniewickiej s\u0105 aktywnie komentowane w mediach spo\u0142eczno\u015bciowych. U\u017cytkownicy dziel\u0105 si\u0119 swoimi przemy\u015bleniami na temat zmian, jakie zasz\u0142y w artystce, por\u00f3wnuj\u0105 jej wczesne zdj\u0119cia z nowoczesnymi i dyskutuj\u0105 o tym, jak wiek wp\u0142yn\u0105\u0142 na jej wygl\u0105d.<\/p>\n\n\n\n<p class=\"wp-block-paragraph\">Niekt\u00f3rzy uwa\u017caj\u0105, \u017ce z czasem sta\u0142a si\u0119 bardziej elegancka, podczas gdy inni z nostalgi\u0105 wspominaj\u0105 jej m\u0142odo\u015b\u0107. Mimo to zainteresowanie ni\u0105 nie s\u0142abnie z biegiem lat.<\/p>\n\n\n\n<p class=\"wp-block-paragraph\">Historia Ilony Broniewickiej pokazuje, jak dziecko s\u0142awnych rodzic\u00f3w mo\u017ce wybra\u0107 w\u0142asn\u0105 drog\u0119 i zdoby\u0107 uznanie. Nawet pod ci\u0105g\u0142\u0105 presj\u0105 opinii publicznej zachowa\u0142a swoj\u0105 indywidualno\u015b\u0107 i kontynuowa\u0142a rodzinn\u0105 tradycj\u0119 tw\u00f3rcz\u0105.<\/p>\n\n\n\n<p class=\"wp-block-paragraph\">Jak my\u015blicie: czy Ilona Broniewicka przypomina swoj\u0105 matk\u0119, Edit\u0119 Piech\u0119? Podzielcie si\u0119 swoimi przemy\u015bleniami w komentarzach!<\/p>\n\n\n\n<p class=\"wp-block-paragraph\">Je\u015bli spodoba\u0142 Ci si\u0119 ten artyku\u0142, udost\u0119pnij go w mediach spo\u0142eczno\u015bciowych i zasubskrybuj, aby by\u0107 na bie\u017c\u0105co z nowymi, intryguj\u0105cymi tre\u015bciami i archiwalnymi historiami gwiazd!<\/p>\n","protected":false},"excerpt":{"rendered":"Archiwalne zdj\u0119cia celebryt\u00f3w regularnie pojawiaj\u0105 si\u0119 w sieci, wywo\u0142uj\u0105c debaty i spekulacje w\u015br\u00f3d u\u017cytkownik\u00f3w. Jedno z takich zdj\u0119\u0107 przedstawia m\u0142od\u0105 kobiet\u0119, w kt\u00f3rej \n<a class=\"moretag\" href=\"https:\/\/swiat24.pl.ua\/?p=33502\"> [...]<\/a>","protected":false},"author":1,"featured_media":33503,"comment_status":"open","ping_status":"open","sticky":false,"template":"","format":"standard","meta":{"footnotes":""},"categories":[1],"tags":[],"class_list":["post-33502","post","type-post","status-publish","format-standard","has-post-thumbnail","hentry","category-blog"],"_links":{"self":[{"href":"https:\/\/swiat24.pl.ua\/index.php?rest_route=\/wp\/v2\/posts\/33502","targetHints":{"allow":["GET"]}}],"collection":[{"href":"https:\/\/swiat24.pl.ua\/index.php?rest_route=\/wp\/v2\/posts"}],"about":[{"href":"https:\/\/swiat24.pl.ua\/index.php?rest_route=\/wp\/v2\/types\/post"}],"author":[{"embeddable":true,"href":"https:\/\/swiat24.pl.ua\/index.php?rest_route=\/wp\/v2\/users\/1"}],"replies":[{"embeddable":true,"href":"https:\/\/swiat24.pl.ua\/index.php?rest_route=%2Fwp%2Fv2%2Fcomments&post=33502"}],"version-history":[{"count":1,"href":"https:\/\/swiat24.pl.ua\/index.php?rest_route=\/wp\/v2\/posts\/33502\/revisions"}],"predecessor-version":[{"id":33504,"href":"https:\/\/swiat24.pl.ua\/index.php?rest_route=\/wp\/v2\/posts\/33502\/revisions\/33504"}],"wp:featuredmedia":[{"embeddable":true,"href":"https:\/\/swiat24.pl.ua\/index.php?rest_route=\/wp\/v2\/media\/33503"}],"wp:attachment":[{"href":"https:\/\/swiat24.pl.ua\/index.php?rest_route=%2Fwp%2Fv2%2Fmedia&parent=33502"}],"wp:term":[{"taxonomy":"category","embeddable":true,"href":"https:\/\/swiat24.pl.ua\/index.php?rest_route=%2Fwp%2Fv2%2Fcategories&post=33502"},{"taxonomy":"post_tag","embeddable":true,"href":"https:\/\/swiat24.pl.ua\/index.php?rest_route=%2Fwp%2Fv2%2Ftags&post=33502"}],"curies":[{"name":"wp","href":"https:\/\/api.w.org\/{rel}","templated":true}]}}