{"id":33476,"date":"2026-09-03T14:41:04","date_gmt":"2026-09-03T14:41:04","guid":{"rendered":"https:\/\/swiat24.pl.ua\/?p=33476"},"modified":"2026-09-03T14:41:05","modified_gmt":"2026-09-03T14:41:05","slug":"byla-1949-prowadzaca-wiadomosci-na-tvp-przekazala-tragiczna-wiadomosc-o-smierci-edwarda-linde-lubaszenko","status":"publish","type":"post","link":"https:\/\/swiat24.pl.ua\/?p=33476","title":{"rendered":"By\u0142a 19:49. Prowadz\u0105ca Wiadomo\u015bci na TVP przekaza\u0142a tragiczn\u0105 wiadomo\u015b\u0107 o \u015bmierci Edwarda Linde-Lubaszenko"},"content":{"rendered":"\n<p class=\"wp-block-paragraph\">O godzinie 19:49 widzowie\u00a0<em>Wiadomo\u015bci TVP<\/em>\u00a0us\u0142yszeli poruszaj\u0105c\u0105 informacj\u0119 od prowadz\u0105cej, Moniki Sawki: zmar\u0142 Edward Linde-Lubaszenko, ceniony aktor i pedagog. <\/p>\n\n\n\n<p class=\"wp-block-paragraph\">Na antenie wyemitowano kr\u00f3tki materia\u0142 przypominaj\u0105cy jego bogaty dorobek artystyczny oraz burzliwe losy osobiste. Wiadomo\u015b\u0107 ta natychmiast wstrz\u0105sn\u0119\u0142a widzami i \u015brodowiskiem teatralnym.<\/p>\n\n\n\n<p class=\"wp-block-paragraph\"><a href=\"https:\/\/widgets.mgid.com\/ru\/?utm_source=aktualnosci.pl.ua&amp;utm_medium=referral&amp;utm_campaign=widgets&amp;utm_content=1917164\" target=\"_blank\" rel=\"noopener\"><\/a><a href=\"https:\/\/www.mgid.com\/services\/privacy-policy\" target=\"_blank\" rel=\"noopener\"><\/a><\/p>\n\n\n\n<p class=\"wp-block-paragraph\"><a href=\"https:\/\/clck.mgid.com\/ghits\/26264569\/i\/62559328\/0\/pp\/1\/2?h=k5CIjjgu0VkMvZ7h9F3dQArFXDwdHitRoaZpL72FmMkSWqYkFprS967opiatRVpx2BIsCoEg9scOvuzFWlpNAp6I-AxgPVT3m5Yx8hBN7tT98GG5aE_oKvjxCwfQzgF7m3RqC72nOpgGDWG0Kl4-Hw**&amp;rid=1f559837-a7a5-11f1-b777-d404e677c390&amp;ts=l.facebook.com&amp;tt=Social&amp;att=1&amp;crid=26264569&amp;pubsrcid=eyeo&amp;cpm=1&amp;iv=17&amp;ct=6&amp;gdprApplies=0&amp;st=240&amp;mp4=1&amp;h2=D_NQLOCk-PI2mMV05howDOIti81CnU511ZPiuLbS4EsRX0lOcyCWP7-R5i6AIfWXBXiXVCdAHt7qNjHmD5WKtQ**&amp;ab_test_scenario=1625&amp;muid=q5gFHXxowkI3\" target=\"_blank\" rel=\"noopener\"><\/a><\/p>\n\n\n\n<h2 class=\"wp-block-heading\">Tragiczne wie\u015bci przekazane na antenie Wiadomo\u015bci TVP<\/h2>\n\n\n\n<h2 class=\"wp-block-heading\">Dzieci\u0144stwo i niezwyk\u0142e pocz\u0105tki \u017cycia Edwarda Linde-Lubaszenko<\/h2>\n\n\n\n<p class=\"wp-block-paragraph\">W materiale&nbsp;<em>Wiadomo\u015bci TVP<\/em>&nbsp;przypomniano wczesne lata aktora i jego wyj\u0105tkowe dzieci\u0144stwo. Monika Sawka zaznaczy\u0142a, \u017ce Edward Linde-Lubaszenko urodzi\u0142 si\u0119 23 sierpnia 1939 roku w Bia\u0142ymstoku, a jego \u017cycie od najm\u0142odszych lat naznaczy\u0142y dramatyczne wydarzenia wojenne.<\/p>\n\n\n\n<p class=\"wp-block-paragraph\">Ojcem aktora by\u0142 Julian Linde \u2013 Niemiec o szwedzkich korzeniach, kt\u00f3ry w tym samym roku opu\u015bci\u0142 Bia\u0142ystok po zaj\u0119ciu miasta przez ZSRR. Dzieci\u0144stwo Edwarda nie by\u0142o zwyk\u0142e: w 1941 roku, maj\u0105c zaledwie dwa lata, wraz z matk\u0105 uda\u0142 si\u0119 do Archangielska dzi\u0119ki wsparciu radzieckiego kapitana Miko\u0142aja Lubaszenki. Rodzice podawali si\u0119 za cz\u0142onk\u00f3w jego rodziny, co pozwoli\u0142o im przetrwa\u0107 trudne lata wojny.<\/p>\n\n\n\n<p class=\"wp-block-paragraph\">Biologiczn\u0105 to\u017csamo\u015b\u0107 ojca aktor pozna\u0142 dopiero w doros\u0142ym \u017cyciu. W 1991 roku zdecydowa\u0142 si\u0119 po\u0142\u0105czy\u0107 oba w\u0105tki rodzinne, dodaj\u0105c do nazwiska cz\u0142on \u201eLinde\u201d.<\/p>\n\n\n\n<figure class=\"wp-block-image\"><img decoding=\"async\" src=\"https:\/\/images.iberion.media\/images\/origin\/1_d288302f9f.png\" alt=\"Edward Linde-Lubaszenko, fot. WAC\u0141AW KLAG\/REPORTER\"\/><figcaption class=\"wp-element-caption\">Edward Linde-Lubaszenko, fot. WAC\u0141AW KLAG\/REPORTER<\/figcaption><\/figure>\n\n\n\n<h2 class=\"wp-block-heading\">Droga aktorska oraz pasje sportowe Edwarda Linde-Lubaszenko<\/h2>\n\n\n\n<p class=\"wp-block-paragraph\">Edward Linde-Lubaszenko by\u0142 nie tylko znakomitym aktorem, ale tak\u017ce wybitnym pedagogiem, kt\u00f3ry przez dekady dzieli\u0142 si\u0119 wiedz\u0105 z pokoleniami student\u00f3w szk\u00f3\u0142 teatralnych. W \u017cyciu prywatnym ojcem aktora Olafa Lubaszenko i Beaty Linde-Lubaszenko, a jego codzienne \u017cycie nierozerwalnie splata\u0142o si\u0119 z teatrem i kinem.<\/p>\n\n\n\n<p class=\"wp-block-paragraph\">Poza sztuk\u0105 pasjonowa\u0142 si\u0119 sportem \u2013 pi\u0142ka no\u017cna by\u0142a jego wielk\u0105 mi\u0142o\u015bci\u0105, podobnie jak u syna. Przez pewien czas gra\u0142 w Reprezentacji Artyst\u00f3w Polskich, zr\u0119cznie godz\u0105\u0107 zami\u0142owanie do futbolu z \u017cyciem scenicznym.<\/p>\n\n\n\n<h2 class=\"wp-block-heading\">Dziedzictwo i wp\u0142yw Edwarda Linde-Lubaszenko na polsk\u0105 kultur\u0119<\/h2>\n\n\n\n<p class=\"wp-block-paragraph\">\u015amier\u0107 Edwarda Linde-Lubaszenko zamyka wa\u017cny rozdzia\u0142 w historii polskiego teatru i kina. Jego tw\u00f3rczo\u015b\u0107 wywar\u0142a trwa\u0142y wp\u0142yw na obie dziedziny. Przeszed\u0142 niezwyk\u0142\u0105 drog\u0119 \u2013 od wojennego dzieci\u0144stwa, przez odkrywanie to\u017csamo\u015bci rodzinnej, po wieloletni\u0105 karier\u0119 artystyczn\u0105 i pedagogiczn\u0105.<\/p>\n\n\n\n<p class=\"wp-block-paragraph\">Informacj\u0119 o \u015bmierci ojca potwierdzi\u0142 syn, Olaf Lubaszenko, co sta\u0142o si\u0119 dla fan\u00f3w i \u015brodowiska teatralnego momentem g\u0142\u0119bokiej refleksji i \u017ca\u0142oby. Kariera i pasje Edwarda pozostawi\u0142y niezatarty \u015blad, a pami\u0119\u0107 o nim przetrwa nie tylko w\u015br\u00f3d widz\u00f3w, lecz tak\u017ce w anna\u0142ach polskiej sztuki aktorskiej.<\/p>\n\n\n\n<blockquote class=\"wp-block-quote is-layout-flow wp-block-quote-is-layout-flow\">\n<p class=\"wp-block-paragraph\">Post udost\u0119pniony przez Olaf Lubaszenko (@lubaszenkoo) na Instagramie<\/p>\n<\/blockquote>\n","protected":false},"excerpt":{"rendered":"O godzinie 19:49 widzowie\u00a0Wiadomo\u015bci TVP\u00a0us\u0142yszeli poruszaj\u0105c\u0105 informacj\u0119 od prowadz\u0105cej, Moniki Sawki: zmar\u0142 Edward Linde-Lubaszenko, ceniony aktor i pedagog. Na antenie wyemitowano kr\u00f3tki materia\u0142 \n<a class=\"moretag\" href=\"https:\/\/swiat24.pl.ua\/?p=33476\"> [...]<\/a>","protected":false},"author":1,"featured_media":33477,"comment_status":"open","ping_status":"open","sticky":false,"template":"","format":"standard","meta":{"footnotes":""},"categories":[1],"tags":[],"class_list":["post-33476","post","type-post","status-publish","format-standard","has-post-thumbnail","hentry","category-blog"],"_links":{"self":[{"href":"https:\/\/swiat24.pl.ua\/index.php?rest_route=\/wp\/v2\/posts\/33476","targetHints":{"allow":["GET"]}}],"collection":[{"href":"https:\/\/swiat24.pl.ua\/index.php?rest_route=\/wp\/v2\/posts"}],"about":[{"href":"https:\/\/swiat24.pl.ua\/index.php?rest_route=\/wp\/v2\/types\/post"}],"author":[{"embeddable":true,"href":"https:\/\/swiat24.pl.ua\/index.php?rest_route=\/wp\/v2\/users\/1"}],"replies":[{"embeddable":true,"href":"https:\/\/swiat24.pl.ua\/index.php?rest_route=%2Fwp%2Fv2%2Fcomments&post=33476"}],"version-history":[{"count":1,"href":"https:\/\/swiat24.pl.ua\/index.php?rest_route=\/wp\/v2\/posts\/33476\/revisions"}],"predecessor-version":[{"id":33478,"href":"https:\/\/swiat24.pl.ua\/index.php?rest_route=\/wp\/v2\/posts\/33476\/revisions\/33478"}],"wp:featuredmedia":[{"embeddable":true,"href":"https:\/\/swiat24.pl.ua\/index.php?rest_route=\/wp\/v2\/media\/33477"}],"wp:attachment":[{"href":"https:\/\/swiat24.pl.ua\/index.php?rest_route=%2Fwp%2Fv2%2Fmedia&parent=33476"}],"wp:term":[{"taxonomy":"category","embeddable":true,"href":"https:\/\/swiat24.pl.ua\/index.php?rest_route=%2Fwp%2Fv2%2Fcategories&post=33476"},{"taxonomy":"post_tag","embeddable":true,"href":"https:\/\/swiat24.pl.ua\/index.php?rest_route=%2Fwp%2Fv2%2Ftags&post=33476"}],"curies":[{"name":"wp","href":"https:\/\/api.w.org\/{rel}","templated":true}]}}