{"id":33381,"date":"2026-09-02T10:59:04","date_gmt":"2026-09-02T10:59:04","guid":{"rendered":"https:\/\/swiat24.pl.ua\/?p=33381"},"modified":"2026-09-02T10:59:04","modified_gmt":"2026-09-02T10:59:04","slug":"strzelanina-pod-klobuckiem-34-letni-poszukiwany-w-rekach-policji-2","status":"publish","type":"post","link":"https:\/\/swiat24.pl.ua\/?p=33381","title":{"rendered":"Strzelanina pod K\u0142obuckiem. 34-letni poszukiwany w r\u0119kach policji"},"content":{"rendered":"\n<p class=\"wp-block-paragraph\">Policja zatrzyma\u0142a 34-letni napastnika, kt\u00f3ry postrzeli\u0142 39-latka w Iwanowicach Ma\u0142ych (woj. \u015bl\u0105skie).<\/p>\n\n\n\n<p class=\"wp-block-paragraph\">Od rana za m\u0119\u017cczyzn\u0105 trwa\u0142a ob\u0142awa s\u0142u\u017cb.<\/p>\n\n\n\n<hr class=\"wp-block-separator has-alpha-channel-opacity\"\/>\n\n\n\n<figure class=\"wp-block-image\"><img decoding=\"async\" src=\"https:\/\/i.iplsc.com\/000LF6DVQTTNUATD-C323-F4.webp\" alt=\"Radiow\u00f3z policyjny z w\u0142\u0105czonymi sygna\u0142ami \u015bwietlnymi stoi na wiejskiej drodze, odgrodzony ta\u015bm\u0105 policyjn\u0105, z polami i fragmentem pojazdu policyjnego w tle.\" title=\"Policja zatrzyma\u0142a 34-latka, kt\u00f3ry postrzeli\u0142 swojego krewnego\"\/><\/figure>\n\n\n\n<p class=\"wp-block-paragraph\">Policja zatrzyma\u0142a 34-latka, kt\u00f3ry postrzeli\u0142 swojego krewnegoPolicja \u015al\u0105skafacebook.com<\/p>\n\n\n\n<p class=\"wp-block-paragraph\"><a href=\"https:\/\/widgets.mgid.com\/ru\/?utm_source=story24.biz.ua&amp;utm_medium=referral&amp;utm_campaign=widgets&amp;utm_content=1917151\" target=\"_blank\" rel=\"noopener\"><\/a><a href=\"https:\/\/www.mgid.com\/services\/privacy-policy\" target=\"_blank\" rel=\"noopener\"><\/a><\/p>\n\n\n\n<p class=\"wp-block-paragraph\"><a href=\"https:\/\/clck.mgid.com\/ghits\/26264569\/i\/62559315\/0\/pp\/1\/1?h=xCa7RuiqIvEVQddjJtVI6IfJTpKvAk_FW-UqsJLq4w_5JJX0D-qCqGGGZE8W27Ff2BIsCoEg9scOvuzFWlpNAmPMMlcWXfU9aOtWoWad5T798GG5aE_oKvjxCwfQzgF76-SNqxqjnCKamc0NA5Fdfw**&amp;rid=341fccd7-a6bd-11f1-b915-c4cbe1e8e6e2&amp;tt=Direct&amp;att=3&amp;crid=26264569&amp;pubsrcid=eyeo&amp;cpm=1&amp;abd=1&amp;iv=17&amp;ct=6&amp;gdprApplies=0&amp;st=240&amp;mp4=1&amp;h2=D_NQLOCk-PI2mMV05howDIdlX_VZPSSO8bMilp2LFgrX-0kOVyeE14tvlr9ICNS2epk-IiWs3br6bwxqt8LxNA**&amp;k=1917151fc*f!faBh1QLsfaBh1WNHfMDI4ZDU5ZDJjOTczNDE1NjBhN2Y1M2RkMWQ1Y2Y1Mjk%3DfNDI3*DE2Ng%3D%3Df!fNRwW3%24fS%24fdW5kZWZpbmVkf!fdW5kZWZpbmVkf%2C*f%2C*ffQf%3AfaHR0cHM6Ly9zdG9yeTI0LmJpei51Y%248%2FcD0yNzkxNyZmYmNsaWQ9%24XdZMnhqYXdVRTRGNXdaRzltQVdWNGRHNERZV1Z0QWpFd0FH%24nlhV1F%24TVRWVmJrRnpOWEZMVEVOTFFqWTBkWEJ6Y25%24akJtRndjRjlwWkJBeU1q%24XdNemt4TnpnNE1qQXdPRGt5QUFFZTczbU1y%24kFBaHNsOC1aMUZjU2psOGI2ajU4MUZnVWNTQk1iQ2RMNVo4Yzd%24cXJndnZIaEgtbnBJdDJFX2FlbV9PZHd6TGk1am5meHk5THU5bGZiaWlRfffU~fNDI3*DE2NjZ8MzI1*DE2Mjk%3DfNA%3D%3Df%3Bf!fcfMTI1*DIyM3wyMTN8MTI4fYAfNgff!fTW96aWxsY%2481LjAgKFdpbmRvd3MgTlQgMTAuMDsgV2luNjQ7IHg2NCkgQXBwbGVXZWJLaXQvNTM3LjM2IChL%24FRNTCwgbGlrZ%24BHZWNrbykgQ2hyb21lLzE1Mi4wLjAuMCBTYWZhcmkvNTM3LjM2fUERGVmlld2Vy*ENocm9tZVBERlZpZXdlcnxDaHJvbWl1bVBERlZpZXdlcnxNaWNyb3NvZnRFZGdlUERGVmlld2Vy*FdlYktpdGJ1aWx0LWluUERGf!fV2luMzI%3DfMjQwfMXw5Mg%3D%3DfMTUzNnw4MTY%3DfdW5rbm93bnw0Z3wwf!f!fQfILQZY~fCf*(aZQLQ%3D&amp;wrst=1788346720&amp;muid=q5gFHXxowkI3\" target=\"_blank\" rel=\"noopener\"><\/a><\/p>\n\n\n\n<p class=\"wp-block-paragraph\">Do strzelaniny dosz\u0142o we wtorek oko\u0142o godziny 9:20 w miejscowo\u015bci Iwanowice Ma\u0142e w pobli\u017cu K\u0142obucka.<\/p>\n\n\n\n<p class=\"wp-block-paragraph\">\u2013 Po godzinie 9 policja otrzyma\u0142a zg\u0142oszenie o postrzeleniu m\u0119\u017cczyzny. Funkcjonariusze po przybyciu na miejsce potwierdzili, \u017ce dosz\u0142o do zdarzenia \u2013 powiedzia\u0142a&nbsp;<strong>Interii st. asp. Joanna Wi\u0105cek-G\u0142owacz z k\u0142obuckiej policji<\/strong>.<\/p>\n\n\n\n<h2 class=\"wp-block-heading\">Iwanowice Ma\u0142e. Policja prowadzi\u0142a ob\u0142aw\u0119 za napastnikiem<\/h2>\n\n\n\n<hr class=\"wp-block-separator has-alpha-channel-opacity\"\/>\n\n\n\n<p class=\"wp-block-paragraph\">Rzeczniczka przekaza\u0142a, \u017ce postrzelony zosta\u0142 39-letni m\u0119\u017cczyzna, mieszkaniec Iwanowic Ma\u0142ych. Po zdarzeniu zosta\u0142 przewieziony do szpitala. \u2013 Otrzymali\u015bmy informacj\u0119, \u017ce jego stan jest stabilny \u2013 doda\u0142a.<\/p>\n\n\n\n<p class=\"wp-block-paragraph\">Za sprawc\u0105 ruszy\u0142 policyjny po\u015bcig. W operacj\u0119 zaanga\u017cowani byli funkcjonariusze z K\u0142obucka, Cz\u0119stochowy i Katowic.<\/p>\n\n\n\n<p class=\"wp-block-paragraph\">Chwil\u0119 przed godz. 14<strong>&nbsp;\u015bl\u0105ska policja poinformowa\u0142a, \u017ce zatrzyma\u0142a poszukiwanego 34-latka<\/strong>.<\/p>\n\n\n\n<p class=\"wp-block-paragraph\">Jak ustali\u0142a Interia, napastnik i postrzelony s\u0105 spokrewnieni.<\/p>\n\n\n\n<h2 class=\"wp-block-heading\">Zobacz r\u00f3wnie\u017c:<\/h2>\n\n\n\n<hr class=\"wp-block-separator has-alpha-channel-opacity\"\/>\n\n\n\n<p class=\"wp-block-paragraph\"><a href=\"https:\/\/wydarzenia.interia.pl\/slaskie\/news-oblawa-po-strzelaninie-w-slaskiem-prosimy-o-pozostanie-w-dom,nId,22172026\"><\/a><\/p>\n\n\n\n<figure class=\"wp-block-image\"><a class=\"ids-undecorated-link ids-card__anchor ids-card__anchor--horizontal\" href=\"https:\/\/wydarzenia.interia.pl\/slaskie\/news-oblawa-po-strzelaninie-w-slaskiem-prosimy-o-pozostanie-w-dom,nId,22172026\"><img decoding=\"async\" src=\"https:\/\/i.iplsc.com\/000LF3AYKAQU3U3V-C401.webp\" alt=\"Strzelanina w pobli\u017cu K\u0142obucka. 39-letni m\u0119\u017cczyzna w szpitalu\"\/><\/a><\/figure>\n","protected":false},"excerpt":{"rendered":"Policja zatrzyma\u0142a 34-letni napastnika, kt\u00f3ry postrzeli\u0142 39-latka w Iwanowicach Ma\u0142ych (woj. \u015bl\u0105skie). Od rana za m\u0119\u017cczyzn\u0105 trwa\u0142a ob\u0142awa s\u0142u\u017cb. Policja zatrzyma\u0142a 34-latka, kt\u00f3ry \n<a class=\"moretag\" href=\"https:\/\/swiat24.pl.ua\/?p=33381\"> [...]<\/a>","protected":false},"author":1,"featured_media":33382,"comment_status":"open","ping_status":"open","sticky":false,"template":"","format":"standard","meta":{"footnotes":""},"categories":[1],"tags":[],"class_list":["post-33381","post","type-post","status-publish","format-standard","has-post-thumbnail","hentry","category-blog"],"_links":{"self":[{"href":"https:\/\/swiat24.pl.ua\/index.php?rest_route=\/wp\/v2\/posts\/33381","targetHints":{"allow":["GET"]}}],"collection":[{"href":"https:\/\/swiat24.pl.ua\/index.php?rest_route=\/wp\/v2\/posts"}],"about":[{"href":"https:\/\/swiat24.pl.ua\/index.php?rest_route=\/wp\/v2\/types\/post"}],"author":[{"embeddable":true,"href":"https:\/\/swiat24.pl.ua\/index.php?rest_route=\/wp\/v2\/users\/1"}],"replies":[{"embeddable":true,"href":"https:\/\/swiat24.pl.ua\/index.php?rest_route=%2Fwp%2Fv2%2Fcomments&post=33381"}],"version-history":[{"count":1,"href":"https:\/\/swiat24.pl.ua\/index.php?rest_route=\/wp\/v2\/posts\/33381\/revisions"}],"predecessor-version":[{"id":33383,"href":"https:\/\/swiat24.pl.ua\/index.php?rest_route=\/wp\/v2\/posts\/33381\/revisions\/33383"}],"wp:featuredmedia":[{"embeddable":true,"href":"https:\/\/swiat24.pl.ua\/index.php?rest_route=\/wp\/v2\/media\/33382"}],"wp:attachment":[{"href":"https:\/\/swiat24.pl.ua\/index.php?rest_route=%2Fwp%2Fv2%2Fmedia&parent=33381"}],"wp:term":[{"taxonomy":"category","embeddable":true,"href":"https:\/\/swiat24.pl.ua\/index.php?rest_route=%2Fwp%2Fv2%2Fcategories&post=33381"},{"taxonomy":"post_tag","embeddable":true,"href":"https:\/\/swiat24.pl.ua\/index.php?rest_route=%2Fwp%2Fv2%2Ftags&post=33381"}],"curies":[{"name":"wp","href":"https:\/\/api.w.org\/{rel}","templated":true}]}}