{"id":33255,"date":"2026-08-30T13:17:18","date_gmt":"2026-08-30T13:17:18","guid":{"rendered":"https:\/\/swiat24.pl.ua\/?p=33255"},"modified":"2026-08-30T13:17:18","modified_gmt":"2026-08-30T13:17:18","slug":"od-geniusza-do-symbolu-epoki-historia-ktora-wciaz-budzi-kontrowersje","status":"publish","type":"post","link":"https:\/\/swiat24.pl.ua\/?p=33255","title":{"rendered":"Od geniusza do symbolu epoki: historia, kt\u00f3ra wci\u0105\u017c budzi kontrowersje"},"content":{"rendered":"\n<p class=\"wp-block-paragraph\">Przez dekady jego nazwisko by\u0142o znane w ca\u0142ym kraju i daleko poza nim, a jego \u017cycie by\u0142o pe\u0142ne wydarze\u0144, kontrowersji i prze\u0142omowych wybor\u00f3w. P\u00f3\u017an\u0105 zim\u0105 2015 roku jego \u017cycie dobieg\u0142o nag\u0142ego i tragicznego ko\u0144ca w samym centrum stolicy, gdzie codziennie przechodz\u0105 tysi\u0105ce ludzi.<\/p>\n\n\n\n<p class=\"wp-block-paragraph\">Tego wieczoru nic nie zapowiada\u0142o katastrofy: szed\u0142 przez most z przyjacielem, rozmawiaj\u0105c o najzwyklejszych sprawach. Jednak w ci\u0105gu kilku chwil spokojny spacer przerodzi\u0142 si\u0119 w tragedi\u0119, szokuj\u0105c spo\u0142ecze\u0144stwo i wywo\u0142uj\u0105c burzliw\u0105 debat\u0119 w Rosji i za granic\u0105.<\/p>\n\n\n\n<p class=\"wp-block-paragraph\">Wydarzenia tamtej nocy s\u0105 do dzi\u015b przedmiotem bada\u0144, analiz i dyskusji. Sta\u0142y si\u0119 symbolem nie tylko osobistego \u017calu, ale tak\u017ce punktu zwrotnego w historii.<\/p>\n\n\n\n<p class=\"wp-block-paragraph\">Dorasta\u0142 w wykszta\u0142conej rodzinie, ceni\u0105cej kultur\u0119 i wiedz\u0119. Jego ojciec piastowa\u0142 wysokie stanowisko w administracji pa\u0144stwowej, ale nie by\u0142 najwa\u017cniejsz\u0105 postaci\u0105 w wychowaniu syna.<\/p>\n\n\n\n<p class=\"wp-block-paragraph\">Najwi\u0119kszy wp\u0142yw na niego wywar\u0142a matka, lekarka, kt\u00f3ra po\u015bwi\u0119ci\u0142a \u017cycie pomaganiu ludziom. Jej silna wola, dyscyplina i odpowiedzialno\u015b\u0107 ukszta\u0142towa\u0142y jego szacunek dla wiedzy, ch\u0119\u0107 rozwoju i zdolno\u015b\u0107 do osi\u0105gania cel\u00f3w.<\/p>\n\n\n\n<p class=\"wp-block-paragraph\">Od dzieci\u0144stwa by\u0142 bardzo dociekliwy, interesowa\u0142 si\u0119 otaczaj\u0105cym go \u015bwiatem i zadawa\u0142 pytania, na kt\u00f3re nie zawsze by\u0142o proste odpowiedzi.<\/p>\n\n\n\n<p class=\"wp-block-paragraph\">Po rozstaniu rodzic\u00f3w matka i syn przeprowadzili si\u0119 do innego miasta, rozpoczynaj\u0105c nowy rozdzia\u0142 w \u017cyciu. Okres ten mia\u0142 znacz\u0105cy wp\u0142yw na rozw\u00f3j jego charakteru.<\/p>\n\n\n\n<p class=\"wp-block-paragraph\">W szkole wyr\u00f3\u017cnia\u0142 si\u0119 szczeg\u00f3lnie w przedmiotach \u015bcis\u0142ych. Jego niezale\u017cno\u015b\u0107 i krytyczne my\u015blenie cz\u0119sto jednak prowadzi\u0142y do \u200b\u200bkonflikt\u00f3w z nauczycielami.<\/p>\n\n\n\n<p class=\"wp-block-paragraph\">Otwarcie wyra\u017ca\u0142 swoje my\u015bli, nawet gdy jego pogl\u0105dy odbiega\u0142y od powszechnie przyj\u0119tych. Te w\u0142a\u015bnie cechy sta\u0142y si\u0119 p\u00f3\u017aniej istotne w jego dzia\u0142alno\u015bci spo\u0142ecznej i politycznej.<\/p>\n\n\n\n<p class=\"wp-block-paragraph\">Pewna historia z dzieci\u0144stwa z czasem sta\u0142a si\u0119 niemal legend\u0105: pewna matka spotka\u0142a kobiet\u0119, kt\u00f3ra spojrza\u0142a na d\u0142o\u0144 ch\u0142opca i przepowiedzia\u0142a mu s\u0142aw\u0119.<\/p>\n\n\n\n<p class=\"wp-block-paragraph\">W tamtym czasie brzmia\u0142o to jak przypadkowa uwaga bez wi\u0119kszego znaczenia. Po latach wielu uzna\u0142o to za uderzaj\u0105co prawdziwe.<\/p>\n\n\n\n<p class=\"wp-block-paragraph\">Dorastaj\u0105c, wybra\u0142 nauki \u015bcis\u0142e i studiowa\u0142 fizyk\u0119. Na uniwersytecie szybko zauwa\u017cono go jako utalentowanego studenta o silnym, analitycznym umy\u015ble.<\/p>\n\n\n\n<p class=\"wp-block-paragraph\">Czu\u0142 si\u0119 ograniczony programem: bra\u0142 udzia\u0142 w projektach badawczych, publikowa\u0142 artyku\u0142y i rozwija\u0142 swoje umiej\u0119tno\u015bci zawodowe. Po uko\u0144czeniu studi\u00f3w kontynuowa\u0142 badania.<\/p>\n\n\n\n<p class=\"wp-block-paragraph\">Koledzy cenili jego umiej\u0119tno\u015b\u0107 szybkiego rozwi\u0105zywania skomplikowanych problem\u00f3w i znajdowania nietypowych rozwi\u0105za\u0144 \u2014 cechy obiecuj\u0105cego badacza.<\/p>\n\n\n\n<figure class=\"wp-block-image\"><img decoding=\"async\" src=\"https:\/\/lang.centerlp.online\/wp-content\/uploads\/2026\/08\/1006ee8ff56a2c1ef43af09a6c0868ba3d1c068402f0ab699f21e86a00ff7f1a.jpg\" alt=\"\"\/><\/figure>\n\n\n\n<p class=\"wp-block-paragraph\">Nawet post\u0119p naukowy nie zniwelowa\u0142 wp\u0142ywu zmian zachodz\u0105cych w kraju: coraz bardziej interesowa\u0142y go procesy spo\u0142eczne, gospodarka i polityka.<\/p>\n\n\n\n<p class=\"wp-block-paragraph\">Obserwuj\u0105c, co si\u0119 dzieje, zda\u0142 sobie spraw\u0119, \u017ce nie mo\u017ce pozosta\u0107 na uboczu. Tak rozpocz\u0105\u0142 si\u0119 jego proces transformacji w aktywist\u0119 publicznego.<\/p>\n\n\n\n<p class=\"wp-block-paragraph\">Szybko zyska\u0142 znacz\u0105c\u0105 pozycj\u0119 w polityce dzi\u0119ki charyzmie, pewno\u015bci siebie i jasnemu stylowi wypowiedzi. Zajmowa\u0142 odpowiedzialne stanowiska, bra\u0142 udzia\u0142 w reformach i intensywnie kontaktowa\u0142 si\u0119 z opini\u0105 publiczn\u0105.<\/p>\n\n\n\n<p class=\"wp-block-paragraph\">Mia\u0142o to miejsce w okresie wielkich przemian, gdy kraj poszukiwa\u0142 kierunku rozwoju. Chcia\u0142 on wp\u0142yn\u0105\u0107 na te poszukiwania.<\/p>\n\n\n\n<p class=\"wp-block-paragraph\">Z czasem da\u0142 si\u0119 pozna\u0107 jako polityk o silnym stanowisku, nieustraszony w trudnych rozmowach i broni\u0105cy swoich przekona\u0144.<\/p>\n\n\n\n<p class=\"wp-block-paragraph\">Sta\u0142 si\u0119 tematem rozm\u00f3w tak\u017ce za granic\u0105: bra\u0142 udzia\u0142 w mi\u0119dzynarodowych forach, udziela\u0142 wywiad\u00f3w zagranicznym mediom i prezentowa\u0142 swoje stanowisko na forach og\u00f3lno\u015bwiatowych.<\/p>\n\n\n\n<p class=\"wp-block-paragraph\">W ten spos\u00f3b przyci\u0105gn\u0105\u0142 uwag\u0119 zar\u00f3wno zwolennik\u00f3w, jak i przeciwnik\u00f3w, staj\u0105c si\u0119 postaci\u0105 budz\u0105c\u0105 szerokie zainteresowanie opinii publicznej.<\/p>\n\n\n\n<p class=\"wp-block-paragraph\">W ostatnich latach nadal anga\u017cowa\u0142 si\u0119 w \u017cycie publiczne, proponuj\u0105c inicjatywy i dziel\u0105c si\u0119 swoimi pogl\u0105dami. Presja i krytyka nie zmusi\u0142y go do wyrzeczenia si\u0119 swoich przekona\u0144.<\/p>\n\n\n\n<p class=\"wp-block-paragraph\">Pozosta\u0142 cz\u0142owiekiem, kt\u00f3ry chcia\u0142 wp\u0142ywa\u0107 na wydarzenia i nie ba\u0142 si\u0119 m\u00f3wi\u0107 otwarcie o problemach.<\/p>\n\n\n\n<p class=\"wp-block-paragraph\">\u015amier\u0107 Borysa Niemcowa wstrz\u0105sn\u0119\u0142a spo\u0142ecze\u0144stwem. Wywo\u0142a\u0142a powszechne oburzenie, debat\u0119 i szerok\u0105 reakcj\u0119 w Rosji i na \u015bwiecie.<\/p>\n\n\n\n<p class=\"wp-block-paragraph\">Dla wielu by\u0142a to nie tylko osobista tragedia, ale tak\u017ce wydarzenie historyczne, kt\u00f3re wp\u0142yn\u0119\u0142o na \u015bwiadomo\u015b\u0107 spo\u0142eczn\u0105.<\/p>\n\n\n\n<p class=\"wp-block-paragraph\">Jego \u017cycie pokaza\u0142o, jak mo\u017cna przej\u015b\u0107 od pracy akademickiej do aktywnej dzia\u0142alno\u015bci spo\u0142ecznej. Wywar\u0142 znacz\u0105cy wp\u0142yw na histori\u0119, a jego idee i dzia\u0142ania s\u0105 nadal przedmiotem dyskusji.<\/p>\n\n\n\n<p class=\"wp-block-paragraph\">Dziedzictwo to co\u015b wi\u0119cej ni\u017c tylko kwestia polityki: wp\u0142ywa ono r\u00f3wnie\u017c na procesy spo\u0142eczne, kszta\u0142tuje pogl\u0105dy i uczestniczy w wa\u017cnych debatach.<\/p>\n\n\n\n<p class=\"wp-block-paragraph\">Poza nauk\u0105 i polityk\u0105, kocha\u0142 sport, aktywny tryb \u017cycia i warto\u015bciowe rozmowy. Mia\u0142 poczucie humoru i potrafi\u0142 nawi\u0105zywa\u0107 kontakty z r\u00f3\u017cnymi lud\u017ami.<\/p>\n\n\n\n<p class=\"wp-block-paragraph\">Wspiera\u0142 tak\u017ce edukacj\u0119 i rozw\u00f3j m\u0142odzie\u017cy, widz\u0105c w tym fundament przysz\u0142o\u015bci kraju.<\/p>\n\n\n\n<figure class=\"wp-block-image\"><img decoding=\"async\" src=\"https:\/\/lang.centerlp.online\/wp-content\/uploads\/2026\/08\/69a2a60b41e8ab1170c4f905a9d8f2f8a85f1d5a3facbc2bae110b4bae11bf7b.jpg\" alt=\"\"\/><\/figure>\n\n\n\n<p class=\"wp-block-paragraph\">Jego historia przypomina o sile przekonania, odwagi i ch\u0119ci dzia\u0142ania. Pokazuje, \u017ce nawet jedna osoba mo\u017ce zmieni\u0107 procesy spo\u0142eczne.<\/p>\n\n\n\n<p class=\"wp-block-paragraph\">Takie losy dowodz\u0105, \u017ce histori\u0119 tworz\u0105 nie tylko wydarzenia, ale i ludzie, kt\u00f3rzy podejmuj\u0105 decyzje i s\u0105 za nie odpowiedzialni.<\/p>\n\n\n\n<p class=\"wp-block-paragraph\">Je\u015bli ta historia Ci\u0119 zaintrygowa\u0142a, podziel si\u0119 ni\u0105 ze znajomymi i rodzin\u0105. Subskrybuj aktualizacje naszej strony, aby by\u0107 na bie\u017c\u0105co z nowymi materia\u0142ami, analizami i historiami o polityce, nauce i spo\u0142ecze\u0144stwie.<\/p>\n\n\n\n<p class=\"wp-block-paragraph\"><\/p>\n","protected":false},"excerpt":{"rendered":"Przez dekady jego nazwisko by\u0142o znane w ca\u0142ym kraju i daleko poza nim, a jego \u017cycie by\u0142o pe\u0142ne wydarze\u0144, kontrowersji i prze\u0142omowych wybor\u00f3w. \n<a class=\"moretag\" href=\"https:\/\/swiat24.pl.ua\/?p=33255\"> [...]<\/a>","protected":false},"author":1,"featured_media":33256,"comment_status":"open","ping_status":"open","sticky":false,"template":"","format":"standard","meta":{"footnotes":""},"categories":[1],"tags":[],"class_list":["post-33255","post","type-post","status-publish","format-standard","has-post-thumbnail","hentry","category-blog"],"_links":{"self":[{"href":"https:\/\/swiat24.pl.ua\/index.php?rest_route=\/wp\/v2\/posts\/33255","targetHints":{"allow":["GET"]}}],"collection":[{"href":"https:\/\/swiat24.pl.ua\/index.php?rest_route=\/wp\/v2\/posts"}],"about":[{"href":"https:\/\/swiat24.pl.ua\/index.php?rest_route=\/wp\/v2\/types\/post"}],"author":[{"embeddable":true,"href":"https:\/\/swiat24.pl.ua\/index.php?rest_route=\/wp\/v2\/users\/1"}],"replies":[{"embeddable":true,"href":"https:\/\/swiat24.pl.ua\/index.php?rest_route=%2Fwp%2Fv2%2Fcomments&post=33255"}],"version-history":[{"count":1,"href":"https:\/\/swiat24.pl.ua\/index.php?rest_route=\/wp\/v2\/posts\/33255\/revisions"}],"predecessor-version":[{"id":33257,"href":"https:\/\/swiat24.pl.ua\/index.php?rest_route=\/wp\/v2\/posts\/33255\/revisions\/33257"}],"wp:featuredmedia":[{"embeddable":true,"href":"https:\/\/swiat24.pl.ua\/index.php?rest_route=\/wp\/v2\/media\/33256"}],"wp:attachment":[{"href":"https:\/\/swiat24.pl.ua\/index.php?rest_route=%2Fwp%2Fv2%2Fmedia&parent=33255"}],"wp:term":[{"taxonomy":"category","embeddable":true,"href":"https:\/\/swiat24.pl.ua\/index.php?rest_route=%2Fwp%2Fv2%2Fcategories&post=33255"},{"taxonomy":"post_tag","embeddable":true,"href":"https:\/\/swiat24.pl.ua\/index.php?rest_route=%2Fwp%2Fv2%2Ftags&post=33255"}],"curies":[{"name":"wp","href":"https:\/\/api.w.org\/{rel}","templated":true}]}}