{"id":33229,"date":"2026-08-30T12:01:43","date_gmt":"2026-08-30T12:01:43","guid":{"rendered":"https:\/\/swiat24.pl.ua\/?p=33229"},"modified":"2026-08-30T12:01:43","modified_gmt":"2026-08-30T12:01:43","slug":"dzieci-trafily-do-szpitali-po-fatalnej-pomylce-podano-im-srodek-do-dezynfekcji","status":"publish","type":"post","link":"https:\/\/swiat24.pl.ua\/?p=33229","title":{"rendered":"Dzieci trafi\u0142y do szpitali po fatalnej pomy\u0142ce. Podano im \u015brodek do dezynfekcji"},"content":{"rendered":"\n<p class=\"wp-block-paragraph\">12 dzieci w wieku od 12 do 15 lat trafi\u0142o do szpitali w wyniku gro\u017anej w skutkach pomy\u0142ki na turnusie rehabilitacyjnym w \u015awinouj\u015bciu.<\/p>\n\n\n\n<p class=\"wp-block-paragraph\">Zamiast \u015brodka leczniczego, podano im \u015brodek do dezynfekcji.<\/p>\n\n\n\n<p class=\"wp-block-paragraph\">Wed\u0142ug ustale\u0144, dzieci s\u0105 w dobrym stanie.<\/p>\n\n\n\n<figure class=\"wp-block-image\"><img decoding=\"async\" src=\"https:\/\/ipla.pluscdn.pl\/dituel\/cp\/qh\/qh3meihtkrfkkzt8hsf8ywp78he7tr32.jpg\" alt=\"Zblizenie na tylna czesc zoltej karetki pogotowia z napisem AMBULANS i symbolami medycznymi.\"\/><figcaption class=\"wp-element-caption\">Polsat News<\/figcaption><\/figure>\n\n\n\n<p class=\"wp-block-paragraph\">12 dzieci trafi\u0142o do szpitali w wyniku zatrucia (zdj. ilustracyjne)<\/p>\n\n\n\n<p class=\"wp-block-paragraph\">\u2013&nbsp;<strong>Cztery zespo\u0142y ratownictwa medycznego<\/strong>&nbsp;zosta\u0142y zadysponowane do poszkodowanych w wyniku zatrucia \u2013 przekaza\u0142a rzeczniczka prasowa Wojew\u00f3dzkiej Stacji Pogotowia Ratunkowego w Szczecinie Natalia Dorochowicz.<\/p>\n\n\n\n<h2 class=\"wp-block-heading\">\u015awinouj\u015bcie. Zatrucie na turnusie rehabilitacyjnym. 12 dzieci w szpitalu&nbsp;<\/h2>\n\n\n\n<p class=\"wp-block-paragraph\">Na miejscu wezwania znajdowa\u0142o si\u0119 12 poszkodowanych \u2013&nbsp;<strong>dzieci w wieku od 12 do 15 lat.<\/strong>&nbsp;Wszystkie z nich by\u0142y&nbsp;<strong>przytomne<\/strong>&nbsp;<strong>i w stabilnym stanie.<\/strong>&nbsp;Po dokonaniu medycznych czynno\u015bci ratunkowych poszkodowani zostali przewiezieni do szpitali. Siedmioro trafi\u0142o do szpitala&nbsp;<strong>w \u015awinouj\u015bciu, pi\u0119cioro w Goleniowie.<\/strong><\/p>\n\n\n\n<p class=\"wp-block-paragraph\">\u2013 Otrzymali\u015bmy zg\u0142oszenie z policji, \u017ce w jednym z o\u015brodk\u00f3w rehabilitacyjnych dosz\u0142o do zatrucia&nbsp;<strong>\u015brodkiem do dezynfekcji.<\/strong>&nbsp;Pracownicy udali si\u0119 na miejsce w celu przeprowadzenia czynno\u015bci wyja\u015bniaj\u0105cych.&nbsp;<strong>Sprawdzono prawid\u0142owo\u015b\u0107<\/strong>&nbsp;przechowywania preparat\u00f3w, karty charakterystyki, daty przydatno\u015bci \u2013 przekaza\u0142a Aneta Szymanowska z Powiatowej Stacja Sanitarno-Epidemiologiczna w \u015awinouj\u015bciu.<\/p>\n\n\n\n<p class=\"wp-block-paragraph\">Jak wyja\u015bni\u0142a, ustalono w toku dochodzenia, \u017ce&nbsp;<strong>pracownik omy\u0142kowo poda\u0142 \u015brodek do dezynfekcji<\/strong>, zamiast preparatu do inhalacji. Po zauwa\u017ceniu tej pomy\u0142ki wezwa\u0142 pogotowie. \u2013 Z naszych ustale\u0144 wynika, \u017ce&nbsp;<strong>dzieci s\u0105 w dobrym stanie<\/strong>&nbsp;\u2013 doda\u0142a Szymanowska.<\/p>\n\n\n\n<p class=\"wp-block-paragraph\">To kolejne w ostatnim czasie zatrucie, do kt\u00f3rego dosz\u0142o w wojew\u00f3dztwie zachodniopomorskim. W pierwszej po\u0142owie sierpnia badania przeprowadzone w zwi\u0105zku z podejrzeniem zatrucia&nbsp;<strong>kilkudziesi\u0119ciu kuracjuszy o\u015brodka rehabilitacyjnego<\/strong>&nbsp;w Mi\u0119dzywodziu potwierdzi\u0142y salmonell\u0119 u 15 os\u00f3b, wykaza\u0142y te\u017c rotawirusy.&nbsp;<\/p>\n","protected":false},"excerpt":{"rendered":"12 dzieci w wieku od 12 do 15 lat trafi\u0142o do szpitali w wyniku gro\u017anej w skutkach pomy\u0142ki na turnusie rehabilitacyjnym w \u015awinouj\u015bciu. \n<a class=\"moretag\" href=\"https:\/\/swiat24.pl.ua\/?p=33229\"> [...]<\/a>","protected":false},"author":1,"featured_media":33230,"comment_status":"open","ping_status":"open","sticky":false,"template":"","format":"standard","meta":{"footnotes":""},"categories":[1],"tags":[],"class_list":["post-33229","post","type-post","status-publish","format-standard","has-post-thumbnail","hentry","category-blog"],"_links":{"self":[{"href":"https:\/\/swiat24.pl.ua\/index.php?rest_route=\/wp\/v2\/posts\/33229","targetHints":{"allow":["GET"]}}],"collection":[{"href":"https:\/\/swiat24.pl.ua\/index.php?rest_route=\/wp\/v2\/posts"}],"about":[{"href":"https:\/\/swiat24.pl.ua\/index.php?rest_route=\/wp\/v2\/types\/post"}],"author":[{"embeddable":true,"href":"https:\/\/swiat24.pl.ua\/index.php?rest_route=\/wp\/v2\/users\/1"}],"replies":[{"embeddable":true,"href":"https:\/\/swiat24.pl.ua\/index.php?rest_route=%2Fwp%2Fv2%2Fcomments&post=33229"}],"version-history":[{"count":1,"href":"https:\/\/swiat24.pl.ua\/index.php?rest_route=\/wp\/v2\/posts\/33229\/revisions"}],"predecessor-version":[{"id":33231,"href":"https:\/\/swiat24.pl.ua\/index.php?rest_route=\/wp\/v2\/posts\/33229\/revisions\/33231"}],"wp:featuredmedia":[{"embeddable":true,"href":"https:\/\/swiat24.pl.ua\/index.php?rest_route=\/wp\/v2\/media\/33230"}],"wp:attachment":[{"href":"https:\/\/swiat24.pl.ua\/index.php?rest_route=%2Fwp%2Fv2%2Fmedia&parent=33229"}],"wp:term":[{"taxonomy":"category","embeddable":true,"href":"https:\/\/swiat24.pl.ua\/index.php?rest_route=%2Fwp%2Fv2%2Fcategories&post=33229"},{"taxonomy":"post_tag","embeddable":true,"href":"https:\/\/swiat24.pl.ua\/index.php?rest_route=%2Fwp%2Fv2%2Ftags&post=33229"}],"curies":[{"name":"wp","href":"https:\/\/api.w.org\/{rel}","templated":true}]}}