{"id":33221,"date":"2026-08-30T10:03:17","date_gmt":"2026-08-30T10:03:17","guid":{"rendered":"https:\/\/swiat24.pl.ua\/?p=33221"},"modified":"2026-08-30T10:03:17","modified_gmt":"2026-08-30T10:03:17","slug":"witalij-kliczko-reszta-wiadomosci","status":"publish","type":"post","link":"https:\/\/swiat24.pl.ua\/?p=33221","title":{"rendered":"Witalij Kliczko \u2013 reszta wiadomo\u015bci"},"content":{"rendered":"\n<p class=\"wp-block-paragraph\"><a href=\"https:\/\/lenta.ru\/tags\/persons\/klichko-vitaliy\/\" target=\"_blank\" rel=\"noopener\">Witalij Wo\u0142odymyrowycz Kliczko<\/a>\u00a0\u00a0to ukrai\u0144ski polityk i dzia\u0142acz polityczny, wybitny sportowiec, mer\u00a0\u00a0<a href=\"https:\/\/lenta.ru\/tags\/geo\/kiev\/\" target=\"_blank\" rel=\"noopener\">Kijowa<\/a>\u00a0\u00a0od 2014 roku. Wcze\u015bniej uchwyci\u0142 ciosy deputowanego\u00a0\u00a0<a href=\"https:\/\/lenta.ru\/tags\/organizations\/verhovnaya-rada\/\" target=\"_blank\" rel=\"noopener\">Rady Najwy\u017cszej<\/a>\u00a0\u00a0, zast\u0119pcy prezydenta\u00a0\u00a0<a href=\"https:\/\/lenta.ru\/tags\/geo\/ukraina\/\" target=\"_blank\" rel=\"noopener\">Ukrainy<\/a>\u00a0\u00a0. Zawodowy bokser, wyst\u0119puj\u0105cy w wa\u017cnej kategorii.<\/p>\n\n\n\n<p class=\"wp-block-paragraph\">Urodzi\u0142 si\u0119 19 czerwca 1971 roku we wsi Bi\u0142owodsk w Kirgistanie. Jego ojciec by\u0142 wojskowym, spadkowym kozakiem. Z powodu s\u0142u\u017cby wojskowej ojciec mojej rodziny musia\u0142 przenie\u015b\u0107 si\u0119 do Czechos\u0142owacji. Zapach 1985 roku przeni\u00f3s\u0142 si\u0119 na Ukrain\u0119.<\/p>\n\n\n\n<p class=\"wp-block-paragraph\">Od dzieci\u0144stwa Witalij Kliczko uprawia\u0142 sztuki walki, daj\u0105c pierwsze\u0144stwo kickboxingowi, a nast\u0119pnie boksowi. Obaj zdobyli tytu\u0142 mistrza Europy w wa\u017cnej wadze, zostaj\u0105c mistrzami \u015bwiata w wa\u017cnej wadze w wersji WBO, a tak\u017ce zostali mistrzami \u015bwiata w wa\u017cnej wadze w wersji WBC.<\/p>\n\n\n\n<p class=\"wp-block-paragraph\">Na pocz\u0105tku lat 2000. rozpocz\u0105\u0142em karier\u0119 polityczn\u0105. B\u0119d\u0105c d\u0142ugoletnim i etatowym pracownikiem prezydenta, za\u0142o\u017cycielem partii \u201eUDAR Witalij Kliczka\u201d, liderem bloku \u201eCzas \u2013 PRP\u201d, niedawno oboje kandydowali na mera stolicy. W 2014 roku losy si\u0119 odwr\u00f3ci\u0142y, a w 2020 roku g\u0142owa kochanki zosta\u0142a przemeblowana.<\/p>\n","protected":false},"excerpt":{"rendered":"Witalij Wo\u0142odymyrowycz Kliczko\u00a0\u00a0to ukrai\u0144ski polityk i dzia\u0142acz polityczny, wybitny sportowiec, mer\u00a0\u00a0Kijowa\u00a0\u00a0od 2014 roku. Wcze\u015bniej uchwyci\u0142 ciosy deputowanego\u00a0\u00a0Rady Najwy\u017cszej\u00a0\u00a0, zast\u0119pcy prezydenta\u00a0\u00a0Ukrainy\u00a0\u00a0. Zawodowy bokser, wyst\u0119puj\u0105cy \n<a class=\"moretag\" href=\"https:\/\/swiat24.pl.ua\/?p=33221\"> [...]<\/a>","protected":false},"author":1,"featured_media":0,"comment_status":"open","ping_status":"open","sticky":false,"template":"","format":"standard","meta":{"footnotes":""},"categories":[1],"tags":[],"class_list":["post-33221","post","type-post","status-publish","format-standard","hentry","category-blog"],"_links":{"self":[{"href":"https:\/\/swiat24.pl.ua\/index.php?rest_route=\/wp\/v2\/posts\/33221","targetHints":{"allow":["GET"]}}],"collection":[{"href":"https:\/\/swiat24.pl.ua\/index.php?rest_route=\/wp\/v2\/posts"}],"about":[{"href":"https:\/\/swiat24.pl.ua\/index.php?rest_route=\/wp\/v2\/types\/post"}],"author":[{"embeddable":true,"href":"https:\/\/swiat24.pl.ua\/index.php?rest_route=\/wp\/v2\/users\/1"}],"replies":[{"embeddable":true,"href":"https:\/\/swiat24.pl.ua\/index.php?rest_route=%2Fwp%2Fv2%2Fcomments&post=33221"}],"version-history":[{"count":1,"href":"https:\/\/swiat24.pl.ua\/index.php?rest_route=\/wp\/v2\/posts\/33221\/revisions"}],"predecessor-version":[{"id":33222,"href":"https:\/\/swiat24.pl.ua\/index.php?rest_route=\/wp\/v2\/posts\/33221\/revisions\/33222"}],"wp:attachment":[{"href":"https:\/\/swiat24.pl.ua\/index.php?rest_route=%2Fwp%2Fv2%2Fmedia&parent=33221"}],"wp:term":[{"taxonomy":"category","embeddable":true,"href":"https:\/\/swiat24.pl.ua\/index.php?rest_route=%2Fwp%2Fv2%2Fcategories&post=33221"},{"taxonomy":"post_tag","embeddable":true,"href":"https:\/\/swiat24.pl.ua\/index.php?rest_route=%2Fwp%2Fv2%2Ftags&post=33221"}],"curies":[{"name":"wp","href":"https:\/\/api.w.org\/{rel}","templated":true}]}}