{"id":26503,"date":"2026-05-02T11:20:56","date_gmt":"2026-05-02T11:20:56","guid":{"rendered":"https:\/\/swiat24.pl.ua\/?p=26503"},"modified":"2026-05-02T11:20:56","modified_gmt":"2026-05-02T11:20:56","slug":"czarzasty-krytykuje-nawrockiego-w-sprawie-litewki-to-jest-obrzydliwe","status":"publish","type":"post","link":"https:\/\/swiat24.pl.ua\/?p=26503","title":{"rendered":"Czarzasty krytykuje Nawrockiego w sprawie Litewki: \u201eTo jest obrzydliwe\u201d"},"content":{"rendered":"\n<p>Prezydent Karol Nawrocki w wywiadzie dla wPolsce24 ujawni\u0142, \u017ce mechanizmy partyjne stan\u0119\u0142y na przeszkodzie potencjalnej wsp\u00f3\u0142pracy z pos\u0142em \u0141ukaszem Litewk\u0105. <\/p>\n\n\n\n<p>Rozwa\u017cano mo\u017cliwo\u015b\u0107 zaproszenia parlamentarzysty do rady przy Pa\u0142acu Prezydenckim, jednak ostatecznie inicjatywa ta nie dosz\u0142a do skutku. <\/p>\n\n\n\n<p>Nawrocki zasugerowa\u0142, \u017ce ograniczenia wynika\u0142y z instrukcji p\u0142yn\u0105cych z partii, kt\u00f3re blokowa\u0142y swobod\u0119 dzia\u0142ania Litewki.<\/p>\n\n\n\n<p>Wed\u0142ug s\u0142\u00f3w g\u0142owy pa\u0144stwa, pose\u0142 Lewicy otrzymywa\u0142 zakazy kontaktowania si\u0119 z prezydentem, mimo to d\u0105\u017cy\u0142 do wsp\u00f3\u0142pracy. <\/p>\n\n\n\n<p>Nawrocki podkre\u015bli\u0142, \u017ce wsparcie Pa\u0142acu Prezydenckiego mog\u0142oby by\u0107 dla Litewki korzystne w realizacji jego cel\u00f3w spo\u0142ecznych, co sam parlamentarzysta rozumia\u0142.<\/p>\n\n\n\n<figure class=\"wp-block-image\"><img decoding=\"async\" src=\"https:\/\/czu.pl\/wp-content\/uploads\/2026\/05\/1109.jpg\" alt=\"obrazek\"\/><\/figure>\n\n\n\n<h2 class=\"wp-block-heading\">Stanowcza odpowied\u017a marsza\u0142ka Sejmu<\/h2>\n\n\n\n<p>W\u0142odzimierz Czarzasty, marsza\u0142ek Sejmu, zosta\u0142 poproszony o komentarz do wypowiedzi Nawrockiego. W stanowczych s\u0142owach odni\u00f3s\u0142 si\u0119 do prezydenta, nie pozostawiaj\u0105c w\u0105tpliwo\u015bci co do swojej negatywnej oceny jego dzia\u0142a\u0144 i wypowiedzi.<\/p>\n\n\n\n<blockquote class=\"wp-block-quote is-layout-flow wp-block-quote-is-layout-flow\">\n<p>Chcia\u0142em powiedzie\u0107 panu prezydentowi jedn\u0105 rzecz. Panie prezydencie, \u0141ukasz Litewka wymaga szacunku. My jako Lewica ten olbrzymi szacunek mamy. Niech pan nie gra \u015bmierci\u0105, m\u00f3wi\u0105c o tym, co przed \u015bmierci\u0105 wed\u0142ug pana powiedzia\u0142 panu \u0141ukasz Litewka. To jest po prostu obrzydliwe. Niech pan ma szacunek do tego cz\u0142owieka i do jego dokona\u0144.<\/p>\n<\/blockquote>\n\n\n\n<p>Czarzasty zaznaczy\u0142 r\u00f3wnie\u017c, \u017ce nie b\u0119dzie komentowa\u0142 pr\u00f3by \u201eta\u0144czenia na grobie\u201d cz\u0142owieka, kt\u00f3rego wszyscy ceni\u0105. Jego wypowied\u017a skierowana by\u0142a na udzielenie odprawy prezydentowi za spos\u00f3b, w jaki ten upami\u0119tni\u0142 zmar\u0142ego pos\u0142a.<\/p>\n\n\n\n<h2 class=\"wp-block-heading\">Zaanga\u017cowanie spo\u0142eczne \u0141ukasza Litewki<\/h2>\n\n\n\n<p>\u0141ukasz Litewka reprezentowa\u0142 Now\u0105 Lewic\u0119 jako pose\u0142 z Sosnowca. Zgin\u0105\u0142 tragicznie 23 kwietnia, potr\u0105cony przez samoch\u00f3d podczas jazdy rowerem w D\u0105browie G\u00f3rniczej. Pose\u0142 by\u0142 znany z ogromnego zaanga\u017cowania w dzia\u0142alno\u015b\u0107 spo\u0142eczn\u0105 i charytatywn\u0105, szczeg\u00f3lnie w zakresie ochrony zwierz\u0105t i pomocy potrzebuj\u0105cym.<\/p>\n\n\n\n<p>Marsza\u0142ek Sejmu wspomina\u0142 Litewk\u0119 jako cz\u0142owieka, kt\u00f3ry \u201ebardziej od polityki uprawia\u0142 dzia\u0142alno\u015b\u0107 spo\u0142eczn\u0105 i pomaga\u0142, pomaga\u0142 ludziom, pomaga\u0142 zwierz\u0119tom\u201d. Charakteryzowa\u0142 go jako osob\u0119 o ogromnej wra\u017cliwo\u015bci na krzywd\u0119 ludzi i zwierz\u0105t, kt\u00f3ra nigdy nie przechodzi\u0142a oboj\u0119tnie obok potrzebuj\u0105cych pomocy.<\/p>\n\n\n\n<h2 class=\"wp-block-heading\">Symboliczne upami\u0119tnienie<\/h2>\n\n\n\n<p>W uroczysto\u015bciach pogrzebowych, kt\u00f3re mia\u0142y charakter pa\u0144stwowy, udzia\u0142 wzi\u0119li wysoko postawieni politycy. Po\u015bmiertnie pose\u0142 Litewka zosta\u0142 odznaczony Krzy\u017cem Oficerskim Orderu Odrodzenia Polski, kt\u00f3re odebra\u0142 jego ojciec Zdzis\u0142aw Litewka z r\u0105k prezydenta Nawrockiego. Ceremonia pogrzebowa odby\u0142a si\u0119 w Sosnowcu i by\u0142a organizowana przez Kancelari\u0119 Sejmu.<\/p>\n","protected":false},"excerpt":{"rendered":"Prezydent Karol Nawrocki w wywiadzie dla wPolsce24 ujawni\u0142, \u017ce mechanizmy partyjne stan\u0119\u0142y na przeszkodzie potencjalnej wsp\u00f3\u0142pracy z pos\u0142em \u0141ukaszem Litewk\u0105. Rozwa\u017cano mo\u017cliwo\u015b\u0107 zaproszenia \n<a class=\"moretag\" href=\"https:\/\/swiat24.pl.ua\/?p=26503\"> [...]<\/a>","protected":false},"author":1,"featured_media":26504,"comment_status":"open","ping_status":"open","sticky":false,"template":"","format":"standard","meta":{"footnotes":""},"categories":[1],"tags":[],"class_list":["post-26503","post","type-post","status-publish","format-standard","has-post-thumbnail","hentry","category-blog"],"_links":{"self":[{"href":"https:\/\/swiat24.pl.ua\/index.php?rest_route=\/wp\/v2\/posts\/26503","targetHints":{"allow":["GET"]}}],"collection":[{"href":"https:\/\/swiat24.pl.ua\/index.php?rest_route=\/wp\/v2\/posts"}],"about":[{"href":"https:\/\/swiat24.pl.ua\/index.php?rest_route=\/wp\/v2\/types\/post"}],"author":[{"embeddable":true,"href":"https:\/\/swiat24.pl.ua\/index.php?rest_route=\/wp\/v2\/users\/1"}],"replies":[{"embeddable":true,"href":"https:\/\/swiat24.pl.ua\/index.php?rest_route=%2Fwp%2Fv2%2Fcomments&post=26503"}],"version-history":[{"count":1,"href":"https:\/\/swiat24.pl.ua\/index.php?rest_route=\/wp\/v2\/posts\/26503\/revisions"}],"predecessor-version":[{"id":26505,"href":"https:\/\/swiat24.pl.ua\/index.php?rest_route=\/wp\/v2\/posts\/26503\/revisions\/26505"}],"wp:featuredmedia":[{"embeddable":true,"href":"https:\/\/swiat24.pl.ua\/index.php?rest_route=\/wp\/v2\/media\/26504"}],"wp:attachment":[{"href":"https:\/\/swiat24.pl.ua\/index.php?rest_route=%2Fwp%2Fv2%2Fmedia&parent=26503"}],"wp:term":[{"taxonomy":"category","embeddable":true,"href":"https:\/\/swiat24.pl.ua\/index.php?rest_route=%2Fwp%2Fv2%2Fcategories&post=26503"},{"taxonomy":"post_tag","embeddable":true,"href":"https:\/\/swiat24.pl.ua\/index.php?rest_route=%2Fwp%2Fv2%2Ftags&post=26503"}],"curies":[{"name":"wp","href":"https:\/\/api.w.org\/{rel}","templated":true}]}}