{"id":26413,"date":"2026-04-30T14:58:27","date_gmt":"2026-04-30T14:58:27","guid":{"rendered":"https:\/\/swiat24.pl.ua\/?p=26413"},"modified":"2026-04-30T14:58:27","modified_gmt":"2026-04-30T14:58:27","slug":"pogrzeb-lukasza-litewki-odznaczono-tragicznie-zmarlego-posla","status":"publish","type":"post","link":"https:\/\/swiat24.pl.ua\/?p=26413","title":{"rendered":"Pogrzeb \u0141ukasza Litewki. Odznaczono tragicznie zmar\u0142ego pos\u0142a"},"content":{"rendered":"\n<p>Prezydent RP Karol Nawrocki po\u015bmiertnie uhonorowa\u0142 tragicznie zmar\u0142ego pos\u0142a \u0141ukasza Litewk\u0119 Krzy\u017cem Oficerskim Orderu Odrodzenia Polski. Decyzja zosta\u0142a og\u0142oszona podczas pa\u0144stwowych uroczysto\u015bci pogrzebowych w Sosnowcu.<\/p>\n\n\n\n<h2 class=\"wp-block-heading\">Prezydenckie wyr\u00f3\u017cnienie dla \u0141ukasza Litewki<\/h2>\n\n\n\n<p>Prezydent RP Karol Nawrocki przyzna\u0142 po\u015bmiertnie Krzy\u017c Oficerski Orderu Odrodzenia Polski tragicznie zmar\u0142emu pos\u0142owi \u0141ukaszowi Litewce. Informacj\u0119 o tej decyzji przekaza\u0142 rzecznik prezydenta w oficjalnym komunikacie, podkre\u015blaj\u0105c zas\u0142ugi zmar\u0142ego w dzia\u0142alno\u015bci spo\u0142ecznej i publicznej.<\/p>\n\n\n\n<h2 class=\"wp-block-heading\">Tragiczny wypadek i decyzja g\u0142owy pa\u0144stwa<\/h2>\n\n\n\n<p>\u0141ukasz Litewka, pose\u0142 Lewicy, zgin\u0105\u0142 23 kwietnia 2026 roku w wypadku drogowym w D\u0105browie G\u00f3rniczej. Jako rowerzysta zosta\u0142 potr\u0105cony przez samoch\u00f3d osobowy, w wyniku czego dozna\u0142 \u015bmiertelnych obra\u017ce\u0144. Zdarzenie wstrz\u0105sn\u0119\u0142o opini\u0105 publiczn\u0105, wywo\u0142uj\u0105c liczne apele o uhonorowanie zmar\u0142ego. Sprawa pozostaje w toku post\u0119powania prokuratorskiego, a kierowca us\u0142ysza\u0142 zarzuty.<\/p>\n\n\n\n<p>Rzecznik prezydenta poinformowa\u0142:<\/p>\n\n\n\n<figure class=\"wp-block-image\"><img decoding=\"async\" src=\"https:\/\/bystryjanusz.pl\/wp-content\/uploads\/2026\/04\/1081.jpg\" alt=\"obrazek\"\/><\/figure>\n\n\n\n<blockquote class=\"wp-block-quote is-layout-flow wp-block-quote-is-layout-flow\">\n<p>Postanowieniem z dnia 27 kwietnia 2026 r. Prezydent RP Karol Nawrocki odznaczy\u0142 po\u015bmiertnie tragicznie zmar\u0142ego pos\u0142a na Sejm \u0141ukasza Karola Litewk\u0119 Krzy\u017cem Oficerskim Orderu Odrodzenia Polski.<\/p>\n<\/blockquote>\n\n\n\n<h2 class=\"wp-block-heading\">Pa\u0144stwowy pogrzeb z udzia\u0142em pary prezydenckiej<\/h2>\n\n\n\n<p>Uroczysto\u015bci pogrzebowe odby\u0142y si\u0119 29 kwietnia 2026 roku w Sosnowcu i mia\u0142y charakter pa\u0144stwowy. Obecny by\u0142 Prezydent RP Karol Nawrocki z ma\u0142\u017conk\u0105 Mart\u0105 Nawrock\u0105, a tak\u017ce m.in. podsekretarz stanu w Kancelarii Prezydenta Mateusz Kotecki. Ich udzia\u0142 wyrazi\u0142 najwy\u017cszy szacunek dla zmar\u0142ego i jego dorobku.<\/p>\n\n\n\n<h2 class=\"wp-block-heading\">Przebieg ceremonii i odczytanie aktu nadania<\/h2>\n\n\n\n<p>Podczas nabo\u017ce\u0144stwa \u017ca\u0142obnego w ko\u015bciele pw. \u015bw. Joachima dyrektor Kancelarii Prezydenta Piotr Ole\u0144czak uroczy\u015bcie odczyta\u0142 akt nadania odznaczenia. Lektor zapowiedzia\u0142:<\/p>\n\n\n\n<blockquote class=\"wp-block-quote is-layout-flow wp-block-quote-is-layout-flow\">\n<p>\u201eTeraz nast\u0105pi odczytanie postanowienia Prezydenta Rzeczypospolitej Polskiej, pana Karola Nawrockiego o po\u015bmiertnym odznaczeniu \u0141ukasza Litewki\u201d.<\/p>\n<\/blockquote>\n\n\n\n<p>Ole\u0144czak przytoczy\u0142 podstawy prawne:<\/p>\n\n\n\n<blockquote class=\"wp-block-quote is-layout-flow wp-block-quote-is-layout-flow\">\n<p>\u201eNa podstawie artyku\u0142u 138 Konstytucji Rzeczypospolitej Polskiej oraz ustawy o orderach i odznaczeniach, postanowieniem Prezydenta Rzeczypospolitej Polskiej, pana Karola Nawrockiego, odznaczony zosta\u0142 za wybitne zas\u0142ugi w dzia\u0142alno\u015bci publicznej i spo\u0142ecznej Krzy\u017cem Oficerskim Orderu Odrodzenia Polski, po\u015bmiertnie, \u0141ukasz Litewka\u201d.<\/p>\n<\/blockquote>\n\n\n\n<p>Order odebra\u0142 ojciec zmar\u0142ego, Zdzis\u0142aw Litewka. Dyrektor zako\u0144czy\u0142 wyst\u0105pienie s\u0142owami:&nbsp;<strong>\u201eDzi\u0119kuj\u0119 panie Prezydencie, dzi\u0119kuj\u0119 Pa\u0144stwu\u201d<\/strong>.<\/p>\n\n\n\n<h2 class=\"wp-block-heading\">Zaanga\u017cowanie spo\u0142eczne zmar\u0142ego pos\u0142a<\/h2>\n\n\n\n<p>\u0141ukasza Litewk\u0119 zapami\u0119tano jako aktywnego spo\u0142ecznika, zaanga\u017cowanego w pomoc schroniskom dla zwierz\u0105t i promocj\u0119 profilaktyki zdrowotnej. Jego inicjatywy zyska\u0142y sympati\u0119 szerokich \u015brodowisk.<\/p>\n\n\n\n<p>Przedstawiciele wszystkich ugrupowa\u0144 parlamentarnych z\u0142o\u017cyli kondolencje, podkre\u015blaj\u0105c ogromn\u0105 strat\u0119 dla polskiej polityki i organizacji pozarz\u0105dowych.<\/p>\n","protected":false},"excerpt":{"rendered":"Prezydent RP Karol Nawrocki po\u015bmiertnie uhonorowa\u0142 tragicznie zmar\u0142ego pos\u0142a \u0141ukasza Litewk\u0119 Krzy\u017cem Oficerskim Orderu Odrodzenia Polski. Decyzja zosta\u0142a og\u0142oszona podczas pa\u0144stwowych uroczysto\u015bci pogrzebowych \n<a class=\"moretag\" href=\"https:\/\/swiat24.pl.ua\/?p=26413\"> [...]<\/a>","protected":false},"author":1,"featured_media":26414,"comment_status":"open","ping_status":"open","sticky":false,"template":"","format":"standard","meta":{"footnotes":""},"categories":[1],"tags":[],"class_list":["post-26413","post","type-post","status-publish","format-standard","has-post-thumbnail","hentry","category-blog"],"_links":{"self":[{"href":"https:\/\/swiat24.pl.ua\/index.php?rest_route=\/wp\/v2\/posts\/26413","targetHints":{"allow":["GET"]}}],"collection":[{"href":"https:\/\/swiat24.pl.ua\/index.php?rest_route=\/wp\/v2\/posts"}],"about":[{"href":"https:\/\/swiat24.pl.ua\/index.php?rest_route=\/wp\/v2\/types\/post"}],"author":[{"embeddable":true,"href":"https:\/\/swiat24.pl.ua\/index.php?rest_route=\/wp\/v2\/users\/1"}],"replies":[{"embeddable":true,"href":"https:\/\/swiat24.pl.ua\/index.php?rest_route=%2Fwp%2Fv2%2Fcomments&post=26413"}],"version-history":[{"count":1,"href":"https:\/\/swiat24.pl.ua\/index.php?rest_route=\/wp\/v2\/posts\/26413\/revisions"}],"predecessor-version":[{"id":26415,"href":"https:\/\/swiat24.pl.ua\/index.php?rest_route=\/wp\/v2\/posts\/26413\/revisions\/26415"}],"wp:featuredmedia":[{"embeddable":true,"href":"https:\/\/swiat24.pl.ua\/index.php?rest_route=\/wp\/v2\/media\/26414"}],"wp:attachment":[{"href":"https:\/\/swiat24.pl.ua\/index.php?rest_route=%2Fwp%2Fv2%2Fmedia&parent=26413"}],"wp:term":[{"taxonomy":"category","embeddable":true,"href":"https:\/\/swiat24.pl.ua\/index.php?rest_route=%2Fwp%2Fv2%2Fcategories&post=26413"},{"taxonomy":"post_tag","embeddable":true,"href":"https:\/\/swiat24.pl.ua\/index.php?rest_route=%2Fwp%2Fv2%2Ftags&post=26413"}],"curies":[{"name":"wp","href":"https:\/\/api.w.org\/{rel}","templated":true}]}}