{"id":26407,"date":"2026-04-30T12:45:35","date_gmt":"2026-04-30T12:45:35","guid":{"rendered":"https:\/\/swiat24.pl.ua\/?p=26407"},"modified":"2026-04-30T12:45:35","modified_gmt":"2026-04-30T12:45:35","slug":"pogrzeb-lukasza-litewki-podczas-wniesienia-trumny-rozlegly-sie-poruszajace-okrzyki","status":"publish","type":"post","link":"https:\/\/swiat24.pl.ua\/?p=26407","title":{"rendered":"Pogrzeb \u0141ukasza Litewki. Podczas wniesienia trumny rozleg\u0142y si\u0119 poruszaj\u0105ce okrzyki"},"content":{"rendered":"\n<p>Uroczysto\u015bci pogrzebowe pos\u0142a\u00a0<strong>\u0141ukasza Litewki<\/strong>\u00a0odby\u0142y si\u0119 w \u015brod\u0119 w Sosnowcu w ko\u015bciele pw. \u015bw. Joachima. <\/p>\n\n\n\n<p>Nabo\u017ce\u0144stwo zgromadzi\u0142o t\u0142umy mieszka\u0144c\u00f3w regionu, przedstawicieli w\u0142adz pa\u0144stwowych oraz asyst\u0119 honorow\u0105 Wojska Polskiego, a w kluczowym momencie wyprowadzenia trumny rozleg\u0142y si\u0119 spontaniczne oklaski i skandowanie.<\/p>\n\n\n\n<h2 class=\"wp-block-heading\">Pa\u0144stwowy charakter uroczysto\u015bci<\/h2>\n\n\n\n<p>Ceremonia o charakterze pa\u0144stwowym, zorganizowana przez Kancelari\u0119 Sejmu, rozpocz\u0119\u0142a si\u0119 o godzinie 13:30 msz\u0105 \u015bwi\u0119t\u0105 pod przewodnictwem biskupa sosnowieckiego&nbsp;<strong>Artura Wa\u017cnego<\/strong>. Wzi\u0119li w niej udzia\u0142 najwy\u017csi rang\u0105 przedstawiciele w\u0142adzy, w tym marsza\u0142ek Sejmu&nbsp;<strong>W\u0142odzimierz Czarzasty<\/strong>, wicemarsza\u0142kini&nbsp;<strong>Magdalena Biejat<\/strong>, premier&nbsp;<strong>Donald Tusk<\/strong>&nbsp;oraz prezydent&nbsp;<strong>Karol Nawrocki<\/strong>&nbsp;z ma\u0142\u017conk\u0105&nbsp;<strong>Mart\u0105 Nawrock\u0105<\/strong>.<\/p>\n\n\n\n<p>Obecni byli tak\u017ce&nbsp;<strong>Bogdan Borusewicz<\/strong>,&nbsp;<strong>Maciej Konieczny<\/strong>&nbsp;i przedstawiciele klub\u00f3w parlamentarnych. Trumna z cia\u0142em pos\u0142a, udekorowana bia\u0142o-czerwon\u0105 flag\u0105, spoczywa\u0142a przed o\u0142tarzem g\u0142\u00f3wnym. Tysi\u0105ce os\u00f3b zebra\u0142o si\u0119 przed \u015bwi\u0105tyni\u0105, by odda\u0107 ho\u0142d 36-letniemu politykowi, kt\u00f3ry zgin\u0105\u0142 tragicznie 23 kwietnia w wypadku rowerowym w D\u0105browie G\u00f3rniczej.<\/p>\n\n\n\n<figure class=\"wp-block-image\"><img decoding=\"async\" src=\"https:\/\/cenneinfo.pl\/wp-content\/uploads\/2026\/04\/1082.jpg\" alt=\"obrazek\"\/><\/figure>\n\n\n\n<h2 class=\"wp-block-heading\">Poruszaj\u0105ca owacja i skandowanie<\/h2>\n\n\n\n<p>Kulminacyjnym momentem by\u0142 czas po zako\u0144czeniu liturgii. Gdy \u017co\u0142nierze asysty honorowej wyprowadzali trumn\u0119 z ko\u015bcio\u0142a, zgromadzeni zar\u00f3wno wewn\u0105trz \u015bwi\u0105tyni, jak i na placu przed ni\u0105, przerwali cisz\u0119 rytmicznymi oklaskami.<\/p>\n\n\n\n<p>Po chwili t\u0142um zacz\u0105\u0142 skandowa\u0107:<\/p>\n\n\n\n<blockquote class=\"wp-block-quote is-layout-flow wp-block-quote-is-layout-flow\">\n<p>\u201eDzi\u0119kujemy! Dzi\u0119kujemy!\u201d<\/p>\n<\/blockquote>\n\n\n\n<p>Owacja trwa\u0142a kilka minut i by\u0142a spontanicznym wyrazem wdzi\u0119czno\u015bci za spo\u0142eczn\u0105 oraz charytatywn\u0105 dzia\u0142alno\u015b\u0107 zmar\u0142ego. Reakcja nie by\u0142a cz\u0119\u015bci\u0105 oficjalnego protoko\u0142u i poruszy\u0142a wszystkich uczestnik\u00f3w.<\/p>\n\n\n\n<h2 class=\"wp-block-heading\">Zaanga\u017cowanie spo\u0142eczne \u0141ukasza Litewki<\/h2>\n\n\n\n<p><strong>\u0141ukasz Litewka<\/strong>, pose\u0142 Nowej Lewicy wybrany w 2023 roku z najlepszym wynikiem w okr\u0119gu sosnowieckim, zas\u0142yn\u0105\u0142 zaanga\u017cowaniem w zbi\u00f3rki na rzecz ci\u0119\u017cko chorych dzieci i schronisk dla zwierz\u0105t. Aktywnie dzia\u0142a\u0142 w mediach spo\u0142eczno\u015bciowych, mobilizuj\u0105c pomoc dla potrzebuj\u0105cych.<\/p>\n\n\n\n<p>Po mszy kondukt \u017ca\u0142obny uda\u0142 si\u0119 na Cmentarz Parafialny przy ul. Zuzanny, gdzie w kameralnym gronie rodziny z\u0142o\u017cono trumn\u0119 do grobu. Prezydent&nbsp;<strong>Karol Nawrocki<\/strong>&nbsp;nada\u0142 pos\u0142owi po\u015bmiertnie Krzy\u017c Oficerski Orderu Odrodzenia Polski.<\/p>\n","protected":false},"excerpt":{"rendered":"Uroczysto\u015bci pogrzebowe pos\u0142a\u00a0\u0141ukasza Litewki\u00a0odby\u0142y si\u0119 w \u015brod\u0119 w Sosnowcu w ko\u015bciele pw. \u015bw. Joachima. Nabo\u017ce\u0144stwo zgromadzi\u0142o t\u0142umy mieszka\u0144c\u00f3w regionu, przedstawicieli w\u0142adz pa\u0144stwowych oraz \n<a class=\"moretag\" href=\"https:\/\/swiat24.pl.ua\/?p=26407\"> [...]<\/a>","protected":false},"author":1,"featured_media":26408,"comment_status":"open","ping_status":"open","sticky":false,"template":"","format":"standard","meta":{"footnotes":""},"categories":[1],"tags":[],"class_list":["post-26407","post","type-post","status-publish","format-standard","has-post-thumbnail","hentry","category-blog"],"_links":{"self":[{"href":"https:\/\/swiat24.pl.ua\/index.php?rest_route=\/wp\/v2\/posts\/26407","targetHints":{"allow":["GET"]}}],"collection":[{"href":"https:\/\/swiat24.pl.ua\/index.php?rest_route=\/wp\/v2\/posts"}],"about":[{"href":"https:\/\/swiat24.pl.ua\/index.php?rest_route=\/wp\/v2\/types\/post"}],"author":[{"embeddable":true,"href":"https:\/\/swiat24.pl.ua\/index.php?rest_route=\/wp\/v2\/users\/1"}],"replies":[{"embeddable":true,"href":"https:\/\/swiat24.pl.ua\/index.php?rest_route=%2Fwp%2Fv2%2Fcomments&post=26407"}],"version-history":[{"count":1,"href":"https:\/\/swiat24.pl.ua\/index.php?rest_route=\/wp\/v2\/posts\/26407\/revisions"}],"predecessor-version":[{"id":26409,"href":"https:\/\/swiat24.pl.ua\/index.php?rest_route=\/wp\/v2\/posts\/26407\/revisions\/26409"}],"wp:featuredmedia":[{"embeddable":true,"href":"https:\/\/swiat24.pl.ua\/index.php?rest_route=\/wp\/v2\/media\/26408"}],"wp:attachment":[{"href":"https:\/\/swiat24.pl.ua\/index.php?rest_route=%2Fwp%2Fv2%2Fmedia&parent=26407"}],"wp:term":[{"taxonomy":"category","embeddable":true,"href":"https:\/\/swiat24.pl.ua\/index.php?rest_route=%2Fwp%2Fv2%2Fcategories&post=26407"},{"taxonomy":"post_tag","embeddable":true,"href":"https:\/\/swiat24.pl.ua\/index.php?rest_route=%2Fwp%2Fv2%2Ftags&post=26407"}],"curies":[{"name":"wp","href":"https:\/\/api.w.org\/{rel}","templated":true}]}}