{"id":26404,"date":"2026-04-30T11:42:05","date_gmt":"2026-04-30T11:42:05","guid":{"rendered":"https:\/\/swiat24.pl.ua\/?p=26404"},"modified":"2026-04-30T11:42:05","modified_gmt":"2026-04-30T11:42:05","slug":"ekspert-analizuje-wypadek-posla-litewki-mowimy-tutaj-o-kilku-sekundach","status":"publish","type":"post","link":"https:\/\/swiat24.pl.ua\/?p=26404","title":{"rendered":"Ekspert analizuje wypadek pos\u0142a Litewki. \u201eM\u00f3wimy tutaj o kilku sekundach\u201d"},"content":{"rendered":"\n<p>Rafa\u0142 Bielnik, bieg\u0142y i ekspert ds. analizy wypadk\u00f3w drogowych, podkre\u015bla, \u017ce w przypadku tragicznego zdarzenia ze \u015bmiertelnym potr\u0105ceniem pos\u0142a \u0141ukasza Litewki precyzyjne ustalenie przyczyny zmiany toru jazdy pojazdu mo\u017ce by\u0107 niezwykle trudne. <\/p>\n\n\n\n<p>Ekspert zwraca uwag\u0119, \u017ce potr\u0105cony rowerzysta zosta\u0142 uderzony przez samoch\u00f3d w ci\u0105gu zaledwie kilku sekund, co dodatkowo komplikuje analiz\u0119 przebiegu zdarzenia.<\/p>\n\n\n\n<blockquote class=\"wp-block-quote is-layout-flow wp-block-quote-is-layout-flow\">\n<p>Ustalenie, z jakiego dok\u0142adnie powodu dosz\u0142o do tego tragicznego w skutkach zdarzenia, mo\u017ce okaza\u0107 si\u0119 trudne, szczeg\u00f3lnie w zakresie stwierdzenia przyczyny zmiany toru jazdy przez pojazd, kt\u00f3ry potr\u0105ci\u0142 rowerzyst\u0119 \u2013 m\u00f3wi Bielnik.<\/p>\n<\/blockquote>\n\n\n\n<p>Bieg\u0142y wyra\u017ca r\u00f3wnie\u017c w\u0105tpliwo\u015bci co do wiarygodno\u015bci zezna\u0144 \u015bwiadk\u00f3w wypadku, t\u0142umacz\u0105c, \u017ce subiektywno\u015b\u0107 i rozbie\u017cno\u015bci w relacjach wynikaj\u0105 ze specyfiki ludzkiej percepcji.<\/p>\n\n\n\n<h2 class=\"wp-block-heading\">Miejsce wypadku i pierwsze ustalenia<\/h2>\n\n\n\n<p>Do tragedii dosz\u0142o 23 kwietnia na ulicy Kazimierzowskiej w D\u0105browie G\u00f3rniczej. Pose\u0142 \u0141ukasz Litewka, maj\u0105cy 36 lat, wyruszy\u0142 na rowerow\u0105 przeja\u017cd\u017ck\u0119, pokonuj\u0105c zaledwie nieca\u0142e 3 kilometry, gdy \u015bmiertelnie potr\u0105ci\u0142 go kierowca Mitsubishi. Kierowca, lat 57, nie potrafi\u0142 wyja\u015bni\u0107, dlaczego zjecha\u0142 z lewego pasa na prawy, uderzaj\u0105c w rowerzyst\u0119, mimo ograniczenia pr\u0119dko\u015bci do 40 km\/h w miejscu wypadku ze wzgl\u0119du na wady nawierzchni i wzmo\u017cony ruch rowerowy.<\/p>\n\n\n\n<p>Prokuratura postawi\u0142a kierowcy zarzut spowodowania wypadku ze skutkiem \u015bmiertelnym.<\/p>\n\n\n\n<figure class=\"wp-block-image\"><img decoding=\"async\" src=\"https:\/\/cenneinfo.pl\/wp-content\/uploads\/2026\/04\/1090.jpg\" alt=\"obrazek\"\/><\/figure>\n\n\n\n<h2 class=\"wp-block-heading\">Prawo do obrony i analiza materia\u0142u dowodowego<\/h2>\n\n\n\n<p>Ekspert zaznacza, \u017ce rekonstrukcja wypadku zale\u017cy od dost\u0119pno\u015bci i jako\u015bci zebranego materia\u0142u dowodowego, kt\u00f3ry wci\u0105\u017c jest gromadzony. Przypomina r\u00f3wnie\u017c, i\u017c wszelkie w\u0105tpliwo\u015bci musz\u0105 by\u0107 rozstrzygane na korzy\u015b\u0107 podejrzanego, podkre\u015blaj\u0105c potrzeb\u0119 ostro\u017cno\u015bci w wyci\u0105ganiu pochopnych wniosk\u00f3w.<\/p>\n\n\n\n<blockquote class=\"wp-block-quote is-layout-flow wp-block-quote-is-layout-flow\">\n<p>\u015aledztwo jest na bardzo wczesnym etapie, a wszelkie w\u0105tpliwo\u015bci powinny by\u0107 rozstrzygane na korzy\u015b\u0107 podejrzanego czy oskar\u017conego \u2013 ostrzega Bielnik.<\/p>\n<\/blockquote>\n\n\n\n<h2 class=\"wp-block-heading\">Mechanizm obra\u017ce\u0144 i okoliczno\u015bci zdarzenia<\/h2>\n\n\n\n<p>Na podstawie oficjalnego komunikatu prokuratury fachowiec wskazuje, \u017ce przyczyn\u0105 zgonu pos\u0142a by\u0142 krwotok i uszkodzenie aorty udowej \u2013 oznacza to rozleg\u0142e obra\u017cenia ko\u0144czyn dolnych oraz masywne wykrwawienie. W trakcie potr\u0105cenia cia\u0142o rowerzysty mog\u0142o doj\u015b\u0107 do kontaktu zar\u00f3wno z pojazdem, jak i z elementami roweru, co powodowa\u0142o dalsze obra\u017cenia.<\/p>\n\n\n\n<p>Dodatkowo podczas uderzenia dosz\u0142o do p\u0119kni\u0119cia przedniej szyby samochodu, a od\u0142amki szk\u0142a oraz si\u0142a zderzenia polecia\u0142y r\u00f3wnie\u017c w stron\u0119 kierowcy, co spowodowa\u0142o utrat\u0119 kontroli nad pojazdem i wjechanie samochodu do przydro\u017cnego rowu.<\/p>\n\n\n\n<h2 class=\"wp-block-heading\">Samoch\u00f3d sprawcy \u2013 brak rejestrator\u00f3w i wa\u017cne dane<\/h2>\n\n\n\n<p>Mitsubishi Colt, kt\u00f3rym porusza\u0142 si\u0119 57-latek, cho\u0107 nie by\u0142 modelem najnowszym, posiada\u0142 system ABS. Jednak najprawdopodobnie nie by\u0142 wyposa\u017cony w obowi\u0105zkowy od 2024 roku rejestrator danych zdarzeniowych (EDR), kt\u00f3ry rejestruje ruch pojazdu w ostatnich kilku sekundach przed wypadkiem i mog\u0142oby pom\u00f3c w ustaleniu pr\u0119dko\u015bci czy manewr\u00f3w kieruj\u0105cego.<\/p>\n\n\n\n<h2 class=\"wp-block-heading\">\u015awiadkowie i materia\u0142 dowodowy<\/h2>\n\n\n\n<p>Wa\u017cnym elementem \u015bledztwa by\u0142by monitoring miejski lub nagrania z kamer samochodowych, jednak nie wiadomo, czy takie materia\u0142y zosta\u0142y zabezpieczone. Obszar zdarzenia nie jest obj\u0119ty systemem stacjonarnych kamer, dlatego mo\u017cliwe, \u017ce \u015bwiadkowie mog\u0105 posiada\u0107 nagrania z urz\u0105dze\u0144 wbudowanych w pojazdy przeje\u017cd\u017caj\u0105ce w tym czasie.<\/p>\n\n\n\n<p>Bielnik t\u0142umaczy, \u017ce zeznania \u015bwiadk\u00f3w zawsze maj\u0105 charakter subiektywny i mog\u0105 nie pokrywa\u0107 si\u0119 z materialnym zestawem dowod\u00f3w \u2013 to naturalna cecha ludzkiej percepcji.<\/p>\n\n\n\n<h2 class=\"wp-block-heading\">Pr\u0119dko\u015b\u0107 i konieczno\u015b\u0107 precyzyjnej analizy<\/h2>\n\n\n\n<p>Dost\u0119pne dowody to uszkodzony samoch\u00f3d, rower i \u015blady z miejsca zdarzenia. Nie stwierdzono \u015blad\u00f3w hamowania, co wskazuje, \u017ce pojazd nagle zmieni\u0142 tor jazdy. Policja podaje, \u017ce auto porusza\u0142o si\u0119 zgodnie z dozwolon\u0105 pr\u0119dko\u015bci\u0105. Kierowca twierdzi, \u017ce zas\u0142ab\u0142 i nie pami\u0119ta wypadku.<\/p>\n\n\n\n<blockquote class=\"wp-block-quote is-layout-flow wp-block-quote-is-layout-flow\">\n<p>Okre\u015blenie pr\u0119dko\u015bci zar\u00f3wno samochodu jak i roweru wymaga dok\u0142adnych oblicze\u0144, kt\u00f3rych na tym etapie \u015bledztwa nie mo\u017cna jeszcze dokona\u0107 \u2013 podkre\u015bla ekspert i zapowiada konieczno\u015b\u0107 powo\u0142ania bieg\u0142ych.<\/p>\n<\/blockquote>\n\n\n\n<h2 class=\"wp-block-heading\">Mo\u017cliwe przyczyny zmiany toru jazdy<\/h2>\n\n\n\n<p>Ekspert zaznacza, \u017ce zmiana toru jazdy nie musi wynika\u0107 z b\u0142\u0119du kierowcy \u2013 mog\u0142a by\u0107 rezultatem nag\u0142ej utraty przytomno\u015bci lub rozproszenia uwagi, na przyk\u0142ad przez telefon. Analiza aktywno\u015bci urz\u0105dzenia podczas zdarzenia powinna zosta\u0107 przeprowadzona przez bieg\u0142ych.<\/p>\n\n\n\n<p>Bielnik wskazuje, \u017ce zmiana toru jazdy trwa\u0142a zaledwie kilka sekund \u2013 w tym kr\u00f3tkim czasie zar\u00f3wno kierowca, jak i rowerzysta mieli ograniczone mo\u017cliwo\u015bci reakcji i zapobie\u017cenia wypadkowi.<\/p>\n\n\n\n<h2 class=\"wp-block-heading\">Si\u0142a uderzenia i konsekwencje wypadku<\/h2>\n\n\n\n<p>Po zderzeniu samoch\u00f3d, uderzaj\u0105c w przeszkod\u0119, wpad\u0142 do przydro\u017cnego rowu. W wyniku zderzenia szyba przednia pojazdu zosta\u0142a powa\u017cnie uszkodzona. Rowerzysta prawie wpad\u0142 do kabiny, a od\u0142amki szk\u0142a polecia\u0142y w kierunku kierowcy \u2013 to zdarzenie dodatkowo ograniczy\u0142o kontrol\u0119 nad pojazdem.<\/p>\n\n\n\n<h2 class=\"wp-block-heading\">Wypadki z udzia\u0142em rowerzyst\u00f3w \u2013 cz\u0119sty problem<\/h2>\n\n\n\n<p>Bielnik podkre\u015bla, \u017ce tego typu zdarzenia zdarzaj\u0105 si\u0119 regularnie i najcz\u0119stsz\u0105 przyczyn\u0105 jest czynnik ludzki. Nawet najdrobniejszy b\u0142\u0105d, pope\u0142niony w u\u0142amku sekundy, mo\u017ce prowadzi\u0107 do tragicznych skutk\u00f3w.<\/p>\n\n\n\n<blockquote class=\"wp-block-quote is-layout-flow wp-block-quote-is-layout-flow\">\n<p>Okoliczno\u015bci danego wypadku nie s\u0105 niczym nadzwyczajnym. Minimalny b\u0142\u0105d uczestnika ruchu drogowego mo\u017ce sko\u0144czy\u0107 si\u0119 tragedi\u0105 \u2013 podsumowuje.<\/p>\n<\/blockquote>\n\n\n\n<h2 class=\"wp-block-heading\">Apel do spo\u0142ecze\u0144stwa o spok\u00f3j i zaufanie do \u015bledztwa<\/h2>\n\n\n\n<p>Ekspert zwraca uwag\u0119, \u017ce emocje wywo\u0142ane tym zdarzeniem s\u0105 zrozumia\u0142e, zw\u0142aszcza ze wzgl\u0119du na \u015bmier\u0107 osoby publicznej, kt\u00f3ra cieszy\u0142a si\u0119 szacunkiem. Mimo to organy \u015bcigania powinny opiera\u0107 si\u0119 na faktach i dowodach, a rzetelne \u015bledztwo i proces s\u0105 niezb\u0119dne.<\/p>\n\n\n\n<p>Bielnik apeluje, by nie ferowa\u0107 pochopnych wyrok\u00f3w na podstawie szcz\u0105tkowych informacji, lecz poczeka\u0107 na wyniki pracy prokuratury i policji.<\/p>\n","protected":false},"excerpt":{"rendered":"Rafa\u0142 Bielnik, bieg\u0142y i ekspert ds. analizy wypadk\u00f3w drogowych, podkre\u015bla, \u017ce w przypadku tragicznego zdarzenia ze \u015bmiertelnym potr\u0105ceniem pos\u0142a \u0141ukasza Litewki precyzyjne ustalenie \n<a class=\"moretag\" href=\"https:\/\/swiat24.pl.ua\/?p=26404\"> [...]<\/a>","protected":false},"author":1,"featured_media":26405,"comment_status":"open","ping_status":"open","sticky":false,"template":"","format":"standard","meta":{"footnotes":""},"categories":[1],"tags":[],"class_list":["post-26404","post","type-post","status-publish","format-standard","has-post-thumbnail","hentry","category-blog"],"_links":{"self":[{"href":"https:\/\/swiat24.pl.ua\/index.php?rest_route=\/wp\/v2\/posts\/26404","targetHints":{"allow":["GET"]}}],"collection":[{"href":"https:\/\/swiat24.pl.ua\/index.php?rest_route=\/wp\/v2\/posts"}],"about":[{"href":"https:\/\/swiat24.pl.ua\/index.php?rest_route=\/wp\/v2\/types\/post"}],"author":[{"embeddable":true,"href":"https:\/\/swiat24.pl.ua\/index.php?rest_route=\/wp\/v2\/users\/1"}],"replies":[{"embeddable":true,"href":"https:\/\/swiat24.pl.ua\/index.php?rest_route=%2Fwp%2Fv2%2Fcomments&post=26404"}],"version-history":[{"count":1,"href":"https:\/\/swiat24.pl.ua\/index.php?rest_route=\/wp\/v2\/posts\/26404\/revisions"}],"predecessor-version":[{"id":26406,"href":"https:\/\/swiat24.pl.ua\/index.php?rest_route=\/wp\/v2\/posts\/26404\/revisions\/26406"}],"wp:featuredmedia":[{"embeddable":true,"href":"https:\/\/swiat24.pl.ua\/index.php?rest_route=\/wp\/v2\/media\/26405"}],"wp:attachment":[{"href":"https:\/\/swiat24.pl.ua\/index.php?rest_route=%2Fwp%2Fv2%2Fmedia&parent=26404"}],"wp:term":[{"taxonomy":"category","embeddable":true,"href":"https:\/\/swiat24.pl.ua\/index.php?rest_route=%2Fwp%2Fv2%2Fcategories&post=26404"},{"taxonomy":"post_tag","embeddable":true,"href":"https:\/\/swiat24.pl.ua\/index.php?rest_route=%2Fwp%2Fv2%2Ftags&post=26404"}],"curies":[{"name":"wp","href":"https:\/\/api.w.org\/{rel}","templated":true}]}}