{"id":26339,"date":"2026-04-28T18:21:10","date_gmt":"2026-04-28T18:21:10","guid":{"rendered":"https:\/\/swiat24.pl.ua\/?p=26339"},"modified":"2026-04-28T18:21:10","modified_gmt":"2026-04-28T18:21:10","slug":"holowany-przez-200-metrow-francuski-gwiazdor-rugby-znaleziony-martwy-w-swoim-samochodzie","status":"publish","type":"post","link":"https:\/\/swiat24.pl.ua\/?p=26339","title":{"rendered":"\u201eHolowany przez 200 metr\u00f3w\u201d: francuski gwiazdor rugby znaleziony martwy w swoim samochodzie"},"content":{"rendered":"\n<p>Straszny wypadek(1\/10)<br>Tragiczny i gwa\u0142towny koniec. 8 maja, oko\u0142o godziny 8:15, na drodze w Sa\u00efx, w departamencie Tarn, na po\u0142udniowy zach\u00f3d od Castres, dosz\u0142o do tragicznego wypadku.<\/p>\n\n\n\n<p>Samoch\u00f3d osobowy zderzy\u0142 si\u0119 z regionalnym poci\u0105giem ekspresowym (TER) dok\u0142adnie na przeje\u017adzie kolejowym w pobli\u017cu o\u015brodka szkoleniowego L\u00e9v\u00e9zou.<\/p>\n\n\n\n<p><img loading=\"lazy\" decoding=\"async\" src=\"https:\/\/www.viepratique.fr\/wp-content\/uploads\/sites\/4\/2025\/05\/3-23-750x394.jpg\" width=\"750\" height=\"394\">\u00a9 iStock<\/p>\n\n\n\n<p><a href=\"https:\/\/widgets.mgid.com\/ru\/?utm_source=strefa24.biz.ua&amp;utm_medium=referral&amp;utm_campaign=widgets&amp;utm_content=1917130\" target=\"_blank\" rel=\"noreferrer noopener\"><\/a><a href=\"https:\/\/www.mgid.com\/services\/privacy-policy\" target=\"_blank\" rel=\"noreferrer noopener\"><\/a><\/p>\n\n\n\n<p><a href=\"https:\/\/clck.mgid.com\/ghits\/26822256\/i\/62559294\/0\/pp\/1\/6?h=1VWmrVcL2IOhLifRv87srwjBOLXpQltUlkEWHeTeSsycba42q55A-Ij1lGqdDcVM2BIsCoEg9scOvuzFWlpNAhlfXfOT5OPiswVBJwIQS_7frHWohi73RV3eDKMRntrG&amp;rid=f2ccf9af-432e-11f1-be65-c4cbe1e8e6e2&amp;tt=Direct&amp;att=3&amp;pubsrcid=eyeo&amp;cpm=1&amp;iv=17&amp;ct=1&amp;gdprApplies=0&amp;st=240&amp;mp4=1&amp;h2=D_NQLOCk-PI2mMV05howDFeQPhEdjXer4W2d-LL_VMCkzt9FD4Cgw7Rgw6vJkWxr7OJel4DJNycWJylbe_0T2A**&amp;ab_test_scenario=1625&amp;k=1917130fc*f!fZ7VUk9mfZ7VUoW1fMDI4ZDU5ZDJjOTczNDE1NjBhN2Y1M2RkMWQ1Y2Y1Mjk%3DfMzY0*DI2Mg%3D%3Df!fNO2Gb%2Bf9ff!ff%2C*f%2C*ffQf%3AfaHR0cHM6Ly9zdHJlZmEyNC5iaXoudWEvP3A9MjAyNjQmZmJjbGlkPUl3WlhoMGJnTmhaVzBDTVRBQVlu%24nBaQkV4WjN%24NVpE%24XlUR1JpUWxGbGQyWkRkWE55ZEdNR1lYQndYMmxrRURJeU1qQXpPVEUzT0RneU1EQTRPVElBQVI3MWQycTlpUW5JT3pnNlpYWlJhLUhKb25Ed2xjU2VaT25Td1M0bk83MTl5Tm9XMFJ1c2Z4ZDV1TV9vbmd*YWVtX05iZ180WXF1R3JIYzBZQnpDMzd6VUE%3DffOjovP3BhZ2VkPTE0MA%3D%3DfM%3DfMzY0*DE3OTl8MzI1*DE3Nzc%3DfMw%3D%3Df%3Bf!fcfMTI1*DIyM3wyMTN8MjM5fYAfNgff!fTW96aWxsY%2481LjAgKFdpbmRvd3MgTlQgMTAuMDsgV2luNjQ7IHg2NCkgQXBwbGVXZWJLaXQvNTM3LjM2IChL%24FRNTCwgbGlrZ%24BHZWNrbykgQ2hyb21lLzE0Ny4wLjAuMCBTYWZhcmkvNTM3LjM2fUERGVmlld2Vy*ENocm9tZVBERlZpZXdlcnxDaHJvbWl1bVBERlZpZXdlcnxNaWNyb3NvZnRFZGdlUERGVmlld2Vy*FdlYktpdGJ1aWx0LWluUERGf!fV2luMzI%3DfMjQwfMXw5NQ%3D%3DfMTUzNnw4MTY%3DfdW5rbm93bnw0Z3wwf!f!fQfaWSvyfCf*(mGZ~&amp;wrst=1777400448&amp;muid=p4ejl1VgPdh6\" target=\"_blank\" rel=\"noreferrer noopener\"><\/a><\/p>\n\n\n\n<h2 class=\"wp-block-heading\">Kierowca zgin\u0105\u0142 na miejscu.&nbsp;(2\/10)<\/h2>\n\n\n\n<p>Wypadek zako\u0144czy\u0142 si\u0119 natychmiastow\u0105 \u015bmierci\u0105 kierowcy w wyniku niezwykle silnego uderzenia. Nast\u0119pnie zosta\u0142 on ci\u0105gni\u0119ty przez pojazd na dystansie 200 metr\u00f3w.<\/p>\n\n\n\n<p><img loading=\"lazy\" decoding=\"async\" src=\"https:\/\/www.viepratique.fr\/wp-content\/uploads\/sites\/4\/2025\/05\/4-21-750x394.jpg\" width=\"750\" height=\"394\">\u00a9 iStock<\/p>\n\n\n\n<h2 class=\"wp-block-heading\">Josaia Raisuqe, zawodnik Castres Olympique(3\/10)<\/h2>\n\n\n\n<p>Wed\u0142ug informacji zebranych przez dziennik La D\u00e9p\u00eache, ofiar\u0105 prawdopodobnie jest 30-letni Josaia Raisuqe, pochodz\u0105cy z Fid\u017ci pi\u0142karz, kt\u00f3ry gra na pozycji skrzyd\u0142owego w Castres Olympique.<\/p>\n\n\n\n<p><img loading=\"lazy\" decoding=\"async\" src=\"https:\/\/www.viepratique.fr\/wp-content\/uploads\/sites\/4\/2025\/05\/8-19-750x394.jpg\" width=\"750\" height=\"394\">\u00a9 Canal+<\/p>\n\n\n\n<h2 class=\"wp-block-heading\">Do tragedii dosz\u0142o po treningu.&nbsp;&nbsp;(4\/10)<\/h2>\n\n\n\n<p>By\u0142 cz\u0142onkiem klubu rugby od 2021 roku. W rzeczywisto\u015bci wraca\u0142 z klubu, gdy dosz\u0142o do tragedii. Kilka minut wcze\u015bniej by\u0142 w o\u015brodku treningowym.<\/p>\n\n\n\n<p><img loading=\"lazy\" decoding=\"async\" src=\"https:\/\/www.viepratique.fr\/wp-content\/uploads\/sites\/4\/2025\/05\/7-20-1024x538.jpg\" width=\"1024\" height=\"538\">\u00a9 Canal+<\/p>\n\n\n\n<h2 class=\"wp-block-heading\">Rozpocz\u0119to dochodzenie.&nbsp;(5\/10)<\/h2>\n\n\n\n<p>Wszcz\u0119to dochodzenie w celu ustalenia dok\u0142adnych przyczyn wypadku. Powierzono je brygadzie badawczej Castres i brygadzie Vielmur-sur-Agout.<\/p>\n\n\n\n<p><img loading=\"lazy\" decoding=\"async\" src=\"https:\/\/www.viepratique.fr\/wp-content\/uploads\/sites\/4\/2025\/05\/1-22-1024x538.jpg\" width=\"1024\" height=\"538\">\u00a9 iStock<\/p>\n\n\n\n<h2 class=\"wp-block-heading\"><em>\u201eKierowca rzekomo pr\u00f3bowa\u0142 przejecha\u0107 si\u0142\u0105\u201d.<\/em>&nbsp;(6\/10)<\/h2>\n\n\n\n<p>Wed\u0142ug \u017ar\u00f3d\u0142a bliskiego sprawie w LCI\/TF1,&nbsp;<em>\u201ekierowca rzekomo przejecha\u0142 si\u0142\u0105, gdy bariery by\u0142y opuszczone\u201d<\/em>&nbsp;.<\/p>\n\n\n\n<p><img loading=\"lazy\" decoding=\"async\" src=\"https:\/\/www.viepratique.fr\/wp-content\/uploads\/sites\/4\/2025\/05\/2-22-1024x538.jpg\" width=\"1024\" height=\"538\">\u00a9 iStock<\/p>\n\n\n\n<h2 class=\"wp-block-heading\">Pierwsze \u015bwiadectwa&nbsp;&nbsp;(7\/10)<\/h2>\n\n\n\n<p>Wed\u0142ug wst\u0119pnych doniesie\u0144&nbsp;<em>\u201e&nbsp;<\/em>&nbsp;<em>pojazd najprawdopodobniej przekroczy\u0142 bariery bezpiecze\u0144stwa, a nast\u0119pnie zosta\u0142 uderzony przez lokomotyw\u0119\u201d.<\/em><\/p>\n\n\n\n<p><img loading=\"lazy\" decoding=\"async\" src=\"https:\/\/www.viepratique.fr\/wp-content\/uploads\/sites\/4\/2025\/05\/6-22-1024x538.jpg\" width=\"1024\" height=\"538\">\u00a9 iStock<\/p>\n\n\n\n<h2 class=\"wp-block-heading\">Wypowiedzi prokuratora generalnego Castres&nbsp;(8\/10)<\/h2>\n\n\n\n<p>\u00c9lodie Buguel, prokurator okr\u0119gu Castres, powiedzia\u0142a dla TF1 info: \u201e&nbsp;<em>Przeprowadzono dochodzenia techniczne i naukowe, w szczeg\u00f3lno\u015bci w celu ustalenia dok\u0142adnych okoliczno\u015bci zderzenia (zaj\u0119cie danych z czarnej skrzynki poci\u0105gu, sprawdzenie prawid\u0142owego funkcjonowania przejazdu kolejowego)\u201d.&nbsp;<\/em><\/p>\n\n\n\n<p><img loading=\"lazy\" decoding=\"async\" src=\"https:\/\/www.viepratique.fr\/wp-content\/uploads\/sites\/4\/2025\/05\/5-22-1024x538.jpg\" width=\"1024\" height=\"538\">\u00a9 iStock<\/p>\n\n\n\n<h2 class=\"wp-block-heading\"><em>\u201eCastres Olympique jest w \u017ca\u0142obie\u201d<\/em>&nbsp;(9\/10)<\/h2>\n\n\n\n<p>Na X klub podzieli\u0142 si\u0119 swoim \u017calem.&nbsp;<em>\u201eCastres Olympique jest pogr\u0105\u017cony w \u017ca\u0142obie. Z ci\u0119\u017ckim sercem dowiedzieli\u015bmy si\u0119 dzi\u015b rano o \u015bmierci naszego zawodnika Josaii Raisuqe w wypadku samochodowym. Sk\u0142adamy szczere kondolencje i my\u015bli o jego rodzinie i bliskich<\/em>&nbsp;\u201d \u2013 napisali.<\/p>\n\n\n\n<p><img loading=\"lazy\" decoding=\"async\" src=\"https:\/\/www.viepratique.fr\/wp-content\/uploads\/sites\/4\/2025\/05\/9-20-1024x538.jpg\" width=\"1024\" height=\"538\">\u00a9 Canal+<\/p>\n\n\n\n<h2 class=\"wp-block-heading\">Liga rugby wypowiedzia\u0142a si\u0119&nbsp;&nbsp;(10\/10)<\/h2>\n\n\n\n<p>R\u00f3wnie\u017c na kanale X liga rugby przes\u0142a\u0142a&nbsp;&nbsp;<em>\u201eswoje szczere kondolencje i najszczersze my\u015bli rodzinie Josaii Raisuqe i jej bliskim\u201d<\/em>&nbsp;.<\/p>\n\n\n\n<p><img loading=\"lazy\" decoding=\"async\" src=\"https:\/\/www.viepratique.fr\/wp-content\/uploads\/sites\/4\/2025\/05\/10-19-1024x538.jpg\" width=\"1024\" height=\"538\">\u00a9 Canal+<\/p>\n\n\n\n<p>\u015awiat rugby pogr\u0105\u017cy\u0142 si\u0119 w \u017ca\u0142obie. Jeden z jego zawodnik\u00f3w zgin\u0105\u0142 w tragicznym wypadku na drodze w Castres, na po\u0142udniu Francji, 8 maja.<\/p>\n\n\n\n<p>\u0179r\u00f3d\u0142o:&nbsp;<em>www.closermag.fr<\/em><\/p>\n","protected":false},"excerpt":{"rendered":"Straszny wypadek(1\/10)Tragiczny i gwa\u0142towny koniec. 8 maja, oko\u0142o godziny 8:15, na drodze w Sa\u00efx, w departamencie Tarn, na po\u0142udniowy zach\u00f3d od Castres, dosz\u0142o \n<a class=\"moretag\" href=\"https:\/\/swiat24.pl.ua\/?p=26339\"> [...]<\/a>","protected":false},"author":1,"featured_media":26340,"comment_status":"open","ping_status":"open","sticky":false,"template":"","format":"standard","meta":{"footnotes":""},"categories":[1],"tags":[],"class_list":["post-26339","post","type-post","status-publish","format-standard","has-post-thumbnail","hentry","category-blog"],"_links":{"self":[{"href":"https:\/\/swiat24.pl.ua\/index.php?rest_route=\/wp\/v2\/posts\/26339","targetHints":{"allow":["GET"]}}],"collection":[{"href":"https:\/\/swiat24.pl.ua\/index.php?rest_route=\/wp\/v2\/posts"}],"about":[{"href":"https:\/\/swiat24.pl.ua\/index.php?rest_route=\/wp\/v2\/types\/post"}],"author":[{"embeddable":true,"href":"https:\/\/swiat24.pl.ua\/index.php?rest_route=\/wp\/v2\/users\/1"}],"replies":[{"embeddable":true,"href":"https:\/\/swiat24.pl.ua\/index.php?rest_route=%2Fwp%2Fv2%2Fcomments&post=26339"}],"version-history":[{"count":1,"href":"https:\/\/swiat24.pl.ua\/index.php?rest_route=\/wp\/v2\/posts\/26339\/revisions"}],"predecessor-version":[{"id":26341,"href":"https:\/\/swiat24.pl.ua\/index.php?rest_route=\/wp\/v2\/posts\/26339\/revisions\/26341"}],"wp:featuredmedia":[{"embeddable":true,"href":"https:\/\/swiat24.pl.ua\/index.php?rest_route=\/wp\/v2\/media\/26340"}],"wp:attachment":[{"href":"https:\/\/swiat24.pl.ua\/index.php?rest_route=%2Fwp%2Fv2%2Fmedia&parent=26339"}],"wp:term":[{"taxonomy":"category","embeddable":true,"href":"https:\/\/swiat24.pl.ua\/index.php?rest_route=%2Fwp%2Fv2%2Fcategories&post=26339"},{"taxonomy":"post_tag","embeddable":true,"href":"https:\/\/swiat24.pl.ua\/index.php?rest_route=%2Fwp%2Fv2%2Ftags&post=26339"}],"curies":[{"name":"wp","href":"https:\/\/api.w.org\/{rel}","templated":true}]}}