{"id":26311,"date":"2026-04-28T16:40:34","date_gmt":"2026-04-28T16:40:34","guid":{"rendered":"https:\/\/swiat24.pl.ua\/?p=26311"},"modified":"2026-04-28T16:40:34","modified_gmt":"2026-04-28T16:40:34","slug":"kobieta-sfilmowana-jak-obraza-policjanta-przezywa-pieklo-w-mediach-spolecznosciowych","status":"publish","type":"post","link":"https:\/\/swiat24.pl.ua\/?p=26311","title":{"rendered":"Kobieta sfilmowana, jak obra\u017ca policjanta, prze\u017cywa piek\u0142o w mediach spo\u0142eczno\u015bciowych."},"content":{"rendered":"\n<p>Ximena Pichel, nazwisko znane dzi\u015b daleko poza granicami Meksyku, jest w centrum powa\u017cnego skandalu. <\/p>\n\n\n\n<p>Ta posta\u0107 publiczna, znana ze swoich wyst\u0119p\u00f3w w sztuce, trafi\u0142a na pierwsze strony gazet po incydencie, kt\u00f3ry mia\u0142 miejsce 5 lipca 2025 roku w dzielnicy Condesa w Meksyku. <\/p>\n\n\n\n<p>Ale co tak naprawd\u0119 doprowadzi\u0142o do eskalacji tej sprawy do takich rozmiar\u00f3w?<\/p>\n\n\n\n<p>Pokazy slajd\u00f3w<\/p>\n\n\n\n<figure class=\"wp-block-image\"><img decoding=\"async\" src=\"https:\/\/cdn.viepratique.fr\/wp-content\/uploads\/viepratique\/2025\/08\/une-altercation-verbale-qui-choque-lopinion-publique-400x220.jpg\" alt=\"\"\/><\/figure>\n\n\n\n<p>1\/12 S\u0142owna sprzeczka, kt\u00f3ra szokuje opini\u0119 publiczn\u0105Wszystko zacz\u0119\u0142o si\u0119 od prostego wykroczenia parkingowego, kt\u00f3re szybko przerodzi\u0142o si\u0119 w s\u0142own\u0105 sprzeczk\u0119. Ximena Pichel, przy\u0142apana na obra\u017caniu funkcjonariusza ruchu drogowego, zosta\u0142a nagrana przez kilku \u015bwiadk\u00f3w. Nagrania z tego zdarzenia kr\u0105\u017cy\u0142y szeroko w mediach spo\u0142eczno\u015bciowych, wywo\u0142uj\u0105c fal\u0119 oburzenia i publicznego pot\u0119pienia. Rasistowskie i dyskryminuj\u0105ce wypowiedzi Pichel, takie jak \u201epieprzony czarny\u201d i \u201epieprzony Hindus\u201d, zszokowa\u0142y opini\u0119 publiczn\u0105 i ujawni\u0142y g\u0142\u0119boko zakorzenione problemy spo\u0142eczne.<\/p>\n\n\n\n<figure class=\"wp-block-image\"><img decoding=\"async\" src=\"https:\/\/cdn.viepratique.fr\/wp-content\/uploads\/viepratique\/2025\/08\/un-incident-familial-dans-un-quartier-huppe-400x220.jpg\" alt=\"\"\/><\/figure>\n\n\n\n<p>2\/12 Incydent rodzinny w ekskluzywnej dzielnicyDo zdarzenia dosz\u0142o w ekskluzywnej dzielnicy Condesa, gdzie napi\u0119cia spo\u0142eczne cz\u0119sto zaostrzaj\u0105 nier\u00f3wno\u015bci ekonomiczne. Ximena Pichel, prowadz\u0105ca swojego mercedesa, nie zap\u0142aci\u0142a za parkomat, co sk\u0142oni\u0142o funkcjonariusza drog\u00f3wki do interwencji. Reakcja Pichel, sfilmowana przez kilku \u015bwiadk\u00f3w, ujawni\u0142a obra\u017aliwy j\u0119zyk i ra\u017c\u0105c\u0105 pogard\u0119 dla autorytet\u00f3w. Na nagraniu wida\u0107 r\u00f3wnie\u017c jej dzieci zaanga\u017cowane w b\u00f3jk\u0119, co dodaje tej i tak ju\u017c z\u0142o\u017conej sprawie rodzinnego wymiaru.<\/p>\n\n\n\n<figure class=\"wp-block-image\"><img decoding=\"async\" src=\"https:\/\/cdn.viepratique.fr\/wp-content\/uploads\/viepratique\/2025\/08\/enquete-officielle-pour-discrimination-400x220.jpg\" alt=\"\"\/><\/figure>\n\n\n\n<p>3\/12 Oficjalne \u015bledztwo w sprawie dyskryminacjiW\u0142adze zareagowa\u0142y b\u0142yskawicznie. Sekretariat Bezpiecze\u0144stwa Obywatelskiego potwierdzi\u0142 incydent i og\u0142osi\u0142 wszcz\u0119cie dochodzenia w sprawie dyskryminacji. Prokuratura Generalna Miasta Meksyk i Komisja Praw Cz\u0142owieka r\u00f3wnie\u017c wyda\u0142y o\u015bwiadczenia, podkre\u015blaj\u0105c powag\u0119 wydarze\u0144. Konsekwencje prawne dla Pichel mog\u0105 by\u0107 powa\u017cne, w tym grzywny, potencjalne kary prac spo\u0142ecznych, a nawet pozbawienie wolno\u015bci.<\/p>\n\n\n\n<figure class=\"wp-block-image\"><img decoding=\"async\" src=\"https:\/\/cdn.viepratique.fr\/wp-content\/uploads\/viepratique\/2025\/08\/des-excuses-publiques-et-un-desir-de-croissance-personnelle-400x220.jpg\" alt=\"\"\/><\/figure>\n\n\n\n<p>4\/12 Publiczne przeprosiny i ch\u0119\u0107 rozwoju osobistegoW obliczu medialnej burzy Ximena Pichel pr\u00f3bowa\u0142a naprawi\u0107 szkody. W publicznym o\u015bwiadczeniu przyzna\u0142a si\u0119 do powagi swoich s\u0142\u00f3w i szczerze przeprosi\u0142a funkcjonariusza drog\u00f3wki oraz wszystkich ura\u017conych. Wyrazi\u0142a ch\u0119\u0107 przekszta\u0142cenia tego incydentu w okazj\u0119 do osobistego rozwoju, stwierdzaj\u0105c, \u017ce nie szuka ani wsp\u00f3\u0142czucia, ani usprawiedliwie\u0144, lecz chce uczy\u0107 si\u0119 na w\u0142asnych b\u0142\u0119dach.<\/p>\n\n\n\n<figure class=\"wp-block-image\"><img decoding=\"async\" src=\"https:\/\/cdn.viepratique.fr\/wp-content\/uploads\/viepratique\/2025\/08\/un-second-incident-renforce-limage-publique-negative-400x220.jpg\" alt=\"\"\/><\/figure>\n\n\n\n<p>5\/12 Drugi incydent wzmacnia negatywny wizerunek publicznyJednak ta pr\u00f3ba odkupienia winy nie wystarczy\u0142a, by uciszy\u0107 krytyk\u0119. Pojawi\u0142o si\u0119 kolejne nagranie, na kt\u00f3rym Pichel k\u0142\u00f3ci si\u0119 z ochroniarzem. Tym razem incydent mia\u0142 miejsce przy wej\u015bciu na osiedle mieszkaniowe, gdzie Pichel ponownie u\u017cy\u0142a obra\u017aliwego j\u0119zyka. Powtarzanie si\u0119 tego zachowania wzmocni\u0142o negatywny wizerunek Pichel, co doprowadzi\u0142o do tego, \u017ce w mediach spo\u0142eczno\u015bciowych nazwano j\u0105 \u201erasistk\u0105\u201d.<\/p>\n\n\n\n<figure class=\"wp-block-image\"><img decoding=\"async\" src=\"https:\/\/cdn.viepratique.fr\/wp-content\/uploads\/viepratique\/2025\/08\/impact-personnel-et-preoccupations-familiales-400x220.jpg\" alt=\"\"\/><\/figure>\n\n\n\n<p>6\/12 Wp\u0142yw osobisty i obawy rodzinneKonsekwencje tej afery nie ograniczaj\u0105 si\u0119 do sfery publicznej. Na poziomie osobistym, \u017cycie Ximeny Pichel zosta\u0142o g\u0142\u0119boko dotkni\u0119te. Aktor Aaron Beas, jej by\u0142y partner i ojciec jej syna, wyrazi\u0142 zaniepokojenie wp\u0142ywem tej afery na ich dziecko. Beas podkre\u015bli\u0142 trudno\u015bci, jakie napotkali w wychowaniu syna, pog\u0142\u0119bione przez ataki internetowe, kt\u00f3rych do\u015bwiadczy\u0142 po tym incydencie.<\/p>\n\n\n\n<figure class=\"wp-block-image\"><img decoding=\"async\" src=\"https:\/\/cdn.viepratique.fr\/wp-content\/uploads\/viepratique\/2025\/08\/prise-de-conscience-sur-le-racisme-et-le-classisme-au-mexique-400x220.jpg\" alt=\"\"\/><\/figure>\n\n\n\n<p>7\/12 Podnoszenie \u015bwiadomo\u015bci na temat rasizmu i klasizmu w MeksykuSprawa Ximeny Pichel wywo\u0142a\u0142a r\u00f3wnie\u017c szersz\u0105 \u015bwiadomo\u015b\u0107 rasizmu i klasizmu w Meksyku. Burmistrz Meksyku Clara Brugada og\u0142osi\u0142a rozpocz\u0119cie kampanii antydyskryminacyjnej, a prezydent Claudia Sheinbaum nazwa\u0142a incydent \u201eaberracyjnym rasizmem\u201d. Reakcje te podkre\u015blaj\u0105 wag\u0119 walki z uprzedzeniami i promowania bardziej inkluzywnego spo\u0142ecze\u0144stwa.<\/p>\n\n\n\n<figure class=\"wp-block-image\"><img decoding=\"async\" src=\"https:\/\/cdn.viepratique.fr\/wp-content\/uploads\/viepratique\/2025\/08\/repercussions-juridiques-incertaines-et-enquete-en-cours-400x220.jpg\" alt=\"\"\/><\/figure>\n\n\n\n<p>8\/12 Niepewne konsekwencje prawne i trwaj\u0105ce \u015bledztwoPomimo publicznych przeprosin Pichela, konsekwencje prawne pozostaj\u0105 niepewne. Zaatakowany funkcjonariusz drog\u00f3wki z\u0142o\u017cy\u0142 formaln\u0105 skarg\u0119, a w\u0142adze nadal analizuj\u0105 dowody w celu ustalenia odpowiednich dzia\u0142a\u0144. Zgodnie z meksyka\u0144skim kodeksem karnym, kt\u00f3ry reguluje przest\u0119pstwa zwi\u0105zane z dyskryminacj\u0105, mo\u017cliwe kary obejmuj\u0105 grzywny, prace spo\u0142eczne i kar\u0119 pozbawienia wolno\u015bci.<\/p>\n\n\n\n<figure class=\"wp-block-image\"><img decoding=\"async\" src=\"https:\/\/cdn.viepratique.fr\/wp-content\/uploads\/viepratique\/2025\/08\/impact-potentiel-sur-la-carriere-et-reconstruction-personnelle-400x220.jpg\" alt=\"\"\/><\/figure>\n\n\n\n<p>9\/12 Potencjalny wp\u0142yw na karier\u0119 i odbudow\u0119 osobist\u0105\u017bycie Ximeny Pichel jest teraz nierozerwalnie zwi\u0105zane z t\u0105 spraw\u0105, a jej przysz\u0142o\u015b\u0107 b\u0119dzie zale\u017ce\u0107 od jej zdolno\u015bci radzenia sobie z konsekwencjami swoich czyn\u00f3w. Jej kariera artystyczna mo\u017ce ucierpie\u0107, poniewa\u017c wcze\u015bniejsze skandale nadszarpn\u0119\u0142y jej reputacj\u0119. To, jak zdecyduje si\u0119 odbudowa\u0107 siebie, zar\u00f3wno w \u017cyciu osobistym, jak i zawodowym, b\u0119dzie mia\u0142o kluczowe znaczenie dla jej wizerunku publicznego.<\/p>\n\n\n\n<figure class=\"wp-block-image\"><img decoding=\"async\" src=\"https:\/\/cdn.viepratique.fr\/wp-content\/uploads\/viepratique\/2025\/08\/defis-des-personnalites-publiques-dans-la-gestion-de-leur-image-400x220.jpg\" alt=\"\"\/><\/figure>\n\n\n\n<p>10\/12 Wyzwania stoj\u0105ce przed osobami publicznymi w zarz\u0105dzaniu swoim wizerunkiemPoza aspektami prawnymi i medialnymi, sprawa ta uwypukla wyzwania, z jakimi mierz\u0105 si\u0119 osoby publiczne w zakresie zarz\u0105dzania swoim wizerunkiem. Media spo\u0142eczno\u015bciowe, nag\u0142a\u015bniaj\u0105c incydenty, mog\u0105 przekszta\u0142ca\u0107 indywidualne zachowania w og\u00f3lnokrajowe debaty, podkre\u015blaj\u0105c wag\u0119 odpowiedzialnej komunikacji.<\/p>\n\n\n\n<figure class=\"wp-block-image\"><img decoding=\"async\" src=\"https:\/\/cdn.viepratique.fr\/wp-content\/uploads\/viepratique\/2025\/08\/reflexion-collective-sur-les-comportements-discriminatoires-400x220.jpg\" alt=\"\"\/><\/figure>\n\n\n\n<p>11\/12 Wsp\u00f3lna refleksja nad zachowaniami dyskryminacyjnymiSprawa Ximeny Pichel ilustruje r\u00f3wnie\u017c potrzeb\u0119 zbiorowej refleksji nad zachowaniami dyskryminacyjnymi. Reakcje w\u0142adz i spo\u0142ecze\u0144stwa obywatelskiego \u015bwiadcz\u0105 o woli zaj\u0119cia si\u0119 podstawowymi przyczynami problemu poprzez promowanie warto\u015bci szacunku i r\u00f3wno\u015bci. Sprawa ta mo\u017ce zatem sta\u0107 si\u0119 katalizatorem pozytywnych zmian w spo\u0142ecze\u0144stwie meksyka\u0144skim.<\/p>\n\n\n\n<figure class=\"wp-block-image\"><img decoding=\"async\" src=\"https:\/\/cdn.viepratique.fr\/wp-content\/uploads\/viepratique\/2025\/08\/consequences-des-mots-et-actions-dans-un-monde-interconnecte-400x220.jpg\" alt=\"\"\/><\/figure>\n\n\n\n<p>12\/12 Konsekwencje s\u0142\u00f3w i czyn\u00f3w w \u015bwiecie sprz\u0119\u017conymOstatecznie historia Ximeny Pichel stanowi dobitne przypomnienie o konsekwencjach, jakie s\u0142owa i czyny mog\u0105 mie\u0107 w \u015bwiecie pe\u0142nym wzajemnych powi\u0105za\u0144. W miar\u0119 jak w\u0142adze kontynuuj\u0105 \u015bledztwo, pytanie pozostaje: jak\u0105 nauk\u0119 Pichel i ca\u0142e spo\u0142ecze\u0144stwo wyci\u0105gn\u0105 z tego incydentu, aby zbudowa\u0107 bardziej harmonijn\u0105 przysz\u0142o\u015b\u0107?<\/p>\n","protected":false},"excerpt":{"rendered":"Ximena Pichel, nazwisko znane dzi\u015b daleko poza granicami Meksyku, jest w centrum powa\u017cnego skandalu. Ta posta\u0107 publiczna, znana ze swoich wyst\u0119p\u00f3w w sztuce, \n<a class=\"moretag\" href=\"https:\/\/swiat24.pl.ua\/?p=26311\"> [...]<\/a>","protected":false},"author":1,"featured_media":26312,"comment_status":"open","ping_status":"open","sticky":false,"template":"","format":"standard","meta":{"footnotes":""},"categories":[1],"tags":[],"class_list":["post-26311","post","type-post","status-publish","format-standard","has-post-thumbnail","hentry","category-blog"],"_links":{"self":[{"href":"https:\/\/swiat24.pl.ua\/index.php?rest_route=\/wp\/v2\/posts\/26311","targetHints":{"allow":["GET"]}}],"collection":[{"href":"https:\/\/swiat24.pl.ua\/index.php?rest_route=\/wp\/v2\/posts"}],"about":[{"href":"https:\/\/swiat24.pl.ua\/index.php?rest_route=\/wp\/v2\/types\/post"}],"author":[{"embeddable":true,"href":"https:\/\/swiat24.pl.ua\/index.php?rest_route=\/wp\/v2\/users\/1"}],"replies":[{"embeddable":true,"href":"https:\/\/swiat24.pl.ua\/index.php?rest_route=%2Fwp%2Fv2%2Fcomments&post=26311"}],"version-history":[{"count":1,"href":"https:\/\/swiat24.pl.ua\/index.php?rest_route=\/wp\/v2\/posts\/26311\/revisions"}],"predecessor-version":[{"id":26313,"href":"https:\/\/swiat24.pl.ua\/index.php?rest_route=\/wp\/v2\/posts\/26311\/revisions\/26313"}],"wp:featuredmedia":[{"embeddable":true,"href":"https:\/\/swiat24.pl.ua\/index.php?rest_route=\/wp\/v2\/media\/26312"}],"wp:attachment":[{"href":"https:\/\/swiat24.pl.ua\/index.php?rest_route=%2Fwp%2Fv2%2Fmedia&parent=26311"}],"wp:term":[{"taxonomy":"category","embeddable":true,"href":"https:\/\/swiat24.pl.ua\/index.php?rest_route=%2Fwp%2Fv2%2Fcategories&post=26311"},{"taxonomy":"post_tag","embeddable":true,"href":"https:\/\/swiat24.pl.ua\/index.php?rest_route=%2Fwp%2Fv2%2Ftags&post=26311"}],"curies":[{"name":"wp","href":"https:\/\/api.w.org\/{rel}","templated":true}]}}