{"id":26301,"date":"2026-04-28T12:09:22","date_gmt":"2026-04-28T12:09:22","guid":{"rendered":"https:\/\/swiat24.pl.ua\/?p=26301"},"modified":"2026-04-28T12:09:22","modified_gmt":"2026-04-28T12:09:22","slug":"prokuratura-zabezpieczyla-telefon-kierowcy-bada-kluczowy-watek-wypadku","status":"publish","type":"post","link":"https:\/\/swiat24.pl.ua\/?p=26301","title":{"rendered":"Prokuratura zabezpieczy\u0142a telefon kierowcy. Bada kluczowy w\u0105tek wypadku"},"content":{"rendered":"\n<p>\u015aledczy z Sosnowca zabezpieczyli telefon 57-letniego kierowcy podejrzanego o spowodowanie wypadku, w kt\u00f3rym zgin\u0105\u0142 pose\u0142 \u0141ukasz Litewka. Prokuratura prowadzi szczeg\u00f3\u0142ow\u0105 analiz\u0119 urz\u0105dzenia, aby ustali\u0107, czy m\u0119\u017cczyzna korzysta\u0142 z kom\u00f3rki w momencie zdarzenia.<\/p>\n\n\n\n<h2 class=\"wp-block-heading\">Telefon kierowcy pod lup\u0105 bieg\u0142ych<\/h2>\n\n\n\n<p>Rzecznik Prokuratury Okr\u0119gowej w Sosnowcu, prokurator Bartosz Kilian, potwierdzi\u0142, \u017ce telefon zosta\u0142 zabezpieczony i poddany szczeg\u00f3\u0142owym badaniom. Urz\u0105dzenie ma kluczowe znaczenie w ustalaniu przyczyn wypadku, kt\u00f3ry mia\u0142 miejsce w czwartek, 23 kwietnia, oko\u0142o godz. 13.<\/p>\n\n\n\n<p>Z telefonu kierowcy o godz. 13:17 wezwano s\u0142u\u017cby ratunkowe. Jednak zgodnie z relacj\u0105 \u015bwiadka, kt\u00f3ry powiadomi\u0142 ratownik\u00f3w, podejrzany nie by\u0142 w stanie efektywnie korzysta\u0107 z urz\u0105dzenia. \u015aledczy sprawdzaj\u0105, czy w krytycznym momencie wypadku m\u0119\u017cczyzna m\u00f3g\u0142 jednak obs\u0142ugiwa\u0107 kom\u00f3rk\u0119, oraz czy podczas przes\u0142uchania nie zataji\u0142 tego faktu.<\/p>\n\n\n\n<figure class=\"wp-block-image\"><img decoding=\"async\" src=\"https:\/\/czu.pl\/wp-content\/uploads\/2026\/04\/1074.jpg\" alt=\"obrazek\"\/><\/figure>\n\n\n\n<blockquote class=\"wp-block-quote is-layout-flow wp-block-quote-is-layout-flow\">\n<p>Urz\u0105dzenie jest poddawane szczeg\u00f3\u0142owym badaniom, by ustali\u0107, czy by\u0142o u\u017cywane w chwili wypadku. Wszystko zosta\u0142o zabezpieczone, nie ma ryzyka utraty danych.<\/p>\n<\/blockquote>\n\n\n\n<p>U\u017cycie telefonu podczas jazdy stanowi\u0142o by dodatkowy w\u0105tek post\u0119powania i mog\u0142o wp\u0142yn\u0105\u0107 na ocen\u0119 okoliczno\u015bci zdarzenia. Hipoteza ta jest weryfikowana jako jedna z priorytetowych linii \u015bledztwa.<\/p>\n\n\n\n<h2 class=\"wp-block-heading\">Przebieg wypadku i zatrzymanie kierowcy<\/h2>\n\n\n\n<p>57-letni sosnowiczanin kieruj\u0105cy mitsubishi colt zderzy\u0142 si\u0119 z 36-letnim pos\u0142em \u0141ukaszem Litewk\u0105, kt\u00f3ry porusza\u0142 si\u0119 na rowerze. Kierowca zjecha\u0142 na przeciwny pas ruchu i potr\u0105ci\u0142 parlamentarzyst\u0119. Mimo prowadzonej reanimacji pose\u0142 zmar\u0142 na miejscu zdarzenia.<\/p>\n\n\n\n<p>M\u0119\u017cczyzna zosta\u0142 zatrzymany i us\u0142ysza\u0142 zarzut nieumy\u015blnego spowodowania wypadku ze skutkiem \u015bmiertelnym. Przyzna\u0142 si\u0119 do winy i z\u0142o\u017cy\u0142 obszerne wyja\u015bnienia. Grozi mu od sze\u015bciu miesi\u0119cy do o\u015bmiu lat pozbawienia wolno\u015bci.<\/p>\n\n\n\n<h2 class=\"wp-block-heading\">Decyzja s\u0105du w sprawie aresztu<\/h2>\n\n\n\n<p>S\u0105d Rejonowy w D\u0105browie G\u00f3rniczej zdecydowa\u0142 o zastosowaniu wobec kierowcy tymczasowego aresztowania na okres trzech miesi\u0119cy, czyli do 22 lipca. Areszt ma charakter warunkowy i mo\u017ce ulec zmianie na \u015brodki wolno\u015bciowe w przypadku wp\u0142acenia por\u0119czenia maj\u0105tkowego w wysoko\u015bci 40 tysi\u0119cy z\u0142otych.<\/p>\n\n\n\n<p>S\u0105d zaakcentowa\u0142, \u017ce za aresztem przemawia gro\u017aba wymierzenia m\u0119\u017cczy\u017anie surowej kary oraz ryzyko, \u017ce \u015bwiadomo\u015b\u0107 gro\u017c\u0105cych mu sankcji mo\u017ce sk\u0142oni\u0107 go do podejmowania pr\u00f3b ucieczki lub ukrycia si\u0119.<\/p>\n\n\n\n<blockquote class=\"wp-block-quote is-layout-flow wp-block-quote-is-layout-flow\">\n<p>Ta kwestia jest przez nas weryfikowana jako jedna z najbardziej pal\u0105cych i priorytetowych \u2013 podkre\u015bli\u0142 prokurator, odnosz\u0105c si\u0119 do badania w\u0105tku u\u017cywania telefonu.<\/p>\n<\/blockquote>\n\n\n\n<p>\u015aledztwo pozostaje w toku. Prokuratura kontynuuje zebieranie materia\u0142u dowodowego, aby opracowa\u0107 ostateczny akt oskar\u017cenia przeciwko podejrzanemu.<\/p>\n","protected":false},"excerpt":{"rendered":"\u015aledczy z Sosnowca zabezpieczyli telefon 57-letniego kierowcy podejrzanego o spowodowanie wypadku, w kt\u00f3rym zgin\u0105\u0142 pose\u0142 \u0141ukasz Litewka. Prokuratura prowadzi szczeg\u00f3\u0142ow\u0105 analiz\u0119 urz\u0105dzenia, aby \n<a class=\"moretag\" href=\"https:\/\/swiat24.pl.ua\/?p=26301\"> [...]<\/a>","protected":false},"author":1,"featured_media":26302,"comment_status":"open","ping_status":"open","sticky":false,"template":"","format":"standard","meta":{"footnotes":""},"categories":[1],"tags":[],"class_list":["post-26301","post","type-post","status-publish","format-standard","has-post-thumbnail","hentry","category-blog"],"_links":{"self":[{"href":"https:\/\/swiat24.pl.ua\/index.php?rest_route=\/wp\/v2\/posts\/26301","targetHints":{"allow":["GET"]}}],"collection":[{"href":"https:\/\/swiat24.pl.ua\/index.php?rest_route=\/wp\/v2\/posts"}],"about":[{"href":"https:\/\/swiat24.pl.ua\/index.php?rest_route=\/wp\/v2\/types\/post"}],"author":[{"embeddable":true,"href":"https:\/\/swiat24.pl.ua\/index.php?rest_route=\/wp\/v2\/users\/1"}],"replies":[{"embeddable":true,"href":"https:\/\/swiat24.pl.ua\/index.php?rest_route=%2Fwp%2Fv2%2Fcomments&post=26301"}],"version-history":[{"count":1,"href":"https:\/\/swiat24.pl.ua\/index.php?rest_route=\/wp\/v2\/posts\/26301\/revisions"}],"predecessor-version":[{"id":26303,"href":"https:\/\/swiat24.pl.ua\/index.php?rest_route=\/wp\/v2\/posts\/26301\/revisions\/26303"}],"wp:featuredmedia":[{"embeddable":true,"href":"https:\/\/swiat24.pl.ua\/index.php?rest_route=\/wp\/v2\/media\/26302"}],"wp:attachment":[{"href":"https:\/\/swiat24.pl.ua\/index.php?rest_route=%2Fwp%2Fv2%2Fmedia&parent=26301"}],"wp:term":[{"taxonomy":"category","embeddable":true,"href":"https:\/\/swiat24.pl.ua\/index.php?rest_route=%2Fwp%2Fv2%2Fcategories&post=26301"},{"taxonomy":"post_tag","embeddable":true,"href":"https:\/\/swiat24.pl.ua\/index.php?rest_route=%2Fwp%2Fv2%2Ftags&post=26301"}],"curies":[{"name":"wp","href":"https:\/\/api.w.org\/{rel}","templated":true}]}}