{"id":26295,"date":"2026-04-28T10:56:44","date_gmt":"2026-04-28T10:56:44","guid":{"rendered":"https:\/\/swiat24.pl.ua\/?p=26295"},"modified":"2026-04-28T10:56:44","modified_gmt":"2026-04-28T10:56:44","slug":"tragedia-o-swicie-nie-zyje-mlody-mezczyzna-na-ratunek-bylo-juz-za-pozno-3","status":"publish","type":"post","link":"https:\/\/swiat24.pl.ua\/?p=26295","title":{"rendered":"Tragedia o \u015bwicie, nie \u017cyje m\u0142ody m\u0119\u017cczyzna. Na ratunek by\u0142o ju\u017c za p\u00f3\u017ano"},"content":{"rendered":"\n<p>Trudne warunki panuj\u0105ce na drogach, g\u0119sta mg\u0142a i \u015bliska jezdnia w po\u0142\u0105czeniu z nadmiern\u0105 pr\u0119dko\u015bci\u0105 to jedne z najcz\u0119stszych przyczyny tragicznych wypadk\u00f3w.<\/p>\n\n\n\n<p>W poniedzia\u0142ek 2 grudnia nad ranem dosz\u0142o do kolejnej tragedii. Nie \u017cyje jedna osoba.&nbsp;<\/p>\n\n\n\n<p>Poranna tragedia na drodze, nie \u017cyje jedna osoba<br>W poniedzia\u0142ek 2 grudnia o \u015bwicie dosz\u0142o do tragicznego w skutkach wypadku drogowego.<\/p>\n\n\n\n<p><a href=\"https:\/\/widgets.mgid.com\/ru\/?utm_source=aktualnosci.pl.ua&amp;utm_medium=referral&amp;utm_campaign=widgets&amp;utm_content=1914077\" target=\"_blank\" rel=\"noreferrer noopener\"><\/a><a href=\"https:\/\/www.mgid.com\/services\/privacy-policy\" target=\"_blank\" rel=\"noreferrer noopener\"><\/a><\/p>\n\n\n\n<p><a href=\"https:\/\/clck.mgid.com\/ghits\/26531538\/i\/62545041\/0\/pp\/1\/4?h=864H0m1F4TY4MdyW1_e7gIKq-CVko4E0IFYvTfvlNkoMKfWacFz35Q2mCyiuXAmT2BIsCoEg9scOvuzFWlpNAitrZ4xR4pf5q-PzR8D1HkL7YLXqL9-YevI8bE-RnD5A&amp;rid=bba191bc-42f0-11f1-bc38-d404e677c390&amp;tt=Direct&amp;att=3&amp;pubsrcid=eyeo&amp;cpm=1&amp;iv=17&amp;ct=1&amp;gdprApplies=0&amp;st=240&amp;mp4=1&amp;h2=D_NQLOCk-PI2mMV05howDJ0Xl-eCOkr8-_GejOpnIZARX0lOcyCWP7-R5i6AIfWXMPBbBF3PIjKR9Yhuvze1zA**&amp;ab_test_scenario=1625&amp;muid=p4ejl1VgPdh6\" target=\"_blank\" rel=\"noreferrer noopener\"><\/a><\/p>\n\n\n\n<p>S\u0142u\u017cby otrzyma\u0142y zg\u0142oszenie ok. godz. 6.30. Do zdarzenia dosz\u0142o w miejscowo\u015bci Frydrychowice w Ma\u0142opolsce.<\/p>\n\n\n\n<p>Niestety \u015bmier\u0107 na miejscu ponios\u0142a jedna osoba. Wiadomo, \u017ce auto dachowa\u0142o, a kierowca nie podr\u00f3\u017cowa\u0142 sam. Policja poda\u0142a szczeg\u00f3\u0142y.&nbsp;<\/p>\n\n\n\n<p>Tragedia w Ma\u0142opolsce. Nie \u017cyje jedna osoba<br>Wed\u0142ug wst\u0119pnych ustale\u0144 policji kierowca osobowego passata prawdopodobnie na skutek utraty panowania nad pojazdem zjecha\u0142 z drogi i dachowa\u0142. Niestety w wyniku zdarzenia \u015bmier\u0107 na miejscu ponios\u0142a jedna osoba \u2013 to jeden z dw\u00f3ch pasa\u017cer\u00f3w, kt\u00f3rzy podr\u00f3\u017cowali z kierowc\u0105. Ofiara to ok. 35-letni m\u0119\u017cczyzna. Niestety zgin\u0105\u0142 na miejscu.<\/p>\n\n\n\n<p>Na drogach panuj\u0105 trudne warunki, kierowcy musz\u0105 zachowa\u0107 ostro\u017cno\u015b\u0107<br>Na miejscu swoje dzia\u0142ania prowadz\u0105 s\u0142u\u017cby. Okoliczno\u015bci zdarzenia b\u0119d\u0105 wyja\u015bniane pod nadzorem prokuratora.&nbsp;<\/p>\n\n\n\n<p>Rzecznik ma\u0142opolskiej stra\u017cy po\u017carnej Hubert Ciep\u0142y poinformowa\u0142, \u017ce pozosta\u0142e dwie osoby uczestnicz\u0105ce w wypadku zosta\u0142y zabrane do szpitala. Podkre\u015bli\u0142, \u017ce do tragicznego zdarzenia mog\u0142y przyczyni\u0107 si\u0119 bardzo trudne warunki pogodowe.<\/p>\n","protected":false},"excerpt":{"rendered":"Trudne warunki panuj\u0105ce na drogach, g\u0119sta mg\u0142a i \u015bliska jezdnia w po\u0142\u0105czeniu z nadmiern\u0105 pr\u0119dko\u015bci\u0105 to jedne z najcz\u0119stszych przyczyny tragicznych wypadk\u00f3w. W \n<a class=\"moretag\" href=\"https:\/\/swiat24.pl.ua\/?p=26295\"> [...]<\/a>","protected":false},"author":1,"featured_media":26296,"comment_status":"open","ping_status":"open","sticky":false,"template":"","format":"standard","meta":{"footnotes":""},"categories":[1],"tags":[],"class_list":["post-26295","post","type-post","status-publish","format-standard","has-post-thumbnail","hentry","category-blog"],"_links":{"self":[{"href":"https:\/\/swiat24.pl.ua\/index.php?rest_route=\/wp\/v2\/posts\/26295","targetHints":{"allow":["GET"]}}],"collection":[{"href":"https:\/\/swiat24.pl.ua\/index.php?rest_route=\/wp\/v2\/posts"}],"about":[{"href":"https:\/\/swiat24.pl.ua\/index.php?rest_route=\/wp\/v2\/types\/post"}],"author":[{"embeddable":true,"href":"https:\/\/swiat24.pl.ua\/index.php?rest_route=\/wp\/v2\/users\/1"}],"replies":[{"embeddable":true,"href":"https:\/\/swiat24.pl.ua\/index.php?rest_route=%2Fwp%2Fv2%2Fcomments&post=26295"}],"version-history":[{"count":1,"href":"https:\/\/swiat24.pl.ua\/index.php?rest_route=\/wp\/v2\/posts\/26295\/revisions"}],"predecessor-version":[{"id":26297,"href":"https:\/\/swiat24.pl.ua\/index.php?rest_route=\/wp\/v2\/posts\/26295\/revisions\/26297"}],"wp:featuredmedia":[{"embeddable":true,"href":"https:\/\/swiat24.pl.ua\/index.php?rest_route=\/wp\/v2\/media\/26296"}],"wp:attachment":[{"href":"https:\/\/swiat24.pl.ua\/index.php?rest_route=%2Fwp%2Fv2%2Fmedia&parent=26295"}],"wp:term":[{"taxonomy":"category","embeddable":true,"href":"https:\/\/swiat24.pl.ua\/index.php?rest_route=%2Fwp%2Fv2%2Fcategories&post=26295"},{"taxonomy":"post_tag","embeddable":true,"href":"https:\/\/swiat24.pl.ua\/index.php?rest_route=%2Fwp%2Fv2%2Ftags&post=26295"}],"curies":[{"name":"wp","href":"https:\/\/api.w.org\/{rel}","templated":true}]}}