{"id":26280,"date":"2026-04-27T16:59:44","date_gmt":"2026-04-27T16:59:44","guid":{"rendered":"https:\/\/swiat24.pl.ua\/?p=26280"},"modified":"2026-04-27T16:59:44","modified_gmt":"2026-04-27T16:59:44","slug":"prokuratura-bada-nowy-trop-ws-smierci-lukasza-litewki-chodzi-o-telefon-kierowcy-urzadzenie-jest-poddawane-szczegolowym-badaniom","status":"publish","type":"post","link":"https:\/\/swiat24.pl.ua\/?p=26280","title":{"rendered":"Prokuratura bada nowy trop ws. \u015bmierci \u0141ukasza Litewki. Chodzi o telefon kierowcy. \u201eUrz\u0105dzenie jest poddawane szczeg\u00f3\u0142owym badaniom\u201d"},"content":{"rendered":"\n<p>Wci\u0105\u017c nie milkn\u0105 echa tragicznej \u015bmierci \u0141ukasza Litewki, zaanga\u017cowanego w dzia\u0142alno\u015b\u0107 charytatywn\u0105 pos\u0142a Nowej Lewicy. <\/p>\n\n\n\n<p>Zgin\u0105\u0142 on w wypadku drogowym niedaleko D\u0105browy G\u00f3rniczej, gdzie podczas jazdy rowerem zosta\u0142 potr\u0105cony przez samoch\u00f3d osobowy prowadzony przez 57-letniego m\u0119\u017cczyzn\u0119.<\/p>\n\n\n\n<p> Wyniki sekcji zw\u0142ok potwierdzi\u0142y, \u017ce bezpo\u015bredni\u0105 przyczyn\u0105 zgonu by\u0142y ci\u0119\u017ckie obra\u017cenia n\u00f3g i wykrwawienie.<\/p>\n\n\n\n<h2 class=\"wp-block-heading\">Relacja partnerki i nowe fakty z miejsca tragedii<\/h2>\n\n\n\n<p>Partnerka pos\u0142a wkr\u00f3tce po wypadku prze\u0142ama\u0142a milczenie, opisuj\u0105c ogromny b\u00f3l i szok po stracie ukochanego.<\/p>\n\n\n\n<blockquote class=\"wp-block-quote is-layout-flow wp-block-quote-is-layout-flow\">\n<p>\u201eDzi\u015b umar\u0142am razem z Tob\u0105\u201d \u2013 wyzna\u0142a w emocjonalnym wywiadzie, dziel\u0105c si\u0119 wspomnieniami z tragicznego dnia.<\/p>\n<\/blockquote>\n\n\n\n<h2 class=\"wp-block-heading\">Dlaczego prokuratura skupia si\u0119 na telefonie kierowcy?<\/h2>\n\n\n\n<p>Prokuratura Okr\u0119gowa w Sosnowcu, prowadz\u0105ca \u015bledztwo, bada nowe tropy, w tym korzystanie z telefonu kom\u00f3rkowego przez kierowc\u0119 Mitsubishi Colt. Urz\u0105dzenie 57-latka zosta\u0142o zabezpieczone i poddane szczeg\u00f3\u0142owym analizom, aby ustali\u0107, czy by\u0142o u\u017cywane w momencie wypadku.<\/p>\n\n\n\n<p>Rzecznik prokuratury, prok. Bartosz Kilian, podkre\u015bli\u0142, \u017ce wszystko jest zabezpieczone, bez ryzyka utraty danych, co umo\u017cliwia dok\u0142adne odtworzenie okoliczno\u015bci zdarzenia.<\/p>\n\n\n\n<figure class=\"wp-block-image\"><img decoding=\"async\" src=\"https:\/\/bystryjanusz.pl\/wp-content\/uploads\/2026\/04\/1068.jpg\" alt=\"obrazek\"\/><\/figure>\n\n\n\n<h2 class=\"wp-block-heading\">\u015awiadek i wyja\u015bnienia kierowcy<\/h2>\n\n\n\n<p>O wypadku powiadomi\u0142 \u015bwiadek, kt\u00f3ry przyby\u0142 na miejsce. Z jego relacji wynika, \u017ce podejrzany nie by\u0142 w stanie efektywnie korzysta\u0107 z telefonu.<\/p>\n\n\n\n<p>Kierowca przyzna\u0142 si\u0119 do winy i z\u0142o\u017cy\u0142 obszerne wyja\u015bnienia. Prokurator zaznaczy\u0142:&nbsp;<em>\u201eBalansuje on pomi\u0119dzy utrat\u0105 przytomno\u015bci, chwilowym rozkojarzeniem a ewentualn\u0105 niepami\u0119ci\u0105 co do przebiegu zdarzenia\u201d<\/em>. Podkre\u015bli\u0142 jednak, \u017ce te wersje mog\u0105 s\u0142u\u017cy\u0107 jako linia obrony.<\/p>\n\n\n\n<h2 class=\"wp-block-heading\">Trwaj\u0105ce dzia\u0142ania i wniosek o areszt<\/h2>\n\n\n\n<p>\u015aledczy kontynuuj\u0105 badania wszystkich hipotez, w tym zas\u0142abni\u0119cia lub za\u015bni\u0119cia za kierownic\u0105, ale w\u0105tek telefonu jest kluczowy. Prokuratura z Sosnowca z\u0142o\u017cy\u0142a wniosek o tymczasowy areszt dla 57-latka, a s\u0105d w D\u0105browie G\u00f3rniczej zastosowa\u0142 trzymiesi\u0119czny areszt.<\/p>\n\n\n\n<h2 class=\"wp-block-heading\">Kim by\u0142 \u0141ukasz Litewka?<\/h2>\n\n\n\n<p>Litewka by\u0142 ceniony nie tylko jako polityk, ale i osoba aktywnie wspieraj\u0105ca inicjatywy charytatywne. Jego przedwczesna \u015bmier\u0107 to ogromny cios dla bliskich i wsp\u00f3\u0142pracownik\u00f3w.<\/p>\n","protected":false},"excerpt":{"rendered":"Wci\u0105\u017c nie milkn\u0105 echa tragicznej \u015bmierci \u0141ukasza Litewki, zaanga\u017cowanego w dzia\u0142alno\u015b\u0107 charytatywn\u0105 pos\u0142a Nowej Lewicy. Zgin\u0105\u0142 on w wypadku drogowym niedaleko D\u0105browy G\u00f3rniczej, \n<a class=\"moretag\" href=\"https:\/\/swiat24.pl.ua\/?p=26280\"> [...]<\/a>","protected":false},"author":1,"featured_media":26281,"comment_status":"open","ping_status":"open","sticky":false,"template":"","format":"standard","meta":{"footnotes":""},"categories":[1],"tags":[],"class_list":["post-26280","post","type-post","status-publish","format-standard","has-post-thumbnail","hentry","category-blog"],"_links":{"self":[{"href":"https:\/\/swiat24.pl.ua\/index.php?rest_route=\/wp\/v2\/posts\/26280","targetHints":{"allow":["GET"]}}],"collection":[{"href":"https:\/\/swiat24.pl.ua\/index.php?rest_route=\/wp\/v2\/posts"}],"about":[{"href":"https:\/\/swiat24.pl.ua\/index.php?rest_route=\/wp\/v2\/types\/post"}],"author":[{"embeddable":true,"href":"https:\/\/swiat24.pl.ua\/index.php?rest_route=\/wp\/v2\/users\/1"}],"replies":[{"embeddable":true,"href":"https:\/\/swiat24.pl.ua\/index.php?rest_route=%2Fwp%2Fv2%2Fcomments&post=26280"}],"version-history":[{"count":1,"href":"https:\/\/swiat24.pl.ua\/index.php?rest_route=\/wp\/v2\/posts\/26280\/revisions"}],"predecessor-version":[{"id":26282,"href":"https:\/\/swiat24.pl.ua\/index.php?rest_route=\/wp\/v2\/posts\/26280\/revisions\/26282"}],"wp:featuredmedia":[{"embeddable":true,"href":"https:\/\/swiat24.pl.ua\/index.php?rest_route=\/wp\/v2\/media\/26281"}],"wp:attachment":[{"href":"https:\/\/swiat24.pl.ua\/index.php?rest_route=%2Fwp%2Fv2%2Fmedia&parent=26280"}],"wp:term":[{"taxonomy":"category","embeddable":true,"href":"https:\/\/swiat24.pl.ua\/index.php?rest_route=%2Fwp%2Fv2%2Fcategories&post=26280"},{"taxonomy":"post_tag","embeddable":true,"href":"https:\/\/swiat24.pl.ua\/index.php?rest_route=%2Fwp%2Fv2%2Ftags&post=26280"}],"curies":[{"name":"wp","href":"https:\/\/api.w.org\/{rel}","templated":true}]}}