{"id":26230,"date":"2026-04-26T17:31:32","date_gmt":"2026-04-26T17:31:32","guid":{"rendered":"https:\/\/swiat24.pl.ua\/?p=26230"},"modified":"2026-04-26T17:31:32","modified_gmt":"2026-04-26T17:31:32","slug":"nowa-hipoteza-ws-smierci-lukasza-litewki-jest-stanowisko-sledczych","status":"publish","type":"post","link":"https:\/\/swiat24.pl.ua\/?p=26230","title":{"rendered":"Nowa hipoteza ws. \u015bmierci \u0141ukasza Litewki. Jest stanowisko \u015bledczych"},"content":{"rendered":"\n<p>Prokuratura Okr\u0119gowa w Sosnowcu prowadzi dochodzenie w sprawie tragicznego wypadku, w kt\u00f3rym zgin\u0105\u0142 pose\u0142 Lewicy \u0141ukasz Litewka. Jak podaje \u201eFakt\u201d, zabezpieczono telefon 57-letniego kierowcy Mitsubishi, a \u015bledczy sprawdzaj\u0105, czy w momencie zdarzenia m\u0119\u017cczyzna u\u017cywa\u0142 urz\u0105dzenia mobilnego.<\/p>\n\n\n\n<h2 class=\"wp-block-heading\">Tragiczna \u015bmier\u0107 pos\u0142a wstrz\u0105sn\u0119\u0142a Polsk\u0105<\/h2>\n\n\n\n<p>\u015amier\u0107 36-letniego parlamentarzysty odbi\u0142a si\u0119 szerokim echem nie tylko w polityce, ale i w\u015br\u00f3d os\u00f3b, kt\u00f3rym codziennie pomaga\u0142. 23 kwietnia, podczas jazdy rowerem na trasie mi\u0119dzy D\u0105brow\u0105 G\u00f3rnicz\u0105 a Sosnowcem, dosz\u0142o do zderzenia z samochodem osobowym. Mimo reanimacji \u017cycia pos\u0142a nie uda\u0142o si\u0119 uratowa\u0107.<\/p>\n\n\n\n<p>Z ustale\u0144 s\u0142u\u017cb wynika, \u017ce kierowca zjecha\u0142 na przeciwny pas ruchu, co doprowadzi\u0142o do czo\u0142owego zderzenia z rowerzyst\u0105. Prokuratura nadal wyja\u015bnia okoliczno\u015bci i bezpo\u015brednie przyczyny wypadku.<\/p>\n\n\n\n<figure class=\"wp-block-image\"><img decoding=\"async\" src=\"https:\/\/czu.pl\/wp-content\/uploads\/2026\/04\/1040.jpg\" alt=\"obrazek\"\/><\/figure>\n\n\n\n<p>Litewka by\u0142 jedn\u0105 z najbardziej rozpoznawalnych postaci Lewicy, znan\u0105 z zaanga\u017cowania spo\u0142ecznego i charytatywnego. Organizowa\u0142 liczne zbi\u00f3rki i akcje pomocowe, kt\u00f3re szybko przynosi\u0142y efekty.<\/p>\n\n\n\n<p>Mieszka\u0144cy Sosnowca, miasta szczeg\u00f3lnie bliskiego pos\u0142owi, oddaj\u0105 mu ho\u0142d. W urz\u0119dzie miejskim wystawiono ksi\u0119g\u0119 kondolencyjn\u0105, flagi opuszczono do po\u0142owy masztu, a przed wydarzeniami publicznymi minut\u0105 ciszy.<\/p>\n\n\n\n<h2 class=\"wp-block-heading\">\u015aledztwo weryfikuje kluczowe hipotezy<\/h2>\n\n\n\n<p>Analiza telefonu ma wyja\u015bni\u0107, czy kierowca rozprasza\u0142 si\u0119 w chwili wypadku \u2013 informuje \u201eFakt\u201d. Prokuratura potwierdza, \u017ce to jedna z kilku badanych hipotez.<\/p>\n\n\n\n<blockquote class=\"wp-block-quote is-layout-flow wp-block-quote-is-layout-flow\">\n<p><strong>\u2013 Ta hipoteza jest jedn\u0105 z branych pod uwag\u0119 \u2013<\/strong>&nbsp;m\u00f3wi prok. Bartosz Kilian, rzecznik Prokuratury Okr\u0119gowej w Sosnowcu.<\/p>\n<\/blockquote>\n\n\n\n<p>\u015aledczy sprawdzaj\u0105, czy telefon by\u0142 aktywny w momencie zdarzenia. Ustalono, \u017ce o godz. 13:17 dokonano z niego zg\u0142oszenia na numery alarmowe, ale nie przez kierowc\u0119.<\/p>\n\n\n\n<blockquote class=\"wp-block-quote is-layout-flow wp-block-quote-is-layout-flow\">\n<p><strong>\u2013 Zg\u0142oszenia dokona\u0142 \u015bwiadek, kt\u00f3ry przyby\u0142 na miejsce. Wed\u0142ug niego podejrzany nie by\u0142 w stanie skutecznie korzysta\u0107 z telefonu \u2013<\/strong>&nbsp;dodaje prokurator.<\/p>\n<\/blockquote>\n\n\n\n<h2 class=\"wp-block-heading\">57-latek przyzna\u0142 si\u0119 do winy<\/h2>\n\n\n\n<p>Przes\u0142uchania 57-letniego kierowcy trwaj\u0105, a jego wyja\u015bnienia s\u0105 weryfikowane. M\u0119\u017cczyzna przyzna\u0142 si\u0119 do winy zar\u00f3wno na policji, jak i w prokuraturze, lecz przedstawia r\u00f3\u017cne wersje: od utraty przytomno\u015bci, przez rozkojarzenie, po amnezj\u0119. Niekt\u00f3re elementy zezna\u0144 wymagaj\u0105 sprawdzenia.<\/p>\n\n\n\n<p>Policja przes\u0142ucha\u0142a ju\u017c rodzin\u0119 i wsp\u00f3\u0142pracownik\u00f3w podejrzanego. Prokuratura odtwarza jego ostatnie aktywno\u015bci, w tym stan zdrowia, pozostaj\u0105c w kontakcie z bliskimi Litewki. Nie zidentyfikowano naocznego \u015bwiadka kolizji.<\/p>\n\n\n\n<p>57-latek us\u0142ysza\u0142 zarzut nieumy\u015blnego spowodowania wypadku ze skutkiem \u015bmiertelnym. Prokuratura wnioskuje o tymczasowe aresztowanie ze wzgl\u0119du na ryzyko matactwa i ucieczki.<\/p>\n\n\n\n<p>Pose\u0142 jecha\u0142 rowerem zgodnie z przepisami, a kierowca zjecha\u0142 na przeciwny pas, powoduj\u0105c zderzenie. Sekcja zw\u0142ok wykaza\u0142a, \u017ce \u015bmier\u0107 nast\u0105pi\u0142a z powodu przeci\u0119cia kluczowych arterii w obr\u0119bie ko\u0144czyn dolnych, prowadz\u0105cego do masywnego wykrwawienia.<\/p>\n","protected":false},"excerpt":{"rendered":"Prokuratura Okr\u0119gowa w Sosnowcu prowadzi dochodzenie w sprawie tragicznego wypadku, w kt\u00f3rym zgin\u0105\u0142 pose\u0142 Lewicy \u0141ukasz Litewka. Jak podaje \u201eFakt\u201d, zabezpieczono telefon 57-letniego \n<a class=\"moretag\" href=\"https:\/\/swiat24.pl.ua\/?p=26230\"> [...]<\/a>","protected":false},"author":1,"featured_media":26231,"comment_status":"open","ping_status":"open","sticky":false,"template":"","format":"standard","meta":{"footnotes":""},"categories":[1],"tags":[],"class_list":["post-26230","post","type-post","status-publish","format-standard","has-post-thumbnail","hentry","category-blog"],"_links":{"self":[{"href":"https:\/\/swiat24.pl.ua\/index.php?rest_route=\/wp\/v2\/posts\/26230","targetHints":{"allow":["GET"]}}],"collection":[{"href":"https:\/\/swiat24.pl.ua\/index.php?rest_route=\/wp\/v2\/posts"}],"about":[{"href":"https:\/\/swiat24.pl.ua\/index.php?rest_route=\/wp\/v2\/types\/post"}],"author":[{"embeddable":true,"href":"https:\/\/swiat24.pl.ua\/index.php?rest_route=\/wp\/v2\/users\/1"}],"replies":[{"embeddable":true,"href":"https:\/\/swiat24.pl.ua\/index.php?rest_route=%2Fwp%2Fv2%2Fcomments&post=26230"}],"version-history":[{"count":1,"href":"https:\/\/swiat24.pl.ua\/index.php?rest_route=\/wp\/v2\/posts\/26230\/revisions"}],"predecessor-version":[{"id":26232,"href":"https:\/\/swiat24.pl.ua\/index.php?rest_route=\/wp\/v2\/posts\/26230\/revisions\/26232"}],"wp:featuredmedia":[{"embeddable":true,"href":"https:\/\/swiat24.pl.ua\/index.php?rest_route=\/wp\/v2\/media\/26231"}],"wp:attachment":[{"href":"https:\/\/swiat24.pl.ua\/index.php?rest_route=%2Fwp%2Fv2%2Fmedia&parent=26230"}],"wp:term":[{"taxonomy":"category","embeddable":true,"href":"https:\/\/swiat24.pl.ua\/index.php?rest_route=%2Fwp%2Fv2%2Fcategories&post=26230"},{"taxonomy":"post_tag","embeddable":true,"href":"https:\/\/swiat24.pl.ua\/index.php?rest_route=%2Fwp%2Fv2%2Ftags&post=26230"}],"curies":[{"name":"wp","href":"https:\/\/api.w.org\/{rel}","templated":true}]}}