{"id":26215,"date":"2026-04-26T15:29:42","date_gmt":"2026-04-26T15:29:42","guid":{"rendered":"https:\/\/swiat24.pl.ua\/?p=26215"},"modified":"2026-04-26T15:29:42","modified_gmt":"2026-04-26T15:29:42","slug":"dominika-chorosinska-tak-pozegnala-lukasza-litewke-przeciwnik-prawa-do-przerywania-ciazy-w-sieci-burza","status":"publish","type":"post","link":"https:\/\/swiat24.pl.ua\/?p=26215","title":{"rendered":"Dominika Chorosi\u0144ska tak po\u017cegna\u0142a \u0141ukasza Litewk\u0119! \u201ePrzeciwnik prawa do przerywania ci\u0105\u017cy\u201d. W sieci burza"},"content":{"rendered":"\n<p>\u015amier\u0107 \u0141ukasza Litewki wstrz\u0105sn\u0119\u0142a ca\u0142\u0105 Polsk\u0105. Pose\u0142 Nowej Lewicy z Sosnowca, maj\u0105cy zaledwie 36 lat, zgin\u0105\u0142 tragicznie w wypadku drogowym. <\/p>\n\n\n\n<p>Jecha\u0142 rowerem ulic\u0105 Kazimiersk\u0105 na granicy D\u0105browy G\u00f3rniczej i jego rodzinnego miasta, gdy kierowca osob\u00f3wki prawdopodobnie zas\u0142ab\u0142 za kierownic\u0105, zjecha\u0142 na przeciwny pas i potr\u0105ci\u0142 parlamentarzyst\u0119. \u015amier\u0107 by\u0142a natychmiastowa.<\/p>\n\n\n\n<h2 class=\"wp-block-heading\">Wzruszaj\u0105ce s\u0142owa Dominiki Chorosi\u0144skiej<\/h2>\n\n\n\n<p>Dominika Chorosi\u0144ska, znana polityczka i aktorka, podzieli\u0142a si\u0119 refleksjami na Facebooku tu\u017c po tragicznym wypadku. Mimo przynale\u017cno\u015bci do innego obozu politycznego, jej wpisy pe\u0142ne by\u0142y szacunku i wspomnie\u0144 o dokonaniach Litewki. Przypomnia\u0142a jego zaanga\u017cowanie spo\u0142eczne, prac\u0119 w radzie miasta oraz liczne inicjatywy charytatywne.<\/p>\n\n\n\n<blockquote class=\"wp-block-quote is-layout-flow wp-block-quote-is-layout-flow\">\n<p><strong>Straszna wiadomo\u015b\u0107. Nie \u017cyje \u0141ukasz Litewka. Pose\u0142 ponad podzia\u0142ami. Pose\u0142 Nowej Lewicy z Sosnowca\u2026 Zostawi\u0142 po sobie co\u015b, co w polskiej polityce jest rzadkie: realne, policzalne dobro.<\/strong><\/p>\n<\/blockquote>\n\n\n\n<p>Zaznaczy\u0142a, jak wiele zwierz\u0105t, dzieci i senior\u00f3w otrzyma\u0142o dzi\u0119ki niemu pomoc, a tak\u017ce z\u0142o\u017cy\u0142a wyrazy wsp\u00f3\u0142czucia ca\u0142emu #TeamLitewka.<\/p>\n\n\n\n<h2 class=\"wp-block-heading\">Seria wpis\u00f3w \u2013 wspomnienie wiary i dobra<\/h2>\n\n\n\n<p>Chorosi\u0144ska nie poprzesta\u0142a na jednym po\u017cegnaniu. Opublikowa\u0142a czarn\u0105 plansz\u0119, podkre\u015blaj\u0105c\u0105 niesienie pomocy przez pos\u0142a. W kolejnym po\u015bcie przypomnia\u0142a wyj\u0105tkowy moment: jako jedyny pose\u0142 Lewicy w X kadencji Sejmu Litewka podczas \u015blubowania doda\u0142 formu\u0142\u0119 \u201etak mi dopom\u00f3\u017c B\u00f3g\u201d.<\/p>\n\n\n\n<blockquote class=\"wp-block-quote is-layout-flow wp-block-quote-is-layout-flow\">\n<p>\u0141ukasz Litewka by\u0142 jedynym pos\u0142em Lewicy, kt\u00f3ry podczas \u015blubowania w Sejmie X kadencji (listopad 2023 r.) doda\u0142 s\u0142owa \u201etak mi dopom\u00f3\u017c B\u00f3g\u201d.<\/p>\n<\/blockquote>\n\n\n\n<p>Dalsze wpisy wyra\u017ca\u0142y wdzi\u0119czno\u015b\u0107 za dobro, kt\u00f3re uczyni\u0142, i podkre\u015bla\u0142y, \u017ce mimo stania po drugiej stronie politycznej barykady b\u0119dzie pami\u0119ta\u0107 to odwa\u017cne wyznanie wiary.<\/p>\n\n\n\n<h2 class=\"wp-block-heading\">Kontrowersje w sieci \u2013 ostatni wpis wywo\u0142a\u0142 burz\u0119<\/h2>\n\n\n\n<p>Ostatni post spotka\u0142 si\u0119 z mocno podzielonymi reakcjami. Chorosi\u0144ska wspomnia\u0142a o wierze Litewki i jego sprzeciwie wobec prawa do aborcji bez uzasadnienia przed 12. tygodniem ci\u0105\u017cy \u2013 stanowisku wbrew linii jego partii. Ten w\u0105tek wywo\u0142a\u0142 lawin\u0119 komentarzy i kontrowersji w\u015br\u00f3d internaut\u00f3w.<\/p>\n\n\n\n<blockquote class=\"wp-block-quote is-layout-flow wp-block-quote-is-layout-flow\">\n<p>\u0141ukasz Litewka deklarowa\u0142 si\u0119 jako osoba wierz\u0105ca w Boga i przeciwnik prawa do przerywania ci\u0105\u017cy bez uzasadnienia przed up\u0142ywem 12. tygodnia (wbrew stanowisku w\u0142asnej partii). Spoczywaj w pokoju \u2013 napisa\u0142a pos\u0142anka PiS-u.<\/p>\n<\/blockquote>\n\n\n\n<h2 class=\"wp-block-heading\">Reakcje internaut\u00f3w \u2013 emocje si\u0119gaj\u0105 zenitu<\/h2>\n\n\n\n<p>Wiele os\u00f3b skrytykowa\u0142o polityczk\u0119 za wplatanie polityki i wiary w wyrazy \u017calu, uznaj\u0105c to za przejaw braku wra\u017cliwo\u015bci w obliczu tragedii. Podkre\u015blano, \u017ce wa\u017cniejsze by\u0142y dzia\u0142ania Litewki na rzecz spo\u0142eczno\u015bci ni\u017c jego prywatne przekonania.<\/p>\n\n\n\n<blockquote class=\"wp-block-quote is-layout-flow wp-block-quote-is-layout-flow\">\n<p>\u201eNie r\u00f3b polityki na grobach zmar\u0142ych\u2026 Jego sprawa, w co wierzy\u0142 i co mu to da\u0142o\u201d, \u201eA nie wystarczy\u0142yby kondolencje, wyrazy wsp\u00f3\u0142czucia, po co wplata\u0107 w to polityk\u0119 i Boga? Zgin\u0105\u0142 cz\u0142owiek \u2013 m\u0142ody, dobry, pe\u0142en empatii. Ja naprawd\u0119 pani nie rozumiem\u201d, \u201eTylko tyle pani zrozumia\u0142a z tego, co robi\u0142 pan \u0141ukasz?\u201d, \u201eJakie to ma znaczenie \u2013 czy by\u0142 osob\u0105 wierz\u0105c\u0105, czy nie?\u201d, \u201eDominiko, mo\u017ce nale\u017cy uszanowa\u0107 tragedi\u0119, jaka spotka\u0142a rodzin\u0119, czasem milczenie wyra\u017ca wi\u0119cej ni\u017c s\u0142owa\u201d \u2013 pisano w sieci.<\/p>\n<\/blockquote>\n\n\n\n<h2 class=\"wp-block-heading\">Dziedzictwo Litewki<\/h2>\n\n\n\n<p>Wpisy Dominiki Chorosi\u0144skiej, cho\u0107 nacechowane szacunkiem, ujawni\u0142y, jak silne emocje budzi w Polsce temat wiary, polityki i prywatnych przekona\u0144 polityk\u00f3w. Litewka zapisa\u0142 si\u0119 jako dzia\u0142acz na rzecz potrzebuj\u0105cych, reprezentuj\u0105cy pogl\u0105dy nie zawsze zbie\u017cne nawet z lini\u0105 w\u0142asnej partii. Jego \u015bmier\u0107 wywo\u0142a\u0142a fal\u0119 wspomnie\u0144 i refleksji \u2013 personalnych oraz politycznych \u2013 ukazuj\u0105c z\u0142o\u017cono\u015b\u0107 spo\u0142ecznych reakcji na tragiczne wydarzenia.<\/p>\n","protected":false},"excerpt":{"rendered":"\u015amier\u0107 \u0141ukasza Litewki wstrz\u0105sn\u0119\u0142a ca\u0142\u0105 Polsk\u0105. Pose\u0142 Nowej Lewicy z Sosnowca, maj\u0105cy zaledwie 36 lat, zgin\u0105\u0142 tragicznie w wypadku drogowym. Jecha\u0142 rowerem ulic\u0105 \n<a class=\"moretag\" href=\"https:\/\/swiat24.pl.ua\/?p=26215\"> [...]<\/a>","protected":false},"author":1,"featured_media":26216,"comment_status":"open","ping_status":"open","sticky":false,"template":"","format":"standard","meta":{"footnotes":""},"categories":[1],"tags":[],"class_list":["post-26215","post","type-post","status-publish","format-standard","has-post-thumbnail","hentry","category-blog"],"_links":{"self":[{"href":"https:\/\/swiat24.pl.ua\/index.php?rest_route=\/wp\/v2\/posts\/26215","targetHints":{"allow":["GET"]}}],"collection":[{"href":"https:\/\/swiat24.pl.ua\/index.php?rest_route=\/wp\/v2\/posts"}],"about":[{"href":"https:\/\/swiat24.pl.ua\/index.php?rest_route=\/wp\/v2\/types\/post"}],"author":[{"embeddable":true,"href":"https:\/\/swiat24.pl.ua\/index.php?rest_route=\/wp\/v2\/users\/1"}],"replies":[{"embeddable":true,"href":"https:\/\/swiat24.pl.ua\/index.php?rest_route=%2Fwp%2Fv2%2Fcomments&post=26215"}],"version-history":[{"count":1,"href":"https:\/\/swiat24.pl.ua\/index.php?rest_route=\/wp\/v2\/posts\/26215\/revisions"}],"predecessor-version":[{"id":26217,"href":"https:\/\/swiat24.pl.ua\/index.php?rest_route=\/wp\/v2\/posts\/26215\/revisions\/26217"}],"wp:featuredmedia":[{"embeddable":true,"href":"https:\/\/swiat24.pl.ua\/index.php?rest_route=\/wp\/v2\/media\/26216"}],"wp:attachment":[{"href":"https:\/\/swiat24.pl.ua\/index.php?rest_route=%2Fwp%2Fv2%2Fmedia&parent=26215"}],"wp:term":[{"taxonomy":"category","embeddable":true,"href":"https:\/\/swiat24.pl.ua\/index.php?rest_route=%2Fwp%2Fv2%2Fcategories&post=26215"},{"taxonomy":"post_tag","embeddable":true,"href":"https:\/\/swiat24.pl.ua\/index.php?rest_route=%2Fwp%2Fv2%2Ftags&post=26215"}],"curies":[{"name":"wp","href":"https:\/\/api.w.org\/{rel}","templated":true}]}}