{"id":26200,"date":"2026-04-26T13:51:47","date_gmt":"2026-04-26T13:51:47","guid":{"rendered":"https:\/\/swiat24.pl.ua\/?p=26200"},"modified":"2026-04-26T13:51:47","modified_gmt":"2026-04-26T13:51:47","slug":"policja-wyprowadzila-go-z-domu-w-kajdankach-tak-o-tym-opowiadal","status":"publish","type":"post","link":"https:\/\/swiat24.pl.ua\/?p=26200","title":{"rendered":"Policja wyprowadzi\u0142a go z domu w kajdankach. Tak o tym opowiada\u0142"},"content":{"rendered":"\n<p>23 kwietnia 2026 roku media przekaza\u0142y smutn\u0105 wiadomo\u015b\u0107 \u2013 pose\u0142 \u0141ukasz Litewka zgin\u0105\u0142 w tragicznym wypadku drogowym. 36-letni polityk, jad\u0105c rowerem, zosta\u0142 potr\u0105cony przez samoch\u00f3d i poni\u00f3s\u0142 \u015bmier\u0107 na miejscu.<\/p>\n\n\n\n<p>Litewka by\u0142 otwarty w rozmowach o swojej drodze na scen\u0119 polityczn\u0105. <\/p>\n\n\n\n<p>W wywiadzie udzielonym \u017burnaliscie w 2025 roku poruszy\u0142 temat wydarzenia sprzed lat, gdy pr\u00f3bowa\u0142 zrealizowa\u0107 projekt budowy placu zabaw dla dzieci. <\/p>\n\n\n\n<p>Ju\u017c na etapie zbierania podpis\u00f3w mieszka\u0144c\u00f3w napotka\u0142 kontrowersje, kt\u00f3re ostatecznie przerodzi\u0142y si\u0119 w dramatyczne zdarzenie.<\/p>\n\n\n\n<figure class=\"wp-block-image\"><img decoding=\"async\" src=\"https:\/\/czu.pl\/wp-content\/uploads\/2026\/04\/1048.jpg\" alt=\"obrazek\"\/><\/figure>\n\n\n\n<h2 class=\"wp-block-heading\">Zarzuty wobec Litewki i konsekwencje prawne<\/h2>\n\n\n\n<p>Historia zwi\u0105zana z nieprawid\u0142owo\u015bciami przy g\u0142osowaniu na obywatelski projekt w Sosnowcu rozpocz\u0119\u0142a si\u0119 w 2017 roku. Mieszka\u0144cy zg\u0142aszali, \u017ce nie mog\u0105 odda\u0107 g\u0142osu na wybrany projekt, poniewa\u017c system twierdzi\u0142, i\u017c g\u0142os ju\u017c zosta\u0142 oddany.<\/p>\n\n\n\n<p>Jak poinformowa\u0142a \u201eGazeta Wyborcza\u201d, podejrzenie pad\u0142o na wykorzystanie danych osobowych mieszka\u0144c\u00f3w, w tym numer\u00f3w PESEL, do g\u0142osowania bez ich wiedzy. W efekcie spraw\u0105 zaj\u0119\u0142a si\u0119 prokuratura.<\/p>\n\n\n\n<p>W 2018 roku \u0141ukaszowi Litewce przedstawiono zarzuty przekroczenia uprawnie\u0144 funkcjonariusza publicznego oraz nieuprawnionego przetwarzania danych osobowych w zwi\u0105zku z g\u0142osowaniem na bud\u017cet obywatelski. Rok p\u00f3\u017aniej akt oskar\u017cenia trafi\u0142 do s\u0105du.<\/p>\n\n\n\n<p>Dodatkowo polityk by\u0142 oskar\u017cany o ukrywanie kopii list poparcia kandydat\u00f3w w wyborach parlamentarnych z 2015 roku oraz przetwarzanie danych os\u00f3b podpisuj\u0105cych te listy. W obu sprawach zosta\u0142 ukarany grzywn\u0105 przez s\u0105d w latach 2021 i 2022.<\/p>\n\n\n\n<h2 class=\"wp-block-heading\">Jak dosz\u0142o do zatrzymania? Litewka wspomina<\/h2>\n\n\n\n<p>\u0141ukasz Litewka opowiada\u0142 \u017burnaliscie, \u017ce jego pragnieniem by\u0142o wybudowanie bezpiecznego placu zabaw dla dzieci w Sosnowcu. Aby osi\u0105gn\u0105\u0107 ten cel, zacz\u0105\u0142 aktywnie zbiera\u0107 g\u0142osy mieszka\u0144c\u00f3w, chodz\u0105c od bloku do bloku i zach\u0119caj\u0105c do udzia\u0142u w g\u0142osowaniu.<\/p>\n\n\n\n<blockquote class=\"wp-block-quote is-layout-flow wp-block-quote-is-layout-flow\">\n<p>\u201eRozp\u0119dzi\u0142em si\u0119 (\u2026). Na tysi\u0105c g\u0142os\u00f3w trzy osoby zg\u0142osi\u0142y, \u017ce chcia\u0142y zag\u0142osowa\u0107 na inny projekt i zg\u0142osi\u0142y to. Gdybym wtedy nie by\u0142 radnym, to pewnie dosta\u0142bym wezwanie na komisariat. Najsmutniejsze by\u0142o to, \u017ce niekt\u00f3rzy ludzie ze \u015bwiata polityki w Sosnowcu wiedzieli ju\u017c dzie\u0144 wcze\u015bniej, \u017ce po mnie przyjd\u0105. To by\u0142o nieuczciwe\u201d \u2013 opowiada\u0142 pose\u0142.<\/p>\n<\/blockquote>\n\n\n\n<h2 class=\"wp-block-heading\">Przera\u017caj\u0105ce zatrzymanie i trauma z nim zwi\u0105zana<\/h2>\n\n\n\n<p>Po zg\u0142oszeniu problem\u00f3w z nieprawid\u0142owo\u015bciami w g\u0142osowaniu policja odwiedzi\u0142a Litewk\u0119. Jak sam wspomnia\u0142, oko\u0142o sz\u00f3stej rano do mieszkania zapukali funkcjonariusze.<\/p>\n\n\n\n<blockquote class=\"wp-block-quote is-layout-flow wp-block-quote-is-layout-flow\">\n<p>\u201eDrzwi otworzy\u0142 m\u00f3j tata, przypomn\u0119, \u017ce mieszkam z dziadkami. Oni nie rozumieli, co si\u0119 dzieje. Wyprowadzono mnie w kajdankach, jakbym by\u0142 przest\u0119pc\u0105. Nie by\u0142o \u017cadnego t\u0142umaczenia. Dla mnie to by\u0142a ogromna trauma i bardzo \u017ale to wspominam. Napisa\u0142em p\u00f3\u017aniej o\u015bwiadczenie, \u017ce chcia\u0142em tylko wybudowa\u0107 plac zabaw\u201d \u2013 powiedzia\u0142 Litewka.<\/p>\n<\/blockquote>\n\n\n\n<p>Doda\u0142 r\u00f3wnie\u017c, \u017ce funkcjonariusz zachowywa\u0142 si\u0119 zdystansowanie, m\u00f3wi\u0105c z u\u015bmiechem: \u201eProsz\u0119 r\u0119ce do ty\u0142u\u201d, a nast\u0119pnie zabra\u0142 go na komisariat. Po trzech godzinach zosta\u0142 wypuszczony.<\/p>\n\n\n\n<h2 class=\"wp-block-heading\">Historia walki o spo\u0142eczny projekt<\/h2>\n\n\n\n<p>Podkre\u015bli\u0107 trzeba, \u017ce mimo trudno\u015bci i traumatycznych do\u015bwiadcze\u0144 plac zabaw, o kt\u00f3ry walczy\u0142 \u0141ukasz Litewka, powsta\u0142 w Sosnowcu i s\u0142u\u017cy dzieciom. Determinacja polityka utkwi\u0142a w pami\u0119ci wielu mieszka\u0144c\u00f3w.<\/p>\n\n\n\n<p>Jego opowie\u015b\u0107 to przyk\u0142ad, jak zmiany na szczeblu lokalnym nierzadko wi\u0105\u017c\u0105 si\u0119 z wieloma przeciwno\u015bciami, czasem si\u0119gaj\u0105cymi granic ludzkiej wytrzyma\u0142o\u015bci.<\/p>\n","protected":false},"excerpt":{"rendered":"23 kwietnia 2026 roku media przekaza\u0142y smutn\u0105 wiadomo\u015b\u0107 \u2013 pose\u0142 \u0141ukasz Litewka zgin\u0105\u0142 w tragicznym wypadku drogowym. 36-letni polityk, jad\u0105c rowerem, zosta\u0142 potr\u0105cony \n<a class=\"moretag\" href=\"https:\/\/swiat24.pl.ua\/?p=26200\"> [...]<\/a>","protected":false},"author":1,"featured_media":26201,"comment_status":"open","ping_status":"open","sticky":false,"template":"","format":"standard","meta":{"footnotes":""},"categories":[1],"tags":[],"class_list":["post-26200","post","type-post","status-publish","format-standard","has-post-thumbnail","hentry","category-blog"],"_links":{"self":[{"href":"https:\/\/swiat24.pl.ua\/index.php?rest_route=\/wp\/v2\/posts\/26200","targetHints":{"allow":["GET"]}}],"collection":[{"href":"https:\/\/swiat24.pl.ua\/index.php?rest_route=\/wp\/v2\/posts"}],"about":[{"href":"https:\/\/swiat24.pl.ua\/index.php?rest_route=\/wp\/v2\/types\/post"}],"author":[{"embeddable":true,"href":"https:\/\/swiat24.pl.ua\/index.php?rest_route=\/wp\/v2\/users\/1"}],"replies":[{"embeddable":true,"href":"https:\/\/swiat24.pl.ua\/index.php?rest_route=%2Fwp%2Fv2%2Fcomments&post=26200"}],"version-history":[{"count":1,"href":"https:\/\/swiat24.pl.ua\/index.php?rest_route=\/wp\/v2\/posts\/26200\/revisions"}],"predecessor-version":[{"id":26202,"href":"https:\/\/swiat24.pl.ua\/index.php?rest_route=\/wp\/v2\/posts\/26200\/revisions\/26202"}],"wp:featuredmedia":[{"embeddable":true,"href":"https:\/\/swiat24.pl.ua\/index.php?rest_route=\/wp\/v2\/media\/26201"}],"wp:attachment":[{"href":"https:\/\/swiat24.pl.ua\/index.php?rest_route=%2Fwp%2Fv2%2Fmedia&parent=26200"}],"wp:term":[{"taxonomy":"category","embeddable":true,"href":"https:\/\/swiat24.pl.ua\/index.php?rest_route=%2Fwp%2Fv2%2Fcategories&post=26200"},{"taxonomy":"post_tag","embeddable":true,"href":"https:\/\/swiat24.pl.ua\/index.php?rest_route=%2Fwp%2Fv2%2Ftags&post=26200"}],"curies":[{"name":"wp","href":"https:\/\/api.w.org\/{rel}","templated":true}]}}