{"id":26197,"date":"2026-04-26T12:49:15","date_gmt":"2026-04-26T12:49:15","guid":{"rendered":"https:\/\/swiat24.pl.ua\/?p=26197"},"modified":"2026-04-26T12:49:15","modified_gmt":"2026-04-26T12:49:15","slug":"burza-wokol-marszu-pamieci-dla-lukasza-litewki-lewica-odcina-sie-od-wydarzenia","status":"publish","type":"post","link":"https:\/\/swiat24.pl.ua\/?p=26197","title":{"rendered":"Burza wok\u00f3\u0142 marszu pami\u0119ci dla \u0141ukasza Litewki. Lewica odcina si\u0119 od wydarzenia"},"content":{"rendered":"\n<p>W czwartek 23 kwietnia 2026 roku dosz\u0142o do tragicznego wypadku na drodze \u0142\u0105cz\u0105cej Sosnowiec z D\u0105brow\u0105 G\u00f3rnicz\u0105. <\/p>\n\n\n\n<p>Pose\u0142 Nowej Lewicy \u0141ukasz Litewka, jech\u0105cy na rowerze, zosta\u0142 potr\u0105cony przez samoch\u00f3d marki Mitsubishi. <\/p>\n\n\n\n<p>Kierowca, 57-letni m\u0119\u017cczyzna, twierdzi, \u017ce nie pami\u0119ta momentu zderzenia i odzyska\u0142 \u015bwiadomo\u015b\u0107 dopiero po przybyciu s\u0142u\u017cb ratunkowych.<\/p>\n\n\n\n<p> Badanie alkomatem wykaza\u0142o, \u017ce by\u0142 trze\u017awy. Prokuratura Okr\u0119gowa w Sosnowcu prowadzi \u015bledztwo w celu wyja\u015bnienia okoliczno\u015bci wypadku, w tym mo\u017cliwo\u015bci zas\u0142abni\u0119cia lub za\u015bni\u0119cia kierowcy oraz rzeczywistej pr\u0119dko\u015bci pojazd\u00f3w uczestnicz\u0105cych w kolizji.<\/p>\n\n\n\n<h2 class=\"wp-block-heading\">Marsz pami\u0119ci zorganizowany przez DIOZ<\/h2>\n\n\n\n<p>W niedziel\u0119 26 kwietnia w Warszawie odb\u0119dzie si\u0119 **marsz pami\u0119ci** po\u015bwi\u0119cony \u0141ukaszowi Litewce. Organizatorem wydarzenia jest Dolno\u015bl\u0105ski Inspektorat Ochrony Zwierz\u0105t (DIOZ), organizacja pozarz\u0105dowa znana z dzia\u0142a\u0144 na rzecz ochrony zwierz\u0105t. Zbi\u00f3rka uczestnik\u00f3w zaplanowana jest na godzin\u0119 12:00 przed Sejmem RP, a przemarsz potrwa do oko\u0142o godziny 16:00.<\/p>\n\n\n\n<p>Pierwotnie na t\u0119 dat\u0119 zaplanowany by\u0142 protest pod has\u0142em \u201eMarsz dla Zwierz\u0105t\u201d, kt\u00f3ry ostatecznie przekszta\u0142cono w ho\u0142d dla zmar\u0142ego pos\u0142a. Szef DIOZ Konrad Ku\u017ami\u0144ski uzasadni\u0142 decyzj\u0119 zaanga\u017cowaniem Litewki w walk\u0119 o prawa zwierz\u0105t: \u201e\u0141ukasz Litewka nie doczeka\u0142 zmian, o kt\u00f3re walczy\u0142, lecz pozostali\u015bmy my, zobowi\u0105zani jego postaw\u0105 i pami\u0119ci\u0105, by t\u0119 walk\u0119 kontynuowa\u0107 a\u017c do jej spe\u0142nienia\u201d.<\/p>\n\n\n\n<figure class=\"wp-block-image\"><img decoding=\"async\" src=\"https:\/\/czu.pl\/wp-content\/uploads\/2026\/04\/1050.jpg\" alt=\"obrazek\"\/><\/figure>\n\n\n\n<h2 class=\"wp-block-heading\">Decydowany sprzeciw Lewicy<\/h2>\n\n\n\n<p>Pos\u0142owie ugrupowania Lewicy oficjalnie poinformowali, \u017ce nie wezm\u0105 udzia\u0142u w planowanym marszu. Przewodnicz\u0105ca klubu parlamentarnego Lewicy Anna Maria \u017bukowska wyrazi\u0142a zdecydowany sprzeciw wobec tego wydarzenia na portalu X:<\/p>\n\n\n\n<blockquote class=\"wp-block-quote is-layout-flow wp-block-quote-is-layout-flow\">\n<p>\u201eLewica nie we\u017amie udzia\u0142u w tym wydarzeniu. Traktujemy to jako wykorzystywanie tragicznej \u015bmierci naszego kolegi do promowania siebie, a nie do upami\u0119tnienia \u0141ukasza. Nie ma zgody na \u00bbLitewka Washing\u00ab\u201d.<\/p>\n<\/blockquote>\n\n\n\n<p>S\u0142owa \u017bukowskiej odnosz\u0105 si\u0119 do praktyki manipulacji wizerunkiem, podobnej do greenwashingu, kt\u00f3r\u0105 wed\u0142ug polityczki ma na celu DIOZ. Lewica uwa\u017ca, \u017ce wykorzystywanie pami\u0119ci kolegi do promocji organizacji o kontrowersyjnej reputacji jest niedopuszczalne.<\/p>\n\n\n\n<h2 class=\"wp-block-heading\">Burzliwe reakcje w sieci<\/h2>\n\n\n\n<p>Decyzja DIOZ wywo\u0142a\u0142a fal\u0119 krytycznych komentarzy w mediach spo\u0142eczno\u015bciowych. Internauci zwracaj\u0105 uwag\u0119 na kontrowersyjny charakter organizatora, kt\u00f3ry wcze\u015bniej by\u0142 oskar\u017cany o nieprawid\u0142owo\u015bci w dzia\u0142alno\u015bci. Wielu u\u017cytkownik\u00f3w sieci dostrzega w inicjatywie attempt wykorzystania tragedii do poprawy wizerunku fundacji, a nie autentycznego upami\u0119tnienia zmar\u0142ego pos\u0142a.<\/p>\n\n\n\n<p>Atmosfera wok\u00f3\u0142 marszu pozostaje napi\u0119ta, a postawa polityk\u00f3w Lewicy podkre\u015bla g\u0142\u0119bokie rozbie\u017cno\u015bci opinii na temat w\u0142a\u015bciwego i etycznego sposobu uczczenia pami\u0119ci \u0141ukasza Litewki.<\/p>\n","protected":false},"excerpt":{"rendered":"W czwartek 23 kwietnia 2026 roku dosz\u0142o do tragicznego wypadku na drodze \u0142\u0105cz\u0105cej Sosnowiec z D\u0105brow\u0105 G\u00f3rnicz\u0105. Pose\u0142 Nowej Lewicy \u0141ukasz Litewka, jech\u0105cy \n<a class=\"moretag\" href=\"https:\/\/swiat24.pl.ua\/?p=26197\"> [...]<\/a>","protected":false},"author":1,"featured_media":26198,"comment_status":"open","ping_status":"open","sticky":false,"template":"","format":"standard","meta":{"footnotes":""},"categories":[1],"tags":[],"class_list":["post-26197","post","type-post","status-publish","format-standard","has-post-thumbnail","hentry","category-blog"],"_links":{"self":[{"href":"https:\/\/swiat24.pl.ua\/index.php?rest_route=\/wp\/v2\/posts\/26197","targetHints":{"allow":["GET"]}}],"collection":[{"href":"https:\/\/swiat24.pl.ua\/index.php?rest_route=\/wp\/v2\/posts"}],"about":[{"href":"https:\/\/swiat24.pl.ua\/index.php?rest_route=\/wp\/v2\/types\/post"}],"author":[{"embeddable":true,"href":"https:\/\/swiat24.pl.ua\/index.php?rest_route=\/wp\/v2\/users\/1"}],"replies":[{"embeddable":true,"href":"https:\/\/swiat24.pl.ua\/index.php?rest_route=%2Fwp%2Fv2%2Fcomments&post=26197"}],"version-history":[{"count":1,"href":"https:\/\/swiat24.pl.ua\/index.php?rest_route=\/wp\/v2\/posts\/26197\/revisions"}],"predecessor-version":[{"id":26199,"href":"https:\/\/swiat24.pl.ua\/index.php?rest_route=\/wp\/v2\/posts\/26197\/revisions\/26199"}],"wp:featuredmedia":[{"embeddable":true,"href":"https:\/\/swiat24.pl.ua\/index.php?rest_route=\/wp\/v2\/media\/26198"}],"wp:attachment":[{"href":"https:\/\/swiat24.pl.ua\/index.php?rest_route=%2Fwp%2Fv2%2Fmedia&parent=26197"}],"wp:term":[{"taxonomy":"category","embeddable":true,"href":"https:\/\/swiat24.pl.ua\/index.php?rest_route=%2Fwp%2Fv2%2Fcategories&post=26197"},{"taxonomy":"post_tag","embeddable":true,"href":"https:\/\/swiat24.pl.ua\/index.php?rest_route=%2Fwp%2Fv2%2Ftags&post=26197"}],"curies":[{"name":"wp","href":"https:\/\/api.w.org\/{rel}","templated":true}]}}