{"id":26164,"date":"2026-04-25T18:35:49","date_gmt":"2026-04-25T18:35:49","guid":{"rendered":"https:\/\/swiat24.pl.ua\/?p=26164"},"modified":"2026-04-25T18:35:49","modified_gmt":"2026-04-25T18:35:49","slug":"trwa-ogromny-pozar-lasu-w-akcji-straze-i-samoloty","status":"publish","type":"post","link":"https:\/\/swiat24.pl.ua\/?p=26164","title":{"rendered":"Trwa ogromny po\u017car lasu! W akcji stra\u017ce i samoloty"},"content":{"rendered":"\n<p>W sobotnie popo\u0142udnie w okolicach Bydgoszczy dosz\u0142o do gro\u017anego po\u017caru lasu, kt\u00f3ry b\u0142yskawicznie obj\u0105\u0142 du\u017c\u0105 powierzchni\u0119 i wymaga\u0142 natychmiastowej reakcji s\u0142u\u017cb ratunkowych.<\/p>\n\n\n\n<p><strong>Po\u017car w Stryszku. S\u0142u\u017cby ruszy\u0142y natychmiast<\/strong><\/p>\n\n\n\n<p>Zg\u0142oszenie o po\u017carze wp\u0142yn\u0119\u0142o do Komendy Miejskiej Pa\u0144stwowej Stra\u017cy Po\u017carnej w Bydgoszczy o godzinie 15:51.<\/p>\n\n\n\n<p>Ogie\u0144 pojawi\u0142 si\u0119 w kompleksie le\u015bnym w miejscowo\u015bci Stryszek w wojew\u00f3dztwie kujawsko-pomorskim.<\/p>\n\n\n\n<p>Na miejsce natychmiast skierowano kilka zast\u0119p\u00f3w stra\u017cy po\u017carnej, kt\u00f3re rozpocz\u0119\u0142y walk\u0119 z \u017cywio\u0142em w trybie pilnym.<\/p>\n\n\n\n<p>Ze wzgl\u0119du na skal\u0119 zagro\u017cenia do akcji w\u0142\u0105czono r\u00f3wnie\u017c dwa samoloty ga\u015bnicze, kt\u00f3re prowadzi\u0142y zrzuty wody na trudno dost\u0119pne obszary.<\/p>\n\n\n\n<p>Od pocz\u0105tku by\u0142o jasne, \u017ce sytuacja jest powa\u017cna, poniewa\u017c ogie\u0144 szybko si\u0119 rozprzestrzenia\u0142 i obejmowa\u0142 kolejne fragmenty lasu.<\/p>\n\n\n\n<p><strong>G\u0119sty dym i utrudnienia na trasie S10<\/strong><\/p>\n\n\n\n<p>Po\u017car by\u0142 widoczny z bardzo du\u017cej odleg\u0142o\u015bci, a nad lasem unosi\u0142y si\u0119 g\u0119ste k\u0142\u0119by dymu.<\/p>\n\n\n\n<p>Widoczno\u015b\u0107 zosta\u0142a znacz\u0105co ograniczona, szczeg\u00f3lnie w rejonie trasy ekspresowej S10, gdzie dym utrudnia\u0142 jazd\u0119 kierowcom.<\/p>\n\n\n\n<p>Dodatkowym problemem by\u0142o po\u0142o\u017cenie ogniska po\u017caru w pobli\u017cu w\u0119z\u0142a drogowego w Stryszku, co zwi\u0119ksza\u0142o ryzyko i komplikowa\u0142o dzia\u0142ania ratownik\u00f3w.<\/p>\n\n\n\n<p>Nagrania \u015bwiadk\u00f3w szybko pojawi\u0142y si\u0119 w internecie, pokazuj\u0105c skal\u0119 zagro\u017cenia i ogromn\u0105 chmur\u0119 dymu nad lasem.<\/p>\n\n\n\n<p><strong>Akcja ga\u015bnicza i opanowanie sytuacji<\/strong><\/p>\n\n\n\n<p>Stra\u017cacy koncentrowali si\u0119 na lokalizacji \u017ar\u00f3d\u0142a ognia oraz ograniczeniu jego rozprzestrzeniania.<\/p>\n\n\n\n<p>Dzia\u0142ania by\u0142y prowadzone zar\u00f3wno z ziemi, jak i z powietrza, co pozwoli\u0142o stopniowo przejmowa\u0107 kontrol\u0119 nad sytuacj\u0105.<\/p>\n\n\n\n<p>Wed\u0142ug informacji przekazanych przez przedstawicieli stra\u017cy po\u017carnej, ogie\u0144 obj\u0105\u0142 oko\u0142o 1200 metr\u00f3w kwadratowych lasu.<\/p>\n\n\n\n<p>Na miejscu pracowa\u0142o \u0142\u0105cznie siedem zast\u0119p\u00f3w stra\u017cy po\u017carnej, a wsparcia udziela\u0142y r\u00f3wnie\u017c Lasy Pa\u0144stwowe.<\/p>\n\n\n\n<p>S\u0142u\u017cby poinformowa\u0142y, \u017ce sytuacja zosta\u0142a opanowana, cho\u0107 dogaszanie wci\u0105\u017c trwa.<\/p>\n\n\n\n<p><strong>Niebezpieczne warunki i mo\u017cliwe przyczyny<\/strong><\/p>\n\n\n\n<p>Akcj\u0119 utrudnia\u0142 silny i porywisty wiatr, kt\u00f3ry sprawia\u0142, \u017ce ogie\u0144 zachowywa\u0142 si\u0119 nieprzewidywalnie i m\u00f3g\u0142 si\u0119 ponownie rozprzestrzenia\u0107.<\/p>\n\n\n\n<p>Na ten moment nie s\u0105 znane przyczyny wybuchu po\u017caru, jednak lokalne media wskazuj\u0105 na mo\u017cliwy wp\u0142yw suszy i bardzo suchej \u015bci\u00f3\u0142ki le\u015bnej.<\/p>\n\n\n\n<p>To ju\u017c kolejny po\u017car w regionie w ostatnich dniach, co mo\u017ce potwierdza\u0107 zwi\u0119kszone ryzyko zwi\u0105zane z warunkami pogodowymi.<\/p>\n\n\n\n<p>Stra\u017cacy nadal monitoruj\u0105 teren i prowadz\u0105 dzia\u0142ania, kt\u00f3re maj\u0105 ca\u0142kowicie wyeliminowa\u0107 zarzewia ognia i zapobiec jego ponownemu roznieceniu.<\/p>\n","protected":false},"excerpt":{"rendered":"W sobotnie popo\u0142udnie w okolicach Bydgoszczy dosz\u0142o do gro\u017anego po\u017caru lasu, kt\u00f3ry b\u0142yskawicznie obj\u0105\u0142 du\u017c\u0105 powierzchni\u0119 i wymaga\u0142 natychmiastowej reakcji s\u0142u\u017cb ratunkowych. Po\u017car \n<a class=\"moretag\" href=\"https:\/\/swiat24.pl.ua\/?p=26164\"> [...]<\/a>","protected":false},"author":1,"featured_media":26165,"comment_status":"open","ping_status":"open","sticky":false,"template":"","format":"standard","meta":{"footnotes":""},"categories":[1],"tags":[],"class_list":["post-26164","post","type-post","status-publish","format-standard","has-post-thumbnail","hentry","category-blog"],"_links":{"self":[{"href":"https:\/\/swiat24.pl.ua\/index.php?rest_route=\/wp\/v2\/posts\/26164","targetHints":{"allow":["GET"]}}],"collection":[{"href":"https:\/\/swiat24.pl.ua\/index.php?rest_route=\/wp\/v2\/posts"}],"about":[{"href":"https:\/\/swiat24.pl.ua\/index.php?rest_route=\/wp\/v2\/types\/post"}],"author":[{"embeddable":true,"href":"https:\/\/swiat24.pl.ua\/index.php?rest_route=\/wp\/v2\/users\/1"}],"replies":[{"embeddable":true,"href":"https:\/\/swiat24.pl.ua\/index.php?rest_route=%2Fwp%2Fv2%2Fcomments&post=26164"}],"version-history":[{"count":1,"href":"https:\/\/swiat24.pl.ua\/index.php?rest_route=\/wp\/v2\/posts\/26164\/revisions"}],"predecessor-version":[{"id":26166,"href":"https:\/\/swiat24.pl.ua\/index.php?rest_route=\/wp\/v2\/posts\/26164\/revisions\/26166"}],"wp:featuredmedia":[{"embeddable":true,"href":"https:\/\/swiat24.pl.ua\/index.php?rest_route=\/wp\/v2\/media\/26165"}],"wp:attachment":[{"href":"https:\/\/swiat24.pl.ua\/index.php?rest_route=%2Fwp%2Fv2%2Fmedia&parent=26164"}],"wp:term":[{"taxonomy":"category","embeddable":true,"href":"https:\/\/swiat24.pl.ua\/index.php?rest_route=%2Fwp%2Fv2%2Fcategories&post=26164"},{"taxonomy":"post_tag","embeddable":true,"href":"https:\/\/swiat24.pl.ua\/index.php?rest_route=%2Fwp%2Fv2%2Ftags&post=26164"}],"curies":[{"name":"wp","href":"https:\/\/api.w.org\/{rel}","templated":true}]}}