{"id":26158,"date":"2026-04-25T18:01:20","date_gmt":"2026-04-25T18:01:20","guid":{"rendered":"https:\/\/swiat24.pl.ua\/?p=26158"},"modified":"2026-04-25T18:01:20","modified_gmt":"2026-04-25T18:01:20","slug":"kobieta-po-raz-pierwszy-obcina-wlosy","status":"publish","type":"post","link":"https:\/\/swiat24.pl.ua\/?p=26158","title":{"rendered":"-Kobieta po raz pierwszy obcina w\u0142osy"},"content":{"rendered":"\n<p>Nowy wygl\u0105d mo\u017ce mie\u0107 od\u015bwie\u017caj\u0105cy, odm\u0142adzaj\u0105cy wp\u0142yw, dodaj\u0105c nam \u015bwie\u017cej energii, gdy najbardziej jej potrzebujemy. <\/p>\n\n\n\n<p>Mimo to, niewiele os\u00f3b do\u015bwiadczy takiej zmiany stylu, jakiej do\u015bwiadczy\u0142a Rosa Ramirez, m\u0142oda Amerykanka, po 25 latach noszenia w\u0142os\u00f3w w ten sam spos\u00f3b\u2026<\/p>\n\n\n\n<p>Historia Rosy po raz pierwszy trafi\u0142a na pierwsze strony gazet w 2015 r., ale jej przemiana jest dzi\u015b r\u00f3wnie przyci\u0105gaj\u0105ca wzrok dla tych, kt\u00f3rzy nie mieli okazji zobaczy\u0107 jej wtedy.<\/p>\n\n\n\n<p>Podobno Rosa mia\u0142a tak d\u0142ugie w\u0142osy, \u017ce mog\u0142a na nie nawet nadepn\u0105\u0107 podczas chodzenia. Jej m\u0105\u017c przez lata wielokrotnie pr\u00f3bowa\u0142 przekona\u0107 j\u0105, \u017ceby chocia\u017c rozwa\u017cy\u0142a ich strzy\u017cenie, ale Rosa nie by\u0142a pewna, bo od 25 lat nosi\u0142a t\u0119 sam\u0105 fryzur\u0119\u2026<\/p>\n\n\n\n<figure class=\"wp-block-embed is-type-video is-provider-youtube wp-block-embed-youtube wp-embed-aspect-16-9 wp-has-aspect-ratio\"><div class=\"wp-block-embed__wrapper\">\n<iframe loading=\"lazy\" title=\"Woman cuts hair for the first time in 25 years\" width=\"747\" height=\"420\" src=\"https:\/\/www.youtube.com\/embed\/aORmvI5Trew?feature=oembed\" frameborder=\"0\" allow=\"accelerometer; autoplay; clipboard-write; encrypted-media; gyroscope; picture-in-picture; web-share\" referrerpolicy=\"strict-origin-when-cross-origin\" allowfullscreen><\/iframe>\n<\/div><\/figure>\n","protected":false},"excerpt":{"rendered":"Nowy wygl\u0105d mo\u017ce mie\u0107 od\u015bwie\u017caj\u0105cy, odm\u0142adzaj\u0105cy wp\u0142yw, dodaj\u0105c nam \u015bwie\u017cej energii, gdy najbardziej jej potrzebujemy. Mimo to, niewiele os\u00f3b do\u015bwiadczy takiej zmiany stylu, \n<a class=\"moretag\" href=\"https:\/\/swiat24.pl.ua\/?p=26158\"> [...]<\/a>","protected":false},"author":1,"featured_media":26159,"comment_status":"open","ping_status":"open","sticky":false,"template":"","format":"standard","meta":{"footnotes":""},"categories":[1],"tags":[],"class_list":["post-26158","post","type-post","status-publish","format-standard","has-post-thumbnail","hentry","category-blog"],"_links":{"self":[{"href":"https:\/\/swiat24.pl.ua\/index.php?rest_route=\/wp\/v2\/posts\/26158","targetHints":{"allow":["GET"]}}],"collection":[{"href":"https:\/\/swiat24.pl.ua\/index.php?rest_route=\/wp\/v2\/posts"}],"about":[{"href":"https:\/\/swiat24.pl.ua\/index.php?rest_route=\/wp\/v2\/types\/post"}],"author":[{"embeddable":true,"href":"https:\/\/swiat24.pl.ua\/index.php?rest_route=\/wp\/v2\/users\/1"}],"replies":[{"embeddable":true,"href":"https:\/\/swiat24.pl.ua\/index.php?rest_route=%2Fwp%2Fv2%2Fcomments&post=26158"}],"version-history":[{"count":1,"href":"https:\/\/swiat24.pl.ua\/index.php?rest_route=\/wp\/v2\/posts\/26158\/revisions"}],"predecessor-version":[{"id":26160,"href":"https:\/\/swiat24.pl.ua\/index.php?rest_route=\/wp\/v2\/posts\/26158\/revisions\/26160"}],"wp:featuredmedia":[{"embeddable":true,"href":"https:\/\/swiat24.pl.ua\/index.php?rest_route=\/wp\/v2\/media\/26159"}],"wp:attachment":[{"href":"https:\/\/swiat24.pl.ua\/index.php?rest_route=%2Fwp%2Fv2%2Fmedia&parent=26158"}],"wp:term":[{"taxonomy":"category","embeddable":true,"href":"https:\/\/swiat24.pl.ua\/index.php?rest_route=%2Fwp%2Fv2%2Fcategories&post=26158"},{"taxonomy":"post_tag","embeddable":true,"href":"https:\/\/swiat24.pl.ua\/index.php?rest_route=%2Fwp%2Fv2%2Ftags&post=26158"}],"curies":[{"name":"wp","href":"https:\/\/api.w.org\/{rel}","templated":true}]}}