{"id":26149,"date":"2026-04-25T15:09:41","date_gmt":"2026-04-25T15:09:41","guid":{"rendered":"https:\/\/swiat24.pl.ua\/?p=26149"},"modified":"2026-04-25T15:09:41","modified_gmt":"2026-04-25T15:09:41","slug":"jest-zarzut-dla-57-letniego-kierowcy-ktory-spowodowal-smiertelny-wypadek","status":"publish","type":"post","link":"https:\/\/swiat24.pl.ua\/?p=26149","title":{"rendered":"Jest zarzut dla 57-letniego kierowcy, kt\u00f3ry spowodowa\u0142 \u015bmiertelny wypadek"},"content":{"rendered":"\n<p>\u015aledztwo w sprawie tragicznego wypadku, w kt\u00f3rym zgin\u0105\u0142 pose\u0142 \u0141ukasz Litewka, wchodzi w kolejny etap, poniewa\u017c prokuratura postawi\u0142a ju\u017c zarzuty kierowcy uczestnicz\u0105cemu w zdarzeniu.<\/p>\n\n\n\n<p>To prze\u0142omowy moment post\u0119powania, kt\u00f3ry jednak nie ko\u0144czy sprawy, a jedynie otwiera drog\u0119 do dalszych, szczeg\u00f3\u0142owych ustale\u0144.<\/p>\n\n\n\n<p><strong>Okoliczno\u015bci tragicznego wypadku<\/strong><\/p>\n\n\n\n<p>Do dramatycznego zdarzenia dosz\u0142o w czwartek po po\u0142udniu na ulicy Kazimierzowskiej w D\u0105browie G\u00f3rniczej, gdzie 36-letni pose\u0142 Lewicy porusza\u0142 si\u0119 rowerem.<\/p>\n\n\n\n<p>W pewnym momencie zosta\u0142 potr\u0105cony przez samoch\u00f3d marki Mitsubishi, kt\u00f3rego kierowca zjecha\u0142 na przeciwleg\u0142y pas ruchu.<\/p>\n\n\n\n<p>Mimo natychmiastowej reakcji s\u0142u\u017cb i podj\u0119tej reanimacji, \u017cycia polityka nie uda\u0142o si\u0119 uratowa\u0107.<\/p>\n\n\n\n<p>Tragedia szybko wstrz\u0105sn\u0119\u0142a opini\u0105 publiczn\u0105, poniewa\u017c Litewka by\u0142 znany z dzia\u0142alno\u015bci spo\u0142ecznej i zaanga\u017cowania w pomoc innym.<\/p>\n\n\n\n<p><strong>Zarzuty dla kierowcy i mo\u017cliwa kara<\/strong><\/p>\n\n\n\n<p>57-letni mieszkaniec Sosnowca, kt\u00f3ry prowadzi\u0142 pojazd, zosta\u0142 zatrzymany i przes\u0142uchany przez \u015bledczych.<\/p>\n\n\n\n<p>Prokuratura postawi\u0142a mu zarzut spowodowania wypadku komunikacyjnego ze skutkiem \u015bmiertelnym.<\/p>\n\n\n\n<p>Za taki czyn grozi kara od sze\u015bciu miesi\u0119cy do o\u015bmiu lat pozbawienia wolno\u015bci.<\/p>\n\n\n\n<p>Stan zdrowia m\u0119\u017cczyzny okre\u015blono jako dobry, jednak \u015bledczy podkre\u015blaj\u0105, \u017ce konieczne s\u0105 dalsze analizy i badania, kt\u00f3re mog\u0105 mie\u0107 kluczowe znaczenie dla sprawy.<\/p>\n\n\n\n<p><strong>Badania i w\u0105tpliwo\u015bci \u015bledczych<\/strong><\/p>\n\n\n\n<p>W ramach post\u0119powania kierowca zosta\u0142 poddany szczeg\u00f3\u0142owym badaniom medycznym, kt\u00f3re maj\u0105 wyja\u015bni\u0107, czy w chwili zdarzenia dosz\u0142o do nag\u0142ego pogorszenia jego stanu zdrowia.<\/p>\n\n\n\n<p>Pobrano r\u00f3wnie\u017c krew do szerokiego panelu toksykologicznego, aby sprawdzi\u0107, czy w organizmie znajdowa\u0142y si\u0119 substancje mog\u0105ce wp\u0142yn\u0105\u0107 na jego zachowanie.<\/p>\n\n\n\n<p>Podejrzany przyzna\u0142 si\u0119 do pope\u0142nienia zarzucanego czynu zar\u00f3wno podczas przes\u0142uchania na policji, jak i przed prokuratorem.<\/p>\n\n\n\n<p>Z\u0142o\u017cy\u0142 obszerne wyja\u015bnienia, jednak \u2013 jak zaznaczaj\u0105 \u015bledczy \u2013 cz\u0119\u015b\u0107 jego relacji budzi powa\u017cne w\u0105tpliwo\u015bci.<\/p>\n\n\n\n<p><strong>Niejednoznaczne wersje wydarze\u0144<\/strong><\/p>\n\n\n\n<p>Z ustale\u0144 prokuratury wynika, \u017ce kierowca przedstawia r\u00f3\u017cne wersje przebiegu zdarzenia, wskazuj\u0105c m.in. na utrat\u0119 przytomno\u015bci, rozkojarzenie lub brak pami\u0119ci.<\/p>\n\n\n\n<p>\u015aledczy nie wykluczaj\u0105 jednak, \u017ce cz\u0119\u015b\u0107 tych wyja\u015bnie\u0144 mo\u017ce stanowi\u0107 element przyj\u0119tej linii obrony.<\/p>\n\n\n\n<p>Dodatkowym utrudnieniem jest brak bezpo\u015brednich \u015bwiadk\u00f3w samego momentu wypadku, co znacz\u0105co komplikuje odtworzenie jego przebiegu.<\/p>\n\n\n\n<p>Przes\u0142uchano ju\u017c osoby, kt\u00f3re pojawi\u0142y si\u0119 na miejscu tu\u017c po zdarzeniu i bra\u0142y udzia\u0142 w udzielaniu pomocy, jednak prokuratura wci\u0105\u017c apeluje o zg\u0142aszanie si\u0119 ewentualnych \u015bwiadk\u00f3w.<\/p>\n\n\n\n<p><strong>\u015aledztwo w toku i mo\u017cliwe kolejne kroki<\/strong><\/p>\n\n\n\n<p>Post\u0119powanie nadal trwa, a jego kluczowym celem jest dok\u0142adne ustalenie wszystkich okoliczno\u015bci tragedii.<\/p>\n\n\n\n<p>Prokuratura nie wyklucza skierowania do s\u0105du wniosku o zastosowanie wobec podejrzanego tymczasowego aresztu.<\/p>\n\n\n\n<p>Ostateczne decyzje b\u0119d\u0105 jednak uzale\u017cnione od wynik\u00f3w bada\u0144, opinii bieg\u0142ych oraz dalszej analizy zgromadzonego materia\u0142u dowodowego.<\/p>\n\n\n\n<p>Sprawa pozostaje jedn\u0105 z najbardziej poruszaj\u0105cych i uwa\u017cnie \u015bledzonych w ostatnich dniach, a jej fina\u0142 mo\u017ce przynie\u015b\u0107 odpowiedzi na kluczowe pytania dotycz\u0105ce przebiegu tego tragicznego zdarzenia.<\/p>\n","protected":false},"excerpt":{"rendered":"\u015aledztwo w sprawie tragicznego wypadku, w kt\u00f3rym zgin\u0105\u0142 pose\u0142 \u0141ukasz Litewka, wchodzi w kolejny etap, poniewa\u017c prokuratura postawi\u0142a ju\u017c zarzuty kierowcy uczestnicz\u0105cemu w \n<a class=\"moretag\" href=\"https:\/\/swiat24.pl.ua\/?p=26149\"> [...]<\/a>","protected":false},"author":1,"featured_media":26150,"comment_status":"open","ping_status":"open","sticky":false,"template":"","format":"standard","meta":{"footnotes":""},"categories":[1],"tags":[],"class_list":["post-26149","post","type-post","status-publish","format-standard","has-post-thumbnail","hentry","category-blog"],"_links":{"self":[{"href":"https:\/\/swiat24.pl.ua\/index.php?rest_route=\/wp\/v2\/posts\/26149","targetHints":{"allow":["GET"]}}],"collection":[{"href":"https:\/\/swiat24.pl.ua\/index.php?rest_route=\/wp\/v2\/posts"}],"about":[{"href":"https:\/\/swiat24.pl.ua\/index.php?rest_route=\/wp\/v2\/types\/post"}],"author":[{"embeddable":true,"href":"https:\/\/swiat24.pl.ua\/index.php?rest_route=\/wp\/v2\/users\/1"}],"replies":[{"embeddable":true,"href":"https:\/\/swiat24.pl.ua\/index.php?rest_route=%2Fwp%2Fv2%2Fcomments&post=26149"}],"version-history":[{"count":1,"href":"https:\/\/swiat24.pl.ua\/index.php?rest_route=\/wp\/v2\/posts\/26149\/revisions"}],"predecessor-version":[{"id":26151,"href":"https:\/\/swiat24.pl.ua\/index.php?rest_route=\/wp\/v2\/posts\/26149\/revisions\/26151"}],"wp:featuredmedia":[{"embeddable":true,"href":"https:\/\/swiat24.pl.ua\/index.php?rest_route=\/wp\/v2\/media\/26150"}],"wp:attachment":[{"href":"https:\/\/swiat24.pl.ua\/index.php?rest_route=%2Fwp%2Fv2%2Fmedia&parent=26149"}],"wp:term":[{"taxonomy":"category","embeddable":true,"href":"https:\/\/swiat24.pl.ua\/index.php?rest_route=%2Fwp%2Fv2%2Fcategories&post=26149"},{"taxonomy":"post_tag","embeddable":true,"href":"https:\/\/swiat24.pl.ua\/index.php?rest_route=%2Fwp%2Fv2%2Ftags&post=26149"}],"curies":[{"name":"wp","href":"https:\/\/api.w.org\/{rel}","templated":true}]}}