{"id":26146,"date":"2026-04-25T14:23:06","date_gmt":"2026-04-25T14:23:06","guid":{"rendered":"https:\/\/swiat24.pl.ua\/?p=26146"},"modified":"2026-04-25T14:23:06","modified_gmt":"2026-04-25T14:23:06","slug":"wjechal-w-litewke-a-potem-w-drzewo-nowe-informacje","status":"publish","type":"post","link":"https:\/\/swiat24.pl.ua\/?p=26146","title":{"rendered":"Wjecha\u0142 w Litewk\u0119, a potem w drzewo. Nowe informacje"},"content":{"rendered":"\n<p>Na drodze mi\u0119dzy Sosnowcem a D\u0105brow\u0105 G\u00f3rnicz\u0105 dosz\u0142o do tragicznego czo\u0142owego zderzenia. Kierowca Mitsubishi uderzy\u0142 w pos\u0142a \u0141ukasza Litewk\u0119 jad\u0105cego rowerem, a nast\u0119pnie w przydro\u017cne drzewo. Polityk zgin\u0105\u0142 na miejscu.<\/p>\n\n\n\n<p>Tragiczny wypadek na drodze mi\u0119dzy Sosnowcem a D\u0105brow\u0105 G\u00f3rnicz\u0105<br>W czwartek nieco po godzinie 13 na trasie \u0142\u0105cz\u0105cej Sosnowiec z D\u0105brow\u0105 G\u00f3rnicz\u0105 mia\u0142o miejsce tragiczne zdarzenie. <\/p>\n\n\n\n<p>Kierowca Mitsubishi zderzy\u0142 si\u0119 z pos\u0142em \u0141ukaszem Litewk\u0105, kt\u00f3ry porusza\u0142 si\u0119 rowerem. Niestety, polityk poni\u00f3s\u0142 \u015bmier\u0107 na miejscu.<\/p>\n\n\n\n<p>Zatrzymanie kierowcy i zaplanowane czynno\u015bci prokuratorskie<br>W zwi\u0105zku z wypadkiem 57-letni kierowca zosta\u0142 zatrzymany w celu z\u0142o\u017cenia wyja\u015bnie\u0144. Prokuratura zaplanowa\u0142a przeprowadzenie czynno\u015bci z nim na pi\u0105tek.<\/p>\n\n\n\n<p>Rzecznik Prokuratury Okr\u0119gowej w Sosnowcu, Bartosz Kilian, poinformowa\u0142 Wirtualn\u0105 Polsk\u0119, \u017ce po zdarzeniu s\u0142u\u017cby ratunkowe wezwa\u0142y \u015bwiadk\u00f3w, kt\u00f3rzy przypadkowo natkn\u0119li si\u0119 na miejsce wypadku.<\/p>\n\n\n\n<figure class=\"wp-block-image\"><img decoding=\"async\" src=\"https:\/\/bystryjanusz.pl\/wp-content\/uploads\/2026\/04\/1011.jpg\" alt=\"obrazek\"\/><\/figure>\n\n\n\n<h2 class=\"wp-block-heading\">Jak dosz\u0142o do wypadku? Wst\u0119pne ustalenia s\u0142u\u017cb<\/h2>\n\n\n\n<p>Zgodnie z pierwszymi analizami, samoch\u00f3d zjecha\u0142 na przeciwleg\u0142y pas ruchu, a jedno z jego k\u00f3\u0142 znalaz\u0142o si\u0119 na poboczu. Podczas pr\u00f3by odzyskania kontroli i powrotu na w\u0142a\u015bciwy pas auto jecha\u0142o pod pr\u0105d, co doprowadzi\u0142o do czo\u0142owego zderzenia z pos\u0142em Litewk\u0105 poruszaj\u0105cym si\u0119 poboczem.<\/p>\n\n\n\n<p><strong>Po zderzeniu kierowca Mitsubishi uderzy\u0142 jeszcze w przydro\u017cne drzewo.<\/strong><\/p>\n\n\n\n<h2 class=\"wp-block-heading\">Stan kierowcy i sk\u0142adane o\u015bwiadczenia<\/h2>\n\n\n\n<p>Na obecnym etapie nie odnotowano u 57-latka powa\u017cnych obra\u017ce\u0144, cho\u0107 \u2013 jak zaznacza prokuratura \u2013 m\u00f3g\u0142 by\u0107 w szoku po zdarzeniu.<\/p>\n\n\n\n<p>\u015awiadkowie, w tym funkcjonariusze policji, przekazali, \u017ce kierowca podawa\u0142 r\u00f3\u017cne wersje przyczyn wypadku, m.in. zas\u0142abni\u0119cie lub chwilow\u0105 utrat\u0119 przytomno\u015bci. Informacje te zosta\u0142y odnotowane, jednak decyduj\u0105ce b\u0119d\u0105 zeznania z\u0142o\u017cone przez zatrzymanego podczas przes\u0142uchania przed prokuratorem.<\/p>\n\n\n\n<h2 class=\"wp-block-heading\">Badania toksykologiczne i stan trze\u017awo\u015bci<\/h2>\n\n\n\n<p>Od m\u0119\u017cczyzny pobrano pr\u00f3bki do bada\u0144 na obecno\u015b\u0107 alkoholu oraz innych substancji psychoaktywnych. Proces analizy toksykologicznej potrwa kilka dni, a wynik\u00f3w mo\u017cna spodziewa\u0107 si\u0119 dopiero w przysz\u0142ym tygodniu.<\/p>\n\n\n\n<p>Badanie alkomatem potwierdzi\u0142o trze\u017awo\u015b\u0107 kierowcy.<\/p>\n\n\n\n<h2 class=\"wp-block-heading\">Reanimacja i kwestia kasku<\/h2>\n\n\n\n<p>Pr\u00f3ba reanimacji pos\u0142a Litewki zosta\u0142a podj\u0119ta zaraz po wypadku, ale szybko zako\u0144czono j\u0105 z powodu ci\u0119\u017ckich obra\u017ce\u0144 ofiary. Na temat u\u017cywania kasku prokuratura opiera si\u0119 na relacji policjant\u00f3w obecnych na miejscu.<\/p>\n\n\n\n<blockquote class=\"wp-block-quote is-layout-flow wp-block-quote-is-layout-flow\">\n<p><strong>\u2013 Nie zabezpieczyli\u015bmy \u017cadnego kasku \u2013<\/strong>&nbsp;poinformowa\u0142 rzecznik prokuratury.<\/p>\n<\/blockquote>\n","protected":false},"excerpt":{"rendered":"Na drodze mi\u0119dzy Sosnowcem a D\u0105brow\u0105 G\u00f3rnicz\u0105 dosz\u0142o do tragicznego czo\u0142owego zderzenia. Kierowca Mitsubishi uderzy\u0142 w pos\u0142a \u0141ukasza Litewk\u0119 jad\u0105cego rowerem, a nast\u0119pnie \n<a class=\"moretag\" href=\"https:\/\/swiat24.pl.ua\/?p=26146\"> [...]<\/a>","protected":false},"author":1,"featured_media":26147,"comment_status":"open","ping_status":"open","sticky":false,"template":"","format":"standard","meta":{"footnotes":""},"categories":[1],"tags":[],"class_list":["post-26146","post","type-post","status-publish","format-standard","has-post-thumbnail","hentry","category-blog"],"_links":{"self":[{"href":"https:\/\/swiat24.pl.ua\/index.php?rest_route=\/wp\/v2\/posts\/26146","targetHints":{"allow":["GET"]}}],"collection":[{"href":"https:\/\/swiat24.pl.ua\/index.php?rest_route=\/wp\/v2\/posts"}],"about":[{"href":"https:\/\/swiat24.pl.ua\/index.php?rest_route=\/wp\/v2\/types\/post"}],"author":[{"embeddable":true,"href":"https:\/\/swiat24.pl.ua\/index.php?rest_route=\/wp\/v2\/users\/1"}],"replies":[{"embeddable":true,"href":"https:\/\/swiat24.pl.ua\/index.php?rest_route=%2Fwp%2Fv2%2Fcomments&post=26146"}],"version-history":[{"count":1,"href":"https:\/\/swiat24.pl.ua\/index.php?rest_route=\/wp\/v2\/posts\/26146\/revisions"}],"predecessor-version":[{"id":26148,"href":"https:\/\/swiat24.pl.ua\/index.php?rest_route=\/wp\/v2\/posts\/26146\/revisions\/26148"}],"wp:featuredmedia":[{"embeddable":true,"href":"https:\/\/swiat24.pl.ua\/index.php?rest_route=\/wp\/v2\/media\/26147"}],"wp:attachment":[{"href":"https:\/\/swiat24.pl.ua\/index.php?rest_route=%2Fwp%2Fv2%2Fmedia&parent=26146"}],"wp:term":[{"taxonomy":"category","embeddable":true,"href":"https:\/\/swiat24.pl.ua\/index.php?rest_route=%2Fwp%2Fv2%2Fcategories&post=26146"},{"taxonomy":"post_tag","embeddable":true,"href":"https:\/\/swiat24.pl.ua\/index.php?rest_route=%2Fwp%2Fv2%2Ftags&post=26146"}],"curies":[{"name":"wp","href":"https:\/\/api.w.org\/{rel}","templated":true}]}}