{"id":23741,"date":"2026-03-11T17:58:56","date_gmt":"2026-03-11T17:58:56","guid":{"rendered":"https:\/\/swiat24.pl.ua\/?p=23741"},"modified":"2026-03-11T17:58:56","modified_gmt":"2026-03-11T17:58:56","slug":"ledwo-nawrocki-zaprosil-tuska-a-juz-pojawily-sie-wyniki-sondazu-polacy-nie-maja-zludzen","status":"publish","type":"post","link":"https:\/\/swiat24.pl.ua\/?p=23741","title":{"rendered":"Ledwo Nawrocki zaprosi\u0142 Tuska, a ju\u017c pojawi\u0142y si\u0119 wyniki sonda\u017cu. Polacy nie maj\u0105 z\u0142udze\u0144"},"content":{"rendered":"\n<p>Relacje mi\u0119dzy prezydentem Karolem Nawrockim a rz\u0105dem Donalda Tuska zosta\u0142y niedawno poddane ocenie przez Polak\u00f3w. <\/p>\n\n\n\n<p>Najnowszy sonda\u017c Centrum Badania Opinii Spo\u0142ecznej (CBOS) pokazuje, \u017ce wi\u0119kszo\u015b\u0107 spo\u0142ecze\u0144stwa krytycznie patrzy na t\u0119 wsp\u00f3\u0142prac\u0119.<\/p>\n\n\n\n<p>Wed\u0142ug badania a\u017c&nbsp;<strong>63%<\/strong>&nbsp;respondent\u00f3w ocenia relacje mi\u0119dzy prezydentem a premierem negatywnie:&nbsp;<strong>36%<\/strong>&nbsp;uwa\u017ca je za \u201ezdecydowanie z\u0142e\u201d, a&nbsp;<strong>27%<\/strong>&nbsp;za \u201eraczej z\u0142e\u201d. Pozytywnie wypowiada si\u0119 zaledwie&nbsp;<strong>28%<\/strong>&nbsp;ankietowanych \u2013&nbsp;<strong>7%<\/strong>&nbsp;jako \u201ezdecydowanie dobre\u201d, a&nbsp;<strong>21%<\/strong>&nbsp;jako \u201eraczej dobre\u201d. Wyniki wskazuj\u0105 na wyra\u017any podzia\u0142 opinii w spo\u0142ecze\u0144stwie.<\/p>\n\n\n\n<figure class=\"wp-block-image\"><img decoding=\"async\" src=\"https:\/\/cenneinfo.pl\/wp-content\/uploads\/2026\/03\/435.jpg\" alt=\"obrazek\"\/><\/figure>\n\n\n\n<h2 class=\"wp-block-heading\">Gdzie pojawiaj\u0105 si\u0119 najwi\u0119ksze napi\u0119cia?<\/h2>\n\n\n\n<p>Polacy wskazali g\u0142\u00f3wne \u017ar\u00f3d\u0142a konflikt\u00f3w mi\u0119dzy Pa\u0142acem Prezydenckim a rz\u0105dem. Najwi\u0119ksze napi\u0119cia dotycz\u0105&nbsp;<strong>wymiaru sprawiedliwo\u015bci<\/strong>&nbsp;\u2013&nbsp;<strong>58%<\/strong>&nbsp;respondent\u00f3w wymieni\u0142o zmiany w s\u0105downictwie i nominacje s\u0119dziowskie.<\/p>\n\n\n\n<p>Na drugim miejscu uplasowa\u0142a si\u0119&nbsp;<strong>reprezentacja Polski za granic\u0105<\/strong>, w tym powo\u0142ywanie ambasador\u00f3w (<strong>43%<\/strong>).&nbsp;<strong>34%<\/strong>&nbsp;badanych wskaza\u0142o polityk\u0119 wobec prezydenta USA Donalda Trumpa.<\/p>\n\n\n\n<p>Inne kluczowe kwestie pot\u0119guj\u0105ce spory to:<\/p>\n\n\n\n<ul class=\"wp-block-list\">\n<li>pomoc dla obywateli Ukrainy w Polsce \u2013\u00a0<strong>25%<\/strong><\/li>\n\n\n\n<li>regulacje dotycz\u0105ce zwi\u0105zk\u00f3w partnerskich \u2013\u00a0<strong>24%<\/strong><\/li>\n\n\n\n<li>nominacje w wojsku i s\u0142u\u017cbach mundurowych \u2013\u00a0<strong>23%<\/strong><\/li>\n\n\n\n<li>zmiany w polityce energetycznej \u2013\u00a0<strong>20%<\/strong><\/li>\n\n\n\n<li>kontrola tre\u015bci w internecie \u2013\u00a0<strong>14%<\/strong><\/li>\n\n\n\n<li>zmiany systemu podatkowego \u2013\u00a0<strong>13%<\/strong><\/li>\n<\/ul>\n\n\n\n<h2 class=\"wp-block-heading\">Prawo weta i zaufanie do instytucji \u2013 opinie Polak\u00f3w<\/h2>\n\n\n\n<p>Opinie na temat korzystania przez prezydenta z prawa weta s\u0105 podzielone:&nbsp;<strong>38%<\/strong>&nbsp;ankietowanych uwa\u017ca, \u017ce Nawrocki robi to \u201ezbyt cz\u0119sto\u201d, tyle samo \u2013 \u017ce \u201eodpowiednio cz\u0119sto\u201d.&nbsp;<strong>16%<\/strong>&nbsp;s\u0105dzi, \u017ce \u201ezbyt rzadko\u201d, a ponad&nbsp;<strong>8%<\/strong>&nbsp;nie ma zdania.<\/p>\n\n\n\n<p>W kwestii reprezentowania interes\u00f3w Polski wi\u0119ksze zaufanie budzi&nbsp;<strong>prezydent<\/strong>&nbsp;(<strong>41%<\/strong>) ni\u017c&nbsp;<strong>rz\u0105d Tuska<\/strong>&nbsp;(<strong>29%<\/strong>).&nbsp;<strong>12%<\/strong>&nbsp;ufa obu r\u00f3wno,&nbsp;<strong>17%<\/strong>&nbsp;\u017cadnemu, a&nbsp;<strong>1%<\/strong>&nbsp;nie okre\u015bli\u0142o stanowiska.<\/p>\n\n\n\n<h2 class=\"wp-block-heading\">Metodologia badania<\/h2>\n\n\n\n<p>Sonda\u017c CBOS przeprowadzono na reprezentatywnej pr\u00f3bie&nbsp;<strong>1000<\/strong>&nbsp;doros\u0142ych Polak\u00f3w metodami wywiad\u00f3w telefonicznych (CATI \u2013&nbsp;<strong>80%<\/strong>) i internetowych (CAWI \u2013&nbsp;<strong>20%<\/strong>). Badanie trwa\u0142o od 23 do 26 lutego 2026 roku.<\/p>\n\n\n\n<blockquote class=\"wp-block-quote is-layout-flow wp-block-quote-is-layout-flow\">\n<p>\u201eWsp\u00f3\u0142praca mi\u0119dzy g\u0142ow\u0105 pa\u0144stwa a rz\u0105dem to fundament stabilno\u015bci politycznej. R\u00f3\u017cnice w stanowiskach szybko generuj\u0105 napi\u0119cia, kt\u00f3re odbijaj\u0105 si\u0119 na debacie publicznej\u201d \u2013 komentuje ekspert politologii.<\/p>\n<\/blockquote>\n","protected":false},"excerpt":{"rendered":"Relacje mi\u0119dzy prezydentem Karolem Nawrockim a rz\u0105dem Donalda Tuska zosta\u0142y niedawno poddane ocenie przez Polak\u00f3w. Najnowszy sonda\u017c Centrum Badania Opinii Spo\u0142ecznej (CBOS) pokazuje, \n<a class=\"moretag\" href=\"https:\/\/swiat24.pl.ua\/?p=23741\"> [...]<\/a>","protected":false},"author":1,"featured_media":23742,"comment_status":"open","ping_status":"open","sticky":false,"template":"","format":"standard","meta":{"footnotes":""},"categories":[1],"tags":[],"class_list":["post-23741","post","type-post","status-publish","format-standard","has-post-thumbnail","hentry","category-blog"],"_links":{"self":[{"href":"https:\/\/swiat24.pl.ua\/index.php?rest_route=\/wp\/v2\/posts\/23741","targetHints":{"allow":["GET"]}}],"collection":[{"href":"https:\/\/swiat24.pl.ua\/index.php?rest_route=\/wp\/v2\/posts"}],"about":[{"href":"https:\/\/swiat24.pl.ua\/index.php?rest_route=\/wp\/v2\/types\/post"}],"author":[{"embeddable":true,"href":"https:\/\/swiat24.pl.ua\/index.php?rest_route=\/wp\/v2\/users\/1"}],"replies":[{"embeddable":true,"href":"https:\/\/swiat24.pl.ua\/index.php?rest_route=%2Fwp%2Fv2%2Fcomments&post=23741"}],"version-history":[{"count":1,"href":"https:\/\/swiat24.pl.ua\/index.php?rest_route=\/wp\/v2\/posts\/23741\/revisions"}],"predecessor-version":[{"id":23743,"href":"https:\/\/swiat24.pl.ua\/index.php?rest_route=\/wp\/v2\/posts\/23741\/revisions\/23743"}],"wp:featuredmedia":[{"embeddable":true,"href":"https:\/\/swiat24.pl.ua\/index.php?rest_route=\/wp\/v2\/media\/23742"}],"wp:attachment":[{"href":"https:\/\/swiat24.pl.ua\/index.php?rest_route=%2Fwp%2Fv2%2Fmedia&parent=23741"}],"wp:term":[{"taxonomy":"category","embeddable":true,"href":"https:\/\/swiat24.pl.ua\/index.php?rest_route=%2Fwp%2Fv2%2Fcategories&post=23741"},{"taxonomy":"post_tag","embeddable":true,"href":"https:\/\/swiat24.pl.ua\/index.php?rest_route=%2Fwp%2Fv2%2Ftags&post=23741"}],"curies":[{"name":"wp","href":"https:\/\/api.w.org\/{rel}","templated":true}]}}