{"id":23738,"date":"2026-03-11T17:46:28","date_gmt":"2026-03-11T17:46:28","guid":{"rendered":"https:\/\/swiat24.pl.ua\/?p=23738"},"modified":"2026-03-11T17:46:28","modified_gmt":"2026-03-11T17:46:28","slug":"znajduje-morderce-swojego-syna-i-msci-sie-na-ulicy-bezsensowny-czyn-ojca-w-rozpaczy-2","status":"publish","type":"post","link":"https:\/\/swiat24.pl.ua\/?p=23738","title":{"rendered":"Znajduje morderc\u0119 swojego syna i m\u015bci si\u0119 na ulicy: bezsensowny czyn ojca w rozpaczy"},"content":{"rendered":"\n<p>Kiedy sprawiedliwo\u015b\u0107 zawodzi, czasem g\u00f3r\u0119 bierze zemsta.<\/p>\n\n\n\n<p>Tak w\u0142a\u015bnie sta\u0142o si\u0119 w Rocca di Papa, na po\u0142udnie od Rzymu, gdzie Guglielmo Palozzi, 62-letni ojciec, zastrzeli\u0142 Franco Lollobrigid\u0119, m\u0119\u017cczyzn\u0119 oskar\u017conego o zab\u00f3jstwo syna z powodu d\u0142ugu w wysoko\u015bci 25 euro.<\/p>\n\n\n\n<p>Ten desperacki akt uwypukla wady w\u0142oskiego systemu wymiaru sprawiedliwo\u015bci i rodzi pytania o sprawiedliwo\u015b\u0107 wymierzon\u0105 rodzinom ofiar.<\/p>\n\n\n\n<h2 class=\"wp-block-heading\">Ojciec szukaj\u0105cy sprawiedliwo\u015bci dla swojego syna(1\/12)<\/h2>\n\n\n\n<p>Tragiczna historia rozpocz\u0119\u0142a si\u0119 pi\u0119\u0107 lat temu od marnego d\u0142ugu w wysoko\u015bci 25 euro, kt\u00f3ry kosztowa\u0142 \u017cycie 34-letniego Giuliano Palozziego. M\u0142ody m\u0119\u017cczyzna zosta\u0142 brutalnie zaatakowany, zapad\u0142 w pi\u0119ciomiesi\u0119czn\u0105 \u015bpi\u0105czk\u0119, a nast\u0119pnie zmar\u0142 w czerwcu 2020 roku w wyniku odniesionych obra\u017ce\u0144. Jego ojciec, Guglielmo Palozzi, rozpocz\u0105\u0142 w\u00f3wczas d\u0142ug\u0105 walk\u0119 o sprawiedliwo\u015b\u0107, kt\u00f3ra przybra\u0142a dramatyczny obr\u00f3t zesz\u0142ego lata na ulicach Rocca di Papa.<\/p>\n\n\n\n<p><img loading=\"lazy\" decoding=\"async\" src=\"https:\/\/www.viepratique.fr\/wp-content\/uploads\/sites\/4\/2025\/12\/un-pere-en-quete-de-justice-pour-son-fils-615x410.jpg\" width=\"615\" height=\"410\">\u00a9 Shutterstock<\/p>\n\n\n\n<h2 class=\"wp-block-heading\">Droga prawna oskar\u017conego by\u0142a chaotyczna.(2\/12)<\/h2>\n\n\n\n<p>Franco Lollobrigida, m\u0119\u017cczyzna oskar\u017cony o napa\u015b\u0107 na Giuliano, przeszed\u0142 przez chaotyczn\u0105 drog\u0119 prawn\u0105. Uniewinniony w pierwszym procesie, zosta\u0142 skazany w maju 2024 roku w post\u0119powaniu apelacyjnym na dziesi\u0119\u0107 lat wi\u0119zienia za zab\u00f3jstwo ze szczeg\u00f3lnym okrucie\u0144stwem. Jednak apelacja do S\u0105du Kasacyjnego pozwoli\u0142a mu odzyska\u0107 wolno\u015b\u0107, co Guglielmo Palozzi uzna\u0142 za zbyt pochopne i niesprawiedliwe.<\/p>\n\n\n\n<p><img loading=\"lazy\" decoding=\"async\" src=\"https:\/\/www.viepratique.fr\/wp-content\/uploads\/sites\/4\/2025\/12\/parcours-judiciaire-chaotique-pour-laccuse-616x410.jpg\" width=\"616\" height=\"410\">\u00a9 Shutterstock<\/p>\n\n\n\n<h2 class=\"wp-block-heading\">B\u00f3l ojca przeradza si\u0119 w obsesj\u0119(3\/12)<\/h2>\n\n\n\n<p>B\u00f3l po stracie dziecka jest nie do opisania, a dla Guglielma Palozziego przerodzi\u0142 si\u0119 on w obsesj\u0119 na punkcie sprawiedliwo\u015bci. Przez pi\u0119\u0107 d\u0142ugich lat \u017cy\u0142 z w\u015bciek\u0142o\u015bci\u0105 i frustracj\u0105 na widok cz\u0142owieka, kt\u00f3rego uwa\u017ca\u0142 za morderc\u0119 swojego syna, wychodz\u0105cego na wolno\u015b\u0107. Ta obsesja ostatecznie doprowadzi\u0142a do zaplanowanego aktu zemsty.<\/p>\n\n\n\n<p><img loading=\"lazy\" decoding=\"async\" src=\"https:\/\/www.viepratique.fr\/wp-content\/uploads\/sites\/4\/2025\/12\/la-douleur-dun-pere-se-transforme-en-obsession-617x410.jpg\" width=\"617\" height=\"410\">\u00a9 Shutterstock<\/p>\n\n\n\n<h2 class=\"wp-block-heading\">Akt zemsty w parku&nbsp;(4\/12)<\/h2>\n\n\n\n<p>Pewnego ranka zesz\u0142ego lata Guglielmo Palozzi czeka\u0142 na Franco Lollobrigid\u0119 przed parkiem publicznym w Rocca di Papa. Znaj\u0105c nawyki swojego celu, zaplanowa\u0142 ka\u017cdy szczeg\u00f3\u0142 zemsty. Kiedy Lollobrigida si\u0119 pojawi\u0142, Palozzi podszed\u0142 do niego, zamieni\u0142 z nim kilka s\u0142\u00f3w, po czym wyci\u0105gn\u0105\u0142 rewolwer i strzeli\u0142. Kula trafi\u0142a Lollobrigid\u0119 w plecy, przeszywaj\u0105c jego serce.<\/p>\n\n\n\n<p><img loading=\"lazy\" decoding=\"async\" src=\"https:\/\/www.viepratique.fr\/wp-content\/uploads\/sites\/4\/2025\/12\/un-acte-de-vengeance-dans-un-parc-1024x683.jpg\" width=\"1024\" height=\"683\">\u00a9 Shutterstock<\/p>\n\n\n\n<h2 class=\"wp-block-heading\">Ojciec oczekuje na aresztowanie po strzelaninie&nbsp;(5\/12)<\/h2>\n\n\n\n<p>S\u0142u\u017cby ratunkowe szybko przyby\u0142y na miejsce zdarzenia, ale dla Franco Lollobrigidy by\u0142o ju\u017c za p\u00f3\u017ano, gdy\u017c zgin\u0105\u0142 na miejscu. Guglielmo Palozzi z kolei nie pr\u00f3bowa\u0142 ucieka\u0107. Rzuci\u0142 bro\u0144 w pobli\u017ce i spokojnie oczekiwa\u0142 na przybycie str\u00f3\u017c\u00f3w prawa, gotowy ponie\u015b\u0107 konsekwencje swojego desperackiego czynu.<\/p>\n\n\n\n<p><img loading=\"lazy\" decoding=\"async\" src=\"https:\/\/www.viepratique.fr\/wp-content\/uploads\/sites\/4\/2025\/12\/le-pere-attend-son-arrestation-apres-le-tir-1024x681.jpg\" width=\"1024\" height=\"681\">\u00a9 Shutterstock<\/p>\n\n\n\n<h2 class=\"wp-block-heading\">Prawnik by\u0142 zszokowany aktem zemsty&nbsp;(6\/12)<\/h2>\n\n\n\n<p>Prawnik rodziny Palozzi, Fabrizio Federici, wyrazi\u0142 szok tym aktem zemsty. Stwierdzi\u0142: \u201eNie wiem, co si\u0119 sta\u0142o: mog\u0142em spodziewa\u0107 si\u0119 pochopnego dzia\u0142ania ze strony Guglielma po uniewinnieniu, ale nie teraz, kilka miesi\u0119cy po wyroku apelacyjnym. Pewne jest, \u017ce b\u00f3l po stracie syna by\u0142 naprawd\u0119 dotkliwy\u201d.<\/p>\n\n\n\n<p><img loading=\"lazy\" decoding=\"async\" src=\"https:\/\/www.viepratique.fr\/wp-content\/uploads\/sites\/4\/2025\/12\/lavocat-choque-par-lacte-de-vengeance-1024x683.jpg\" width=\"1024\" height=\"683\">\u00a9 Shutterstock<\/p>\n\n\n\n<h2 class=\"wp-block-heading\">Wady w\u0142oskiego systemu s\u0105downiczego&nbsp;(7\/12)<\/h2>\n\n\n\n<p>Ta sprawa uwypukla wady w\u0142oskiego systemu s\u0105downiczego, w kt\u00f3rym sprzeczne decyzje podsyca\u0142y frustracj\u0119 i gniew Guglielma Palozziego. Od uniewinnienia do skazania, a nast\u0119pnie od skazania do zwolnienia, ka\u017cdy etap prawnej gehenny Lollobrigidy umacnia\u0142 w pogr\u0105\u017conym w \u017ca\u0142obie ojcu determinacj\u0119, by wzi\u0105\u0107 sprawiedliwo\u015b\u0107 we w\u0142asne r\u0119ce.<\/p>\n\n\n\n<p><img loading=\"lazy\" decoding=\"async\" src=\"https:\/\/www.viepratique.fr\/wp-content\/uploads\/sites\/4\/2025\/12\/les-failles-du-systeme-judiciaire-italien-1024x657.jpg\" width=\"1024\" height=\"657\">\u00a9 Shutterstock<\/p>\n\n\n\n<h2 class=\"wp-block-heading\">Mieszane reakcje na dzia\u0142ania ojca&nbsp;(8\/12)<\/h2>\n\n\n\n<p>Dzia\u0142ania Guglielma Palozziego wywo\u0142a\u0142y liczne reakcje we W\u0142oszech, z kt\u00f3rych cz\u0119\u015b\u0107 wyra\u017ca\u0142a poparcie dla zdesperowanego ojca, a inni pot\u0119piali jego akt przemocy. Sprawa ta rodzi pytania o to, jak wymiar sprawiedliwo\u015bci traktuje rodziny ofiar i jakie konsekwencje niesie za sob\u0105 uchybienia w systemie s\u0105downiczym.<\/p>\n\n\n\n<p><img loading=\"lazy\" decoding=\"async\" src=\"https:\/\/www.viepratique.fr\/wp-content\/uploads\/sites\/4\/2025\/12\/reactions-divisees-face-a-lacte-du-pere-1024x666.jpg\" width=\"1024\" height=\"666\">\u00a9 Shutterstock<\/p>\n\n\n\n<h2 class=\"wp-block-heading\">Akt odzwierciedlaj\u0105cy g\u0142\u0119boki b\u00f3l&nbsp;(9\/12)<\/h2>\n\n\n\n<p>Dla Guglielma Palozziego w\u0142oski wymiar sprawiedliwo\u015bci nie zdo\u0142a\u0142 ochroni\u0107 jego syna i ukara\u0107 mordercy. Bior\u0105c sprawy w swoje r\u0119ce, wyrazi\u0142 rozpacz wobec systemu, kt\u00f3ry uwa\u017ca\u0142 za wadliwy. Jego czyn, cho\u0107 naganny, odzwierciedla g\u0142\u0119boki b\u00f3l i niespe\u0142nione d\u0105\u017cenie do sprawiedliwo\u015bci.<\/p>\n\n\n\n<p><img loading=\"lazy\" decoding=\"async\" src=\"https:\/\/www.viepratique.fr\/wp-content\/uploads\/sites\/4\/2025\/12\/un-acte-refletant-une-douleur-profonde-1024x683.jpg\" width=\"1024\" height=\"683\">\u00a9 Shutterstock<\/p>\n\n\n\n<h2 class=\"wp-block-heading\">Konieczno\u015b\u0107 reformy systemu s\u0105downictwa&nbsp;(10\/12)<\/h2>\n\n\n\n<p>Tragedia w Rocca di Papa to przejmuj\u0105ce przypomnienie o niszczycielskich konsekwencjach, jakie mog\u0105 mie\u0107 wady systemu sprawiedliwo\u015bci. Podkre\u015bla ona potrzeb\u0119 reformy tego systemu, aby zapewni\u0107 sprawiedliwe i szybkie wymierzanie sprawiedliwo\u015bci, tak aby inne rodziny nie musia\u0142y ucieka\u0107 si\u0119 do tak desperackich czyn\u00f3w.<\/p>\n\n\n\n<p><img loading=\"lazy\" decoding=\"async\" src=\"https:\/\/www.viepratique.fr\/wp-content\/uploads\/sites\/4\/2025\/12\/necessite-de-reformer-le-systeme-judiciaire-1024x683.jpg\" width=\"1024\" height=\"683\">\u00a9 Shutterstock<\/p>\n\n\n\n<h2 class=\"wp-block-heading\">Podzielona opinia publiczna i pytania etyczne&nbsp;(11\/12)<\/h2>\n\n\n\n<p>Podczas gdy Guglielmo Palozzi oczekuje na proces za nieumy\u015blne spowodowanie \u015bmierci, jego czyny nadal dziel\u0105 w\u0142osk\u0105 opini\u0119 publiczn\u0105. Niekt\u00f3rzy postrzegaj\u0105 go jako ojca z\u0142amanego \u017ca\u0142ob\u0105, podczas gdy inni uwa\u017caj\u0105 go za przest\u0119pc\u0119, kt\u00f3ry wzi\u0105\u0142 prawo w swoje r\u0119ce. Ta z\u0142o\u017cona sprawa rodzi pytania etyczne i prawne, kt\u00f3re z pewno\u015bci\u0105 wywo\u0142aj\u0105 debat\u0119.<\/p>\n\n\n\n<p><img loading=\"lazy\" decoding=\"async\" src=\"https:\/\/www.viepratique.fr\/wp-content\/uploads\/sites\/4\/2025\/12\/opinion-publique-divisee-et-questions-ethiques-1024x681.jpg\" width=\"1024\" height=\"681\">\u00a9 Shutterstock<\/p>\n\n\n\n<h2 class=\"wp-block-heading\">Tragedia rodzinna i potrzeba reformy s\u0105downictwa&nbsp;(12\/12)<\/h2>\n\n\n\n<p>Ostatecznie historia Guglielma Palozziego i jego syna Giuliana to historia rodzinnej tragedii, pog\u0142\u0119bionej przez niedoskona\u0142o\u015bci systemu sprawiedliwo\u015bci. Podkre\u015bla ona potrzeb\u0119 powa\u017cnej refleksji nad sposobem sprawowania wymiaru sprawiedliwo\u015bci i reformami niezb\u0119dnymi do zapobiegania podobnym tragediom w przysz\u0142o\u015bci.<\/p>\n\n\n\n<figure class=\"wp-block-image\"><img decoding=\"async\" src=\"https:\/\/www.viepratique.fr\/wp-content\/uploads\/sites\/4\/2025\/12\/tragedie-familiale-et-necessite-de-reformes-judiciaires-1024x585.jpg\" alt=\"\"\/><\/figure>\n","protected":false},"excerpt":{"rendered":"Kiedy sprawiedliwo\u015b\u0107 zawodzi, czasem g\u00f3r\u0119 bierze zemsta. Tak w\u0142a\u015bnie sta\u0142o si\u0119 w Rocca di Papa, na po\u0142udnie od Rzymu, gdzie Guglielmo Palozzi, 62-letni \n<a class=\"moretag\" href=\"https:\/\/swiat24.pl.ua\/?p=23738\"> [...]<\/a>","protected":false},"author":1,"featured_media":23739,"comment_status":"open","ping_status":"open","sticky":false,"template":"","format":"standard","meta":{"footnotes":""},"categories":[1],"tags":[],"class_list":["post-23738","post","type-post","status-publish","format-standard","has-post-thumbnail","hentry","category-blog"],"_links":{"self":[{"href":"https:\/\/swiat24.pl.ua\/index.php?rest_route=\/wp\/v2\/posts\/23738","targetHints":{"allow":["GET"]}}],"collection":[{"href":"https:\/\/swiat24.pl.ua\/index.php?rest_route=\/wp\/v2\/posts"}],"about":[{"href":"https:\/\/swiat24.pl.ua\/index.php?rest_route=\/wp\/v2\/types\/post"}],"author":[{"embeddable":true,"href":"https:\/\/swiat24.pl.ua\/index.php?rest_route=\/wp\/v2\/users\/1"}],"replies":[{"embeddable":true,"href":"https:\/\/swiat24.pl.ua\/index.php?rest_route=%2Fwp%2Fv2%2Fcomments&post=23738"}],"version-history":[{"count":1,"href":"https:\/\/swiat24.pl.ua\/index.php?rest_route=\/wp\/v2\/posts\/23738\/revisions"}],"predecessor-version":[{"id":23740,"href":"https:\/\/swiat24.pl.ua\/index.php?rest_route=\/wp\/v2\/posts\/23738\/revisions\/23740"}],"wp:featuredmedia":[{"embeddable":true,"href":"https:\/\/swiat24.pl.ua\/index.php?rest_route=\/wp\/v2\/media\/23739"}],"wp:attachment":[{"href":"https:\/\/swiat24.pl.ua\/index.php?rest_route=%2Fwp%2Fv2%2Fmedia&parent=23738"}],"wp:term":[{"taxonomy":"category","embeddable":true,"href":"https:\/\/swiat24.pl.ua\/index.php?rest_route=%2Fwp%2Fv2%2Fcategories&post=23738"},{"taxonomy":"post_tag","embeddable":true,"href":"https:\/\/swiat24.pl.ua\/index.php?rest_route=%2Fwp%2Fv2%2Ftags&post=23738"}],"curies":[{"name":"wp","href":"https:\/\/api.w.org\/{rel}","templated":true}]}}