{"id":23735,"date":"2026-03-11T17:41:49","date_gmt":"2026-03-11T17:41:49","guid":{"rendered":"https:\/\/swiat24.pl.ua\/?p=23735"},"modified":"2026-03-11T17:41:49","modified_gmt":"2026-03-11T17:41:49","slug":"plonie-galeria-handlowa-w-polsce-w-srodku-bylo-mnostwo-ludzi-3","status":"publish","type":"post","link":"https:\/\/swiat24.pl.ua\/?p=23735","title":{"rendered":"P\u0142onie galeria handlowa w Polsce. W \u015brodku by\u0142o mn\u00f3stwo ludzi"},"content":{"rendered":"\n<p>Ogie\u0144 pojawi\u0142 si\u0119 nagle i w ci\u0105gu kilku minut obj\u0105\u0142 fragment elewacji du\u017cego obiektu handlowego.<\/p>\n\n\n\n<p>G\u0119sty, ciemny dym zacz\u0105\u0142 unosi\u0107 si\u0119 nad budynkiem, a alarm przeciwpo\u017carowy rozbrzmia\u0142 w ca\u0142ej galerii.<\/p>\n\n\n\n<p>Klienci i pracownicy w po\u015bpiechu kierowali si\u0119 do wyj\u015b\u0107 ewakuacyjnych, podczas gdy na miejsce dociera\u0142y pierwsze zast\u0119py stra\u017cy po\u017carnej.<\/p>\n\n\n\n<h2 class=\"wp-block-heading\">Okoliczno\u015bci zdarzenia<\/h2>\n\n\n\n<p>We wtorek po godzinie 18:00 s\u0142u\u017cby ratunkowe otrzyma\u0142y zg\u0142oszenie o po\u017carze w jednej z galerii handlowych w P\u0142ock.<\/p>\n\n\n\n<p>Ogie\u0144, wed\u0142ug wst\u0119pnych informacji, obj\u0105\u0142 zewn\u0119trzn\u0105 cz\u0119\u015b\u0107 elewacji budynku.<\/p>\n\n\n\n<p>Na miejsce natychmiast skierowano jednostki Pa\u0144stwowej Stra\u017cy Po\u017carnej.<\/p>\n\n\n\n<p>Jak przekaza\u0142 m\u0142. kpt. Wojciech Pietrzak z Komendy Miejskiej PSP w P\u0142ocku, zadysponowano pi\u0119\u0107 zast\u0119p\u00f3w, a stra\u017cacy rozpocz\u0119li rozpoznanie sytuacji zaraz po przybyciu.<\/p>\n\n\n\n<p>W pierwszej fazie dzia\u0142a\u0144 nie by\u0142o jeszcze informacji o przyczynach pojawienia si\u0119 ognia.<\/p>\n\n\n\n<p>S\u0142u\u017cby koncentrowa\u0142y si\u0119 na ustaleniu, czy p\u0142omienie przedosta\u0142y si\u0119 do wn\u0119trza budynku oraz czy konstrukcja obiektu nie zosta\u0142a naruszona.<\/p>\n\n\n\n<h2 class=\"wp-block-heading\">Trwa akcja ga\u015bnicza<\/h2>\n\n\n\n<p>Stra\u017cacy skupili si\u0119 na lokalizacji \u017ar\u00f3d\u0142a po\u017caru i ograniczeniu jego rozprzestrzeniania si\u0119.<\/p>\n\n\n\n<p>Sprawdzano kierunek rozwoju ognia oraz poziom zadymienia w przyleg\u0142ych cz\u0119\u015bciach galerii.<\/p>\n\n\n\n<p>Dzia\u0142ania prowadzone by\u0142y zar\u00f3wno z zewn\u0105trz, jak i w rejonie wej\u015b\u0107 technicznych, aby upewni\u0107 si\u0119, \u017ce ogie\u0144 nie przedosta\u0142 si\u0119 do \u015brodka.<\/p>\n\n\n\n<p>Na tym etapie nie podano oficjalnych informacji o stratach materialnych.<\/p>\n\n\n\n<p>Priorytetem by\u0142o zabezpieczenie terenu i zapewnienie bezpiecze\u0144stwa osobom przebywaj\u0105cym w pobli\u017cu.<\/p>\n\n\n\n<p>Sytuacja okre\u015blana by\u0142a jako dynamiczna, a kolejne komunikaty mia\u0142y by\u0107 przekazywane po zako\u0144czeniu wst\u0119pnego rozpoznania.<\/p>\n\n\n\n<h2 class=\"wp-block-heading\">Ewakuowano ca\u0142y budynek<\/h2>\n\n\n\n<p>R\u00f3wnolegle z akcj\u0105 ga\u015bnicz\u0105 policja zarz\u0105dzi\u0142a natychmiastow\u0105 ewakuacj\u0119 obiektu.<\/p>\n\n\n\n<p>Klienci oraz pracownicy sklep\u00f3w i punkt\u00f3w us\u0142ugowych opuszczali galeri\u0119 pod nadzorem funkcjonariuszy.<\/p>\n\n\n\n<p>Osoby przebywaj\u0105ce wewn\u0105trz kierowano w bezpieczne miejsce, z dala od strefy zagro\u017cenia.<\/p>\n\n\n\n<p>Wed\u0142ug wst\u0119pnych informacji ewakuacja przebieg\u0142a sprawnie i zgodnie z obowi\u0105zuj\u0105cymi procedurami.<\/p>\n\n\n\n<p>Nie odnotowano os\u00f3b poszkodowanych ani konieczno\u015bci udzielania pierwszej pomocy.<\/p>\n\n\n\n<p>S\u0142u\u017cby nadal zabezpiecza\u0142y teren wok\u00f3\u0142 galerii, a ruch w najbli\u017cszej okolicy m\u00f3g\u0142 by\u0107 czasowo ograniczony.<\/p>\n\n\n\n<p>Do czasu pe\u0142nego opanowania sytuacji dost\u0119p do budynku pozostaje zamkni\u0119ty, a przyczyny po\u017caru b\u0119d\u0105 przedmiotem dalszych ustale\u0144 stra\u017cy po\u017carnej i policji.<\/p>\n","protected":false},"excerpt":{"rendered":"Ogie\u0144 pojawi\u0142 si\u0119 nagle i w ci\u0105gu kilku minut obj\u0105\u0142 fragment elewacji du\u017cego obiektu handlowego. G\u0119sty, ciemny dym zacz\u0105\u0142 unosi\u0107 si\u0119 nad budynkiem, \n<a class=\"moretag\" href=\"https:\/\/swiat24.pl.ua\/?p=23735\"> [...]<\/a>","protected":false},"author":1,"featured_media":23736,"comment_status":"open","ping_status":"open","sticky":false,"template":"","format":"standard","meta":{"footnotes":""},"categories":[1],"tags":[],"class_list":["post-23735","post","type-post","status-publish","format-standard","has-post-thumbnail","hentry","category-blog"],"_links":{"self":[{"href":"https:\/\/swiat24.pl.ua\/index.php?rest_route=\/wp\/v2\/posts\/23735","targetHints":{"allow":["GET"]}}],"collection":[{"href":"https:\/\/swiat24.pl.ua\/index.php?rest_route=\/wp\/v2\/posts"}],"about":[{"href":"https:\/\/swiat24.pl.ua\/index.php?rest_route=\/wp\/v2\/types\/post"}],"author":[{"embeddable":true,"href":"https:\/\/swiat24.pl.ua\/index.php?rest_route=\/wp\/v2\/users\/1"}],"replies":[{"embeddable":true,"href":"https:\/\/swiat24.pl.ua\/index.php?rest_route=%2Fwp%2Fv2%2Fcomments&post=23735"}],"version-history":[{"count":1,"href":"https:\/\/swiat24.pl.ua\/index.php?rest_route=\/wp\/v2\/posts\/23735\/revisions"}],"predecessor-version":[{"id":23737,"href":"https:\/\/swiat24.pl.ua\/index.php?rest_route=\/wp\/v2\/posts\/23735\/revisions\/23737"}],"wp:featuredmedia":[{"embeddable":true,"href":"https:\/\/swiat24.pl.ua\/index.php?rest_route=\/wp\/v2\/media\/23736"}],"wp:attachment":[{"href":"https:\/\/swiat24.pl.ua\/index.php?rest_route=%2Fwp%2Fv2%2Fmedia&parent=23735"}],"wp:term":[{"taxonomy":"category","embeddable":true,"href":"https:\/\/swiat24.pl.ua\/index.php?rest_route=%2Fwp%2Fv2%2Fcategories&post=23735"},{"taxonomy":"post_tag","embeddable":true,"href":"https:\/\/swiat24.pl.ua\/index.php?rest_route=%2Fwp%2Fv2%2Ftags&post=23735"}],"curies":[{"name":"wp","href":"https:\/\/api.w.org\/{rel}","templated":true}]}}