{"id":23714,"date":"2026-03-11T12:55:58","date_gmt":"2026-03-11T12:55:58","guid":{"rendered":"https:\/\/swiat24.pl.ua\/?p=23714"},"modified":"2026-03-11T12:55:58","modified_gmt":"2026-03-11T12:55:58","slug":"prezydent-nawrocki-wzywany-na-przesluchanie-przez-prokurature-ustalany-termin","status":"publish","type":"post","link":"https:\/\/swiat24.pl.ua\/?p=23714","title":{"rendered":"Prezydent Nawrocki wzywany na przes\u0142uchanie przez prokuratur\u0119. Ustalany termin"},"content":{"rendered":"\n<p>Prokuratura Okr\u0119gowa w Gda\u0144sku zwr\u00f3ci\u0142a si\u0119 do Kancelarii Prezydenta z pro\u015bb\u0105 o wskazanie terminu przes\u0142uchania Karola Nawrockiego w charakterze \u015bwiadka.<\/p>\n\n\n\n<p> Sprawa dotyczy nieodp\u0142atnego u\u017cytkowania apartament\u00f3w w Muzeum II Wojny \u015awiatowej w Gda\u0144sku w latach 2017\u20132024 i budzi rosn\u0105ce zainteresowanie medi\u00f3w oraz opinii publicznej. Dopiero teraz wychodz\u0105 na jaw kolejne szczeg\u00f3\u0142y tego post\u0119powania.<\/p>\n\n\n\n<h2 class=\"wp-block-heading\">Detale \u015bledztwa dotycz\u0105cego muzealnych apartament\u00f3w<\/h2>\n\n\n\n<p>W ramach \u015bledztwa prokuratura bada podejrzenie przekroczenia uprawnie\u0144 przez funkcjonariuszy publicznych poprzez nieodp\u0142atne udost\u0119pnianie apartament\u00f3w i pokoi go\u015bcinnych. Post\u0119powanie obejmuje okres od 18 pa\u017adziernika 2017 r. do czerwca 2024 r. i dotyczy czas\u00f3w, gdy muzeum kierowali kolejno Karol Nawrocki, Grzegorz Berendt oraz obecny p.o. dyrektora Rafa\u0142 Wnuk.<\/p>\n\n\n\n<p>Zgromadzono dokumenty, w tym kalendarze rezerwacji, korespondencj\u0119 mailow\u0105 oraz zeznania \u015bwiadk\u00f3w. Jak poda\u0142 prokurator Mariusz Duszy\u0144ski, rzecznik Prokuratury Okr\u0119gowej w Gda\u0144sku, kluczowa okaza\u0142a si\u0119 analiza kryminalna zestawiaj\u0105ca zeznania z dokumentami muzeum (rezerwacjami, blokadami pokoi i p\u0142atno\u015bciami) oraz materia\u0142y z Najwy\u017cszej Izby Kontroli. Wyniki te wymusi\u0142y wezwanie kilkunastu dodatkowych \u015bwiadk\u00f3w, w tym Karola Nawrockiego.<\/p>\n\n\n\n<figure class=\"wp-block-image\"><img decoding=\"async\" src=\"https:\/\/bystragrazyna.pl\/wp-content\/uploads\/2026\/03\/430.jpg\" alt=\"obrazek\"\/><\/figure>\n\n\n\n<p>W ubieg\u0142ym tygodniu prokuratura oficjalnie przes\u0142a\u0142a do Kancelarii Prezydenta pismo z wnioskiem o wyznaczenie dogodnego terminu przes\u0142uchania.<\/p>\n\n\n\n<h2 class=\"wp-block-heading\">Medialne doniesienia w sprawie u\u017cytkowania muzealnych apartament\u00f3w<\/h2>\n\n\n\n<p>\u015aledztwo wszcz\u0119to w lutym 2023 r. po publikacjach medialnych, w tym \u201eGazety Wyborczej\u201d, opisuj\u0105cych nieodp\u0142atne korzystanie przez Karola Nawrockiego z apartamentu deluxe w kompleksie muzealno-hotelowym. Dyrektor mia\u0142 tam przebywa\u0107 ponad p\u00f3\u0142 roku, mimo \u017ce mieszka zaledwie 5 km od muzeum.<\/p>\n\n\n\n<p>Wed\u0142ug obecnej dyrekcji muzeum, w latach 2018\u20132020 Nawrocki zarezerwowa\u0142 19 pobyt\u00f3w, a w latach 2020\u20132021 \u2013 182, co daje \u0142\u0105cznie 201 dni, w tym 197 w apartamencie. Dane te zintensyfikowa\u0142y \u015bledztwo.<\/p>\n\n\n\n<h2 class=\"wp-block-heading\">Reakcja i wyja\u015bnienia Karola Nawrockiego<\/h2>\n\n\n\n<p>Na styczniowej konferencji prasowej w 2025 r. Nawrocki stwierdzi\u0142, \u017ce apartament by\u0142 rezerwowany na jego nazwisko, ale nie sp\u0119dzi\u0142 tam 200 dni. Wyja\u015bni\u0142, \u017ce dwukrotnie przebywa\u0142 w 10-dniowej kwarantannie podczas pandemii COVID-19, pracuj\u0105c zdalnie.<\/p>\n\n\n\n<p>Podkre\u015bli\u0142, \u017ce pomieszczenie s\u0142u\u017cy\u0142o spotkaniom s\u0142u\u017cbowym z go\u015b\u0107mi z Polski i zagranicy. Apartamenty zbudowa\u0142 poprzednik, prof. Pawe\u0142 Machcewicz, a Nawrocki po obj\u0119ciu stanowiska skomercjalizowa\u0142 je, wprowadzaj\u0105c wynajem turystyczny dla generowania dochodu muzeum.<\/p>\n\n\n\n<p>Te argumenty mog\u0105 odegra\u0107 kluczow\u0105 rol\u0119 podczas przes\u0142uchania.<\/p>\n\n\n\n<blockquote class=\"wp-block-quote is-layout-flow wp-block-quote-is-layout-flow\">\n<p>Karol Nawrocki: \u201eApartament s\u0142u\u017cy\u0142 spotkaniom s\u0142u\u017cbowym, a nieruchomo\u015b\u0107 skomercjalizowa\u0142em, by generowa\u0142a dochody z wynajmu turystycznego.\u201d<\/p>\n<\/blockquote>\n","protected":false},"excerpt":{"rendered":"Prokuratura Okr\u0119gowa w Gda\u0144sku zwr\u00f3ci\u0142a si\u0119 do Kancelarii Prezydenta z pro\u015bb\u0105 o wskazanie terminu przes\u0142uchania Karola Nawrockiego w charakterze \u015bwiadka. Sprawa dotyczy nieodp\u0142atnego \n<a class=\"moretag\" href=\"https:\/\/swiat24.pl.ua\/?p=23714\"> [...]<\/a>","protected":false},"author":1,"featured_media":23715,"comment_status":"open","ping_status":"open","sticky":false,"template":"","format":"standard","meta":{"footnotes":""},"categories":[1],"tags":[],"class_list":["post-23714","post","type-post","status-publish","format-standard","has-post-thumbnail","hentry","category-blog"],"_links":{"self":[{"href":"https:\/\/swiat24.pl.ua\/index.php?rest_route=\/wp\/v2\/posts\/23714","targetHints":{"allow":["GET"]}}],"collection":[{"href":"https:\/\/swiat24.pl.ua\/index.php?rest_route=\/wp\/v2\/posts"}],"about":[{"href":"https:\/\/swiat24.pl.ua\/index.php?rest_route=\/wp\/v2\/types\/post"}],"author":[{"embeddable":true,"href":"https:\/\/swiat24.pl.ua\/index.php?rest_route=\/wp\/v2\/users\/1"}],"replies":[{"embeddable":true,"href":"https:\/\/swiat24.pl.ua\/index.php?rest_route=%2Fwp%2Fv2%2Fcomments&post=23714"}],"version-history":[{"count":1,"href":"https:\/\/swiat24.pl.ua\/index.php?rest_route=\/wp\/v2\/posts\/23714\/revisions"}],"predecessor-version":[{"id":23716,"href":"https:\/\/swiat24.pl.ua\/index.php?rest_route=\/wp\/v2\/posts\/23714\/revisions\/23716"}],"wp:featuredmedia":[{"embeddable":true,"href":"https:\/\/swiat24.pl.ua\/index.php?rest_route=\/wp\/v2\/media\/23715"}],"wp:attachment":[{"href":"https:\/\/swiat24.pl.ua\/index.php?rest_route=%2Fwp%2Fv2%2Fmedia&parent=23714"}],"wp:term":[{"taxonomy":"category","embeddable":true,"href":"https:\/\/swiat24.pl.ua\/index.php?rest_route=%2Fwp%2Fv2%2Fcategories&post=23714"},{"taxonomy":"post_tag","embeddable":true,"href":"https:\/\/swiat24.pl.ua\/index.php?rest_route=%2Fwp%2Fv2%2Ftags&post=23714"}],"curies":[{"name":"wp","href":"https:\/\/api.w.org\/{rel}","templated":true}]}}