{"id":23705,"date":"2026-03-11T09:29:35","date_gmt":"2026-03-11T09:29:35","guid":{"rendered":"https:\/\/swiat24.pl.ua\/?p=23705"},"modified":"2026-03-11T09:29:35","modified_gmt":"2026-03-11T09:29:35","slug":"to-wtedy-nawrocki-ma-oglosic-stan-wojenny-jasnowidz-podal-dokladny-termin","status":"publish","type":"post","link":"https:\/\/swiat24.pl.ua\/?p=23705","title":{"rendered":"To wtedy Nawrocki ma og\u0142osi\u0107 stan wojenny. Jasnowidz poda\u0142 dok\u0142adny termin"},"content":{"rendered":"\n<p>Konflikt na Ukrainie, kt\u00f3ry rozpocz\u0105\u0142 si\u0119 w lutym 2022 roku, nieustannie przynosi dramatyczne skutki. Zamiast szybkiego zwyci\u0119stwa Rosji i b\u0142yskawicznego zdobycia Kijowa, wojna przekszta\u0142ci\u0142a si\u0119 w d\u0142ugotrwa\u0142y i wyniszczaj\u0105cy konflikt. <\/p>\n\n\n\n<p>Walki skupiaj\u0105 si\u0119 g\u0142\u00f3wnie we wschodnich oraz po\u0142udniowych rejonach kraju, w okolicach Donbasu, Charkowa oraz Zaporo\u017ca.<\/p>\n\n\n\n<p>Zach\u00f3d wspiera Ukrain\u0119 zar\u00f3wno militarne, jak i finansowo, a ten kraj stawia zaci\u0119ty op\u00f3r. Mimo to Ukraina boryka si\u0119 ju\u017c z wyczerpaniem zasob\u00f3w, brakami sprz\u0119towymi oraz du\u017cymi stratami ludno\u015bciowymi. Rosja natomiast konsekwentnie prowadzi brutaln\u0105 kampani\u0119, atakuj\u0105c infrastruktur\u0119 energetyczn\u0105 i cele cywilne, staraj\u0105c si\u0119 prze\u0142ama\u0107 morale spo\u0142ecze\u0144stwa.<\/p>\n\n\n\n<figure class=\"wp-block-image\"><img decoding=\"async\" src=\"https:\/\/www.bystryjanusz.pl\/wp-content\/uploads\/2025\/06\/359.jpg\" alt=\"\" class=\"wp-image-16664\"\/><\/figure>\n\n\n\n<p>Pomimo wielokrotnych mi\u0119dzynarodowych apeli o pok\u00f3j, \u017cadna ze stron nie wykazuje gotowo\u015bci do ust\u0119pstw. Eksperci ostrzegaj\u0105, \u017ce wojna mo\u017ce jeszcze d\u0142ugo si\u0119 przed\u0142u\u017ca\u0107, a jej konsekwencje \u2013 w sferze gospodarczej i spo\u0142ecznej \u2013 b\u0119d\u0105 odczuwalne na ca\u0142ym \u015bwiecie przez kolejne lata.<\/p>\n\n\n\n<h2 class=\"wp-block-heading\">Krzysztof Jackowski: odwa\u017cne przepowiednie jasnowidza<\/h2>\n\n\n\n<p>Polski jasnowidz Krzysztof Jackowski dok\u0142ada do napi\u0119tej atmosfery kolejn\u0105 niepokoj\u0105c\u0105 wizj\u0119. Znany jako \u201ejasnowidz z Cz\u0142uchowa\u201d, Jackowski od lat wzbudza zainteresowanie i kontrowersje w spo\u0142ecze\u0144stwie. Dla jednych jest mistykiem obdarzonym wyj\u0105tkow\u0105 intuicj\u0105, dla innych \u2013 osob\u0105 kontrowersyjn\u0105 i sceptycznie ocenian\u0105.<\/p>\n\n\n\n<p>Karier\u0119 w mediach rozpocz\u0105\u0142 od wsp\u00f3\u0142pracy z policj\u0105, twierdz\u0105c, \u017ce dzi\u0119ki jego wizjom uda\u0142o si\u0119 odnale\u017a\u0107 zaginione osoby. Cho\u0107 cz\u0119\u015b\u0107 funkcjonariuszy potwierdza jego udzia\u0142 w takich sprawach, oficjalne instytucje pa\u0144stwowe zwykle nie przyznaj\u0105 si\u0119 do korzystania z pomocy jasnowidz\u00f3w.<\/p>\n\n\n\n<p>W ostatnich latach Jackowski otwarcie wyra\u017ca swoje przeczucia dotycz\u0105ce polityki, gospodarki i globalnych konflikt\u00f3w. Zyska\u0142 spor\u0105 popularno\u015b\u0107 dzi\u0119ki publikacjom na YouTube, gdzie jego wizje zwi\u0105zane z wojn\u0105 na Ukrainie czy napi\u0119ciami mi\u0119dzynarodowymi ogl\u0105daj\u0105 setki tysi\u0119cy widz\u00f3w.<\/p>\n\n\n\n<p>Jedn\u0105 z najbardziej kontrowersyjnych przepowiedni, kt\u00f3ra wzbudzi\u0142a szerokie emocje, jest ta dotycz\u0105ca Karola Nawrockiego i mo\u017cliwo\u015bci og\u0142oszenia stanu wojennego.<\/p>\n\n\n\n<h2 class=\"wp-block-heading\">Stan wojenny w Polsce? Jackowski ostrzega<\/h2>\n\n\n\n<p>W najnowszym nagraniu jasnowidz z Cz\u0142uchowa wyrazi\u0142 obaw\u0119, \u017ce Polska niebawem stanie przed konieczno\u015bci\u0105 wprowadzenia stanu wojennego. Ostrzega tak\u017ce, \u017ce podobne dzia\u0142ania dotyczy\u0107 b\u0119d\u0105 r\u00f3wnie\u017c innych pa\u0144stw europejskich.<\/p>\n\n\n\n<blockquote class=\"wp-block-quote is-layout-flow wp-block-quote-is-layout-flow\">\n<p>Prezydent Nawrocki w swojej kadencji b\u0119dzie musia\u0142 og\u0142osi\u0107 w Polsce stan wojenny. I chyba nie tylko ten prezydent, nasz, ale i w innych miejscach w Europie te\u017c to b\u0119dzie og\u0142oszone \u2013 m\u00f3wi Jackowski z wyra\u017an\u0105 pewno\u015bci\u0105 w g\u0142osie.<\/p>\n<\/blockquote>\n\n\n\n<p>Wed\u0142ug wizji jasnowidza, kluczowym momentem b\u0119dzie eskalacja walk na linii Ukraina\u2013Rosja. Jackowski wskazuje, \u017ce po trzech pot\u0119\u017cnych atakach Ukrainy na tereny Rosji nast\u0105pi punkt zwrotny konfliktu.<\/p>\n\n\n\n<blockquote class=\"wp-block-quote is-layout-flow wp-block-quote-is-layout-flow\">\n<p>Stanie si\u0119 to po trzech wielkich atakach Ukrainy na Rosj\u0119 \u2013 zapowiada.<\/p>\n<\/blockquote>\n\n\n\n<p>Dodatkowo Jackowski zwraca uwag\u0119 na rosn\u0105ce zaanga\u017cowanie Europy i Stan\u00f3w Zjednoczonych, kt\u00f3re dostarczaj\u0105 Ukrainie rakiety dalekiego zasi\u0119gu i oficjalnie zezwalaj\u0105 na ich u\u017cycie przeciwko rosyjskim celom.<\/p>\n\n\n\n<blockquote class=\"wp-block-quote is-layout-flow wp-block-quote-is-layout-flow\">\n<p>Zwr\u00f3\u0107my uwag\u0119 \u2013 Europa i Stany Zjednoczone pozwoli\u0142y Ukrainie strzela\u0107 w kierunku Rosji rakietami dalekiego zasi\u0119gu, ale te\u017c pa\u0144stwa europejskie i Stany Zjednoczone daj\u0105 Ukrainie te rakiety. Mo\u017cna powiedzie\u0107, \u017ce w ten spos\u00f3b, czy tego chcemy, czy nie chcemy, i Europa i Stany Zjednoczone anga\u017cuj\u0105 si\u0119 w t\u0119 wojn\u0119 \u2013 dodaje.<\/p>\n<\/blockquote>\n\n\n\n<p>Cho\u0107 przewidywania Jackowskiego wywo\u0142uj\u0105 debat\u0119, nieustannie cieszy si\u0119 on szerokim zainteresowaniem zar\u00f3wno zwolennik\u00f3w, jak i sceptyk\u00f3w. Czy jego najnowsza wizja oka\u017ce si\u0119 trafna? Przekonamy si\u0119 w czasie.<\/p>\n","protected":false},"excerpt":{"rendered":"Konflikt na Ukrainie, kt\u00f3ry rozpocz\u0105\u0142 si\u0119 w lutym 2022 roku, nieustannie przynosi dramatyczne skutki. Zamiast szybkiego zwyci\u0119stwa Rosji i b\u0142yskawicznego zdobycia Kijowa, wojna \n<a class=\"moretag\" href=\"https:\/\/swiat24.pl.ua\/?p=23705\"> [...]<\/a>","protected":false},"author":1,"featured_media":0,"comment_status":"open","ping_status":"open","sticky":false,"template":"","format":"standard","meta":{"footnotes":""},"categories":[1],"tags":[],"class_list":["post-23705","post","type-post","status-publish","format-standard","hentry","category-blog"],"_links":{"self":[{"href":"https:\/\/swiat24.pl.ua\/index.php?rest_route=\/wp\/v2\/posts\/23705","targetHints":{"allow":["GET"]}}],"collection":[{"href":"https:\/\/swiat24.pl.ua\/index.php?rest_route=\/wp\/v2\/posts"}],"about":[{"href":"https:\/\/swiat24.pl.ua\/index.php?rest_route=\/wp\/v2\/types\/post"}],"author":[{"embeddable":true,"href":"https:\/\/swiat24.pl.ua\/index.php?rest_route=\/wp\/v2\/users\/1"}],"replies":[{"embeddable":true,"href":"https:\/\/swiat24.pl.ua\/index.php?rest_route=%2Fwp%2Fv2%2Fcomments&post=23705"}],"version-history":[{"count":1,"href":"https:\/\/swiat24.pl.ua\/index.php?rest_route=\/wp\/v2\/posts\/23705\/revisions"}],"predecessor-version":[{"id":23706,"href":"https:\/\/swiat24.pl.ua\/index.php?rest_route=\/wp\/v2\/posts\/23705\/revisions\/23706"}],"wp:attachment":[{"href":"https:\/\/swiat24.pl.ua\/index.php?rest_route=%2Fwp%2Fv2%2Fmedia&parent=23705"}],"wp:term":[{"taxonomy":"category","embeddable":true,"href":"https:\/\/swiat24.pl.ua\/index.php?rest_route=%2Fwp%2Fv2%2Fcategories&post=23705"},{"taxonomy":"post_tag","embeddable":true,"href":"https:\/\/swiat24.pl.ua\/index.php?rest_route=%2Fwp%2Fv2%2Ftags&post=23705"}],"curies":[{"name":"wp","href":"https:\/\/api.w.org\/{rel}","templated":true}]}}