{"id":23678,"date":"2026-03-10T15:29:20","date_gmt":"2026-03-10T15:29:20","guid":{"rendered":"https:\/\/swiat24.pl.ua\/?p=23678"},"modified":"2026-03-10T15:29:20","modified_gmt":"2026-03-10T15:29:20","slug":"byl-tak-jasnym-swiatlem-gwiazda-filmowa-oglasza-smierc-syna-2","status":"publish","type":"post","link":"https:\/\/swiat24.pl.ua\/?p=23678","title":{"rendered":"\u201eBy\u0142 tak jasnym \u015bwiat\u0142em\u201d: Gwiazda filmowa og\u0142asza \u015bmier\u0107 syna"},"content":{"rendered":"\n<p>Urodziny zamieni\u0142y si\u0119 w koszmar: syn Reginy King, Ian Alexander Jr., pope\u0142ni\u0142 tragiczne samob\u00f3jstwo wkr\u00f3tce po \u015bwi\u0119towaniu swoich 26. urodzin. Aktorka, laureatka Oscara, podzieli\u0142a si\u0119 t\u0105 druzgoc\u0105c\u0105 nowin\u0105 z niewypowiedzianym b\u00f3lem, pogr\u0105\u017caj\u0105c rodzin\u0119 w g\u0142\u0119bokiej \u017ca\u0142obie.<\/p>\n\n\n\n<h2 class=\"wp-block-heading\">Rodzina pogr\u0105\u017cona w \u017ca\u0142obie po tragicznej stracie(1\/12)<\/h2>\n\n\n\n<p>19 stycznia 2022 roku Ian Alexander Jr. \u015bwi\u0119towa\u0142 swoje 26. urodziny w otoczeniu rodziny i przyjaci\u00f3\u0142. Zaledwie kilka dni p\u00f3\u017aniej, 21 stycznia, jego matka, aktorka Regina King, og\u0142osi\u0142a druzgoc\u0105c\u0105 wiadomo\u015b\u0107: jej jedyny syn pope\u0142ni\u0142 samob\u00f3jstwo. Magazyn People opublikowa\u0142 t\u0119 poruszaj\u0105c\u0105 histori\u0119, dodaj\u0105c, \u017ce rodzina prosi o uszanowanie prywatno\u015bci w tym trudnym czasie.<\/p>\n\n\n\n<p><img loading=\"lazy\" decoding=\"async\" src=\"https:\/\/www.viepratique.fr\/wp-content\/uploads\/sites\/4\/2026\/02\/une-famille-en-deuil-apres-une-perte-tragique-617x410.jpg\" width=\"617\" height=\"410\">\u00a9 Shutterstock<\/p>\n\n\n\n<h2 class=\"wp-block-heading\">Pogr\u0105\u017cona w \u017ca\u0142obie matka dzieli si\u0119 swoim b\u00f3lem i wspomnieniami(2\/12)<\/h2>\n\n\n\n<p>Regina King, znana z pami\u0119tnych r\u00f3l filmowych, wyrazi\u0142a sw\u00f3j smutek w poruszaj\u0105cym o\u015bwiadczeniu. \u201eNasza rodzina jest g\u0142\u0119boko zdruzgotana strat\u0105 Iana\u201d \u2013 powiedzia\u0142a, podkre\u015blaj\u0105c, \u017ce jej syn \u201eby\u0142 tak wielkim \u015bwiat\u0142em, kt\u00f3re tak bardzo troszczy\u0142o si\u0119 o szcz\u0119\u015bcie innych\u201d. Ta strata pozostawi\u0142a ogromn\u0105 pustk\u0119 w \u017cyciu aktorki, kt\u00f3ra zawsze by\u0142a bardzo blisko syna.<\/p>\n\n\n\n<p><img loading=\"lazy\" decoding=\"async\" src=\"https:\/\/www.viepratique.fr\/wp-content\/uploads\/sites\/4\/2026\/02\/une-mere-en-deuil-partage-sa-douleur-et-ses-souvenirs-549x410.jpg\" width=\"549\" height=\"410\">\u00a9 Shutterstock<\/p>\n\n\n\n<h2 class=\"wp-block-heading\">M\u0142ody cz\u0142owiek pod\u0105\u017caj\u0105cy \u015bladami muzycznymi swojego ojca(3\/12)<\/h2>\n\n\n\n<p>Ian Alexander Jr. by\u0142 dla Reginy King kim\u015b wi\u0119cej ni\u017c tylko synem. By\u0142 jej jedynym dzieckiem, zrodzonym ze zwi\u0105zku z by\u0142ym m\u0119\u017cem, producentem Ianem Alexandrem Sr. Id\u0105c w \u015blady ojca, Ian Jr. rozpocz\u0105\u0142 karier\u0119 muzyczn\u0105, pracuj\u0105c jako DJ i wnosz\u0105c na scen\u0119 muzyczn\u0105 sw\u00f3j w\u0142asny, niepowtarzalny styl. Regina King cz\u0119sto nazywa\u0142a go \u201eniesamowitym m\u0142odym cz\u0142owiekiem\u201d, co by\u0142o dowodem jej bezwarunkowej mi\u0142o\u015bci do niego.<\/p>\n\n\n\n<p><img loading=\"lazy\" decoding=\"async\" src=\"https:\/\/www.viepratique.fr\/wp-content\/uploads\/sites\/4\/2026\/02\/un-jeune-homme-suivant-les-traces-musicales-de-son-pere-640x410.jpg\" width=\"640\" height=\"410\">\u00a9 Pinterest<\/p>\n\n\n\n<h2 class=\"wp-block-heading\">Matka i jej syn po\u0142\u0105czeni g\u0142\u0119bok\u0105 wi\u0119zi\u0105 i pasuj\u0105cym tatua\u017cem&nbsp;(4\/12)<\/h2>\n\n\n\n<p>Relacja mi\u0119dzy Regin\u0105 King a jej synem by\u0142a naznaczona g\u0142\u0119bokim i szczerym uczuciem. Mieli nawet identyczne tatua\u017ce, symbol ich bezwarunkowej mi\u0142o\u015bci. Ian Alexander Jr. cz\u0119sto wyra\u017ca\u0142 wdzi\u0119czno\u015b\u0107 swojej matce, zw\u0142aszcza w jej 50. urodziny, pisz\u0105c na Instagramie: \u201eTo, \u017ce jeste\u015b moj\u0105 matk\u0105, to najwspanialszy dar, jaki kiedykolwiek mog\u0142em otrzyma\u0107\u201d. Te s\u0142owa rezonuj\u0105 dzi\u015b ze szczeg\u00f3ln\u0105 intensywno\u015bci\u0105.<\/p>\n\n\n\n<p><img loading=\"lazy\" decoding=\"async\" src=\"https:\/\/www.viepratique.fr\/wp-content\/uploads\/sites\/4\/2026\/02\/une-mere-et-son-fils-partageant-un-lien-profond-et-un-tatouage-commun-1024x512.jpg\" width=\"1024\" height=\"512\">\u00a9 Pinterest<\/p>\n\n\n\n<h2 class=\"wp-block-heading\">Matka oddaj\u0105ca ho\u0142d pami\u0119ci syna w dniu jego urodzin&nbsp;(5\/12)<\/h2>\n\n\n\n<p>Rok po tej tragedii, 19 stycznia 2023 roku, Regina King przerwa\u0142a milczenie, aby uczci\u0107 pami\u0119\u0107 syna. Na Instagramie opublikowa\u0142a wzruszaj\u0105cy ho\u0142d, upami\u0119tniaj\u0105c dzie\u0144, w kt\u00f3rym Ian obchodzi\u0142by 27. urodziny. \u201e19 stycznia to data Iana. Cho\u0107 wci\u0105\u017c op\u0142akujemy jego fizyczn\u0105 nieobecno\u015b\u0107, \u015bwi\u0119tujemy jego obecno\u015b\u0107\u201d \u2013 napisa\u0142a, podkre\u015blaj\u0105c trwa\u0142\u0105 duchow\u0105 wi\u0119\u017a mi\u0119dzy nimi.<\/p>\n\n\n\n<p><img loading=\"lazy\" decoding=\"async\" src=\"https:\/\/www.viepratique.fr\/wp-content\/uploads\/sites\/4\/2026\/02\/une-mere-honorant-la-memoire-de-son-fils-pour-son-anniversaire-1024x741.jpg\" width=\"1024\" height=\"741\">\u00a9 Shutterstock<\/p>\n\n\n\n<h2 class=\"wp-block-heading\">Matka zastanawia si\u0119 nad ulubionym kolorem i duchem swojego syna&nbsp;(6\/12)<\/h2>\n\n\n\n<p>Regina King m\u00f3wi\u0142a o ulubionym kolorze swojego syna, pomara\u0144czowym, symbolu ognia i spokoju, metaforze \u017cywio\u0142owego ducha Iana. \u201eWidz\u0119 ci\u0119 we wszystkim, czym oddycham\u201d \u2013 doda\u0142a, wyra\u017caj\u0105c, jak bardzo jej syn wci\u0105\u017c jest cz\u0119\u015bci\u0105 jej codziennego \u017cycia. To stwierdzenie poruszy\u0142o wielu obserwator\u00f3w, kt\u00f3rzy zareagowali emocjonalnie na jej s\u0142owa.<\/p>\n\n\n\n<p><img loading=\"lazy\" decoding=\"async\" src=\"https:\/\/www.viepratique.fr\/wp-content\/uploads\/sites\/4\/2026\/02\/une-mere-reflechissant-a-la-couleur-preferee-et-a-lesprit-de-son-fils-1024x708.jpg\" width=\"1024\" height=\"708\">\u00a9 Pinterest<\/p>\n\n\n\n<h2 class=\"wp-block-heading\">Aktorka, kt\u00f3ra ceni sobie rol\u0119 oddanej matki&nbsp;(7\/12)<\/h2>\n\n\n\n<p>Aktorka, kt\u00f3ra zdoby\u0142a Oscara za rol\u0119 w filmie \u201eGdyby ulica Beale umia\u0142a m\u00f3wi\u0107\u201d, zawsze podkre\u015bla\u0142a swoj\u0105 rol\u0119 matki, rol\u0119, kt\u00f3r\u0105 ceni\u0142a ponad wszystko. Sam Ian Alexander Jr. doceni\u0142 to oddanie, por\u00f3wnuj\u0105c je do roli superbohatera \u2013 ho\u0142d, kt\u00f3ry g\u0142\u0119boko do niego przem\u00f3wi\u0142.<\/p>\n\n\n\n<p><img loading=\"lazy\" decoding=\"async\" src=\"https:\/\/www.viepratique.fr\/wp-content\/uploads\/sites\/4\/2026\/02\/une-actrice-cherissant-son-role-de-mere-devouee-1024x684.jpg\" width=\"1024\" height=\"684\">\u00a9 Shutterstock<\/p>\n\n\n\n<h2 class=\"wp-block-heading\">Matka i syn po\u0142\u0105czeni nierozerwaln\u0105 wi\u0119zi\u0105&nbsp;(8\/12)<\/h2>\n\n\n\n<p>Regina King i jej syn dzielili o wiele wi\u0119cej ni\u017c tylko chwile na czerwonym dywanie. Ich wi\u0119\u017a umacnia\u0142o wzajemne zrozumienie i niezachwiane wsparcie. Ian Alexander Jr. cz\u0119sto towarzyszy\u0142 matce podczas publicznych wyst\u0105pie\u0144, co \u015bwiadczy o ich trwa\u0142ej wi\u0119zi.<\/p>\n\n\n\n<p><img loading=\"lazy\" decoding=\"async\" src=\"https:\/\/www.viepratique.fr\/wp-content\/uploads\/sites\/4\/2026\/02\/une-mere-et-un-fils-partageant-un-lien-indefectible-1024x692.jpg\" width=\"1024\" height=\"692\">\u00a9 Pinterest<\/p>\n\n\n\n<h2 class=\"wp-block-heading\">Matka nadal czci pami\u0119\u0107 swojego syna&nbsp;(9\/12)<\/h2>\n\n\n\n<p>\u015amier\u0107 Iana Alexandra Jr. pozostawi\u0142a niezatarty \u015blad w pami\u0119ci Reginy King, kt\u00f3ra nadal czci jego pami\u0119\u0107 poprzez serdeczne i wzruszaj\u0105ce ho\u0142dy. Ka\u017cde s\u0142owo, kt\u00f3rym dzieli si\u0119 w mediach spo\u0142eczno\u015bciowych, rezonuje z niesko\u0144czon\u0105 mi\u0142o\u015bci\u0105, jak\u0105 do niego \u017cywi.<\/p>\n\n\n\n<p><img loading=\"lazy\" decoding=\"async\" src=\"https:\/\/www.viepratique.fr\/wp-content\/uploads\/sites\/4\/2026\/02\/une-mere-continuant-dhonorer-la-memoire-de-son-fils-1024x536.jpg\" width=\"1024\" height=\"536\">\u00a9 Pinterest<\/p>\n\n\n\n<h2 class=\"wp-block-heading\">Matka czerpie si\u0142\u0119 ze szcz\u0119\u015bliwych wspomnie\u0144 syna&nbsp;(10\/12)<\/h2>\n\n\n\n<p>Pomimo b\u00f3lu, Regina King znajduje si\u0142\u0119, by wspomina\u0107 szcz\u0119\u015bliwe chwile sp\u0119dzone z synem. Jej posty s\u0105 \u015bwiadectwem \u015bwiat\u0142a, kt\u00f3re Ian Alexander Jr. wni\u00f3s\u0142 do jej \u017cycia \u2013 \u015bwiat\u0142a, kt\u00f3re wci\u0105\u017c przez ni\u0105 \u015bwieci.<\/p>\n\n\n\n<p><img loading=\"lazy\" decoding=\"async\" src=\"https:\/\/www.viepratique.fr\/wp-content\/uploads\/sites\/4\/2026\/02\/une-mere-trouvant-de-la-force-dans-les-souvenirs-heureux-de-son-fils-1024x712.jpg\" width=\"1024\" height=\"712\">\u00a9 Pinterest<\/p>\n\n\n\n<h2 class=\"wp-block-heading\">S\u0142owa matki, kt\u00f3ra otrzyma\u0142a wsparcie i wsp\u00f3\u0142czucie online&nbsp;(11\/12)<\/h2>\n\n\n\n<p>S\u0142owa Reginy King na Instagramie wywo\u0142a\u0142y fal\u0119 wsparcia w\u015br\u00f3d jej obserwator\u00f3w, pokazuj\u0105c g\u0142\u0119boki wp\u0142yw jej przes\u0142ania. Komentarze pod jej postem pokazuj\u0105, jak wielk\u0105 mi\u0142o\u015bci\u0105 i wsp\u00f3\u0142czuciem otacza aktork\u0119 w tym trudnym czasie.<\/p>\n\n\n\n<p><img loading=\"lazy\" decoding=\"async\" src=\"https:\/\/www.viepratique.fr\/wp-content\/uploads\/sites\/4\/2026\/02\/les-mots-dune-mere-recevant-soutien-et-compassion-en-ligne-1024x737.jpg\" width=\"1024\" height=\"737\">\u00a9 Shutterstock<\/p>\n\n\n\n<h2 class=\"wp-block-heading\">Inspiruj\u0105ca, odporna matka, kt\u00f3rej odwaga jest naprawd\u0119 niezwyk\u0142a.&nbsp;(12\/12)<\/h2>\n\n\n\n<p>Regina King, wci\u0105\u017c zmagaj\u0105c si\u0119 z \u017ca\u0142ob\u0105, pozostaje wzorem odporno\u015bci i macierzy\u0144skiej mi\u0142o\u015bci. Jej umiej\u0119tno\u015b\u0107 dzielenia si\u0119 b\u00f3lem, jednocze\u015bnie \u015bwi\u0119tuj\u0105c \u017cycie syna, to lekcja odwagi, kt\u00f3ra inspiruje wielu rodzic\u00f3w stoj\u0105cych przed podobnymi wyzwaniami.<\/p>\n\n\n\n<figure class=\"wp-block-image\"><img decoding=\"async\" src=\"https:\/\/www.viepratique.fr\/wp-content\/uploads\/sites\/4\/2026\/02\/une-mere-resiliente-inspirant-par-son-courage-1024x681.jpg\" alt=\"\"\/><\/figure>\n","protected":false},"excerpt":{"rendered":"Urodziny zamieni\u0142y si\u0119 w koszmar: syn Reginy King, Ian Alexander Jr., pope\u0142ni\u0142 tragiczne samob\u00f3jstwo wkr\u00f3tce po \u015bwi\u0119towaniu swoich 26. urodzin. Aktorka, laureatka Oscara, \n<a class=\"moretag\" href=\"https:\/\/swiat24.pl.ua\/?p=23678\"> [...]<\/a>","protected":false},"author":1,"featured_media":23679,"comment_status":"open","ping_status":"open","sticky":false,"template":"","format":"standard","meta":{"footnotes":""},"categories":[1],"tags":[],"class_list":["post-23678","post","type-post","status-publish","format-standard","has-post-thumbnail","hentry","category-blog"],"_links":{"self":[{"href":"https:\/\/swiat24.pl.ua\/index.php?rest_route=\/wp\/v2\/posts\/23678","targetHints":{"allow":["GET"]}}],"collection":[{"href":"https:\/\/swiat24.pl.ua\/index.php?rest_route=\/wp\/v2\/posts"}],"about":[{"href":"https:\/\/swiat24.pl.ua\/index.php?rest_route=\/wp\/v2\/types\/post"}],"author":[{"embeddable":true,"href":"https:\/\/swiat24.pl.ua\/index.php?rest_route=\/wp\/v2\/users\/1"}],"replies":[{"embeddable":true,"href":"https:\/\/swiat24.pl.ua\/index.php?rest_route=%2Fwp%2Fv2%2Fcomments&post=23678"}],"version-history":[{"count":1,"href":"https:\/\/swiat24.pl.ua\/index.php?rest_route=\/wp\/v2\/posts\/23678\/revisions"}],"predecessor-version":[{"id":23680,"href":"https:\/\/swiat24.pl.ua\/index.php?rest_route=\/wp\/v2\/posts\/23678\/revisions\/23680"}],"wp:featuredmedia":[{"embeddable":true,"href":"https:\/\/swiat24.pl.ua\/index.php?rest_route=\/wp\/v2\/media\/23679"}],"wp:attachment":[{"href":"https:\/\/swiat24.pl.ua\/index.php?rest_route=%2Fwp%2Fv2%2Fmedia&parent=23678"}],"wp:term":[{"taxonomy":"category","embeddable":true,"href":"https:\/\/swiat24.pl.ua\/index.php?rest_route=%2Fwp%2Fv2%2Fcategories&post=23678"},{"taxonomy":"post_tag","embeddable":true,"href":"https:\/\/swiat24.pl.ua\/index.php?rest_route=%2Fwp%2Fv2%2Ftags&post=23678"}],"curies":[{"name":"wp","href":"https:\/\/api.w.org\/{rel}","templated":true}]}}