{"id":23675,"date":"2026-03-10T15:26:41","date_gmt":"2026-03-10T15:26:41","guid":{"rendered":"https:\/\/swiat24.pl.ua\/?p=23675"},"modified":"2026-03-10T15:26:41","modified_gmt":"2026-03-10T15:26:41","slug":"femicyd-w-lomme-15-letnia-dziewczyna-znaleziona-martwa-w-hotelu-byla-bezbronna-nieletnia-pozostajaca-pod-opieka-sluzb-opieki-spolecznej","status":"publish","type":"post","link":"https:\/\/swiat24.pl.ua\/?p=23675","title":{"rendered":"Femicyd w Lomme: 15-letnia dziewczyna znaleziona martwa w hotelu by\u0142a \u201ebezbronn\u0105 nieletni\u0105\u201d, pozostaj\u0105c\u0105 pod opiek\u0105 s\u0142u\u017cb opieki spo\u0142ecznej."},"content":{"rendered":"\n<p>W poniedzia\u0142ek, 20 pa\u017adziernika 2024 roku, policja znalaz\u0142a cia\u0142o 15-letniej dziewczyny w pokoju hotelowym w Lomme, niedaleko Lille. Jej 20-letni ch\u0142opak zg\u0142osi\u0142 si\u0119 na policj\u0119 i przyzna\u0142 si\u0119 do zamordowania m\u0142odej kobiety, kt\u00f3ra od kilku lat by\u0142a pod opiek\u0105 Child Protective Services.<\/p>\n\n\n\n<p>To 131. zab\u00f3jstwo kobiet odnotowane we Francji od pocz\u0105tku 2025 roku. 20 pa\u017adziernika 2025 roku m\u0142ody m\u0119\u017cczyzna po dwudziestce zg\u0142osi\u0142 si\u0119 na komisariat policji w Lille. <\/p>\n\n\n\n<p>Przyzna\u0142 si\u0119 funkcjonariuszom, \u017ce zamordowa\u0142 swoj\u0105 dziewczyn\u0119 w hotelu po\u0142o\u017conym w dzielnicy handlowej w Lomme, niedaleko Lille. W pokoju w hotelu Mister Bed znaleziono cia\u0142o 15-letniej dziewczyny. Zatrzymany ch\u0142opak m\u0142odej kobiety, Melina , przyzna\u0142 si\u0119 do zbrodni i twierdzi\u0142, \u017ce \u015bmier\u0107 nast\u0105pi\u0142a 18 pa\u017adziernika 2025 roku.<\/p>\n\n\n\n<p><em>\u201eWst\u0119pne ustalenia kryminalistyczne wskazuj\u0105, \u017ce&nbsp;<\/em><em><strong>\u015bmier\u0107 nast\u0105pi\u0142a w wyniku uduszenia<\/strong><\/em><em>&nbsp;\u201d \u2013<\/em>&nbsp;o\u015bwiadczy\u0142 prokurator Samuel Finielz, obalaj\u0105c tym samym wst\u0119pne twierdzenia dotycz\u0105ce przyczyny zgonu. Twierdzenia te pocz\u0105tkowo przypisywano uderzeniom z broni ASG, podczas gdy wst\u0119pne ustalenia wskazywa\u0142y na&nbsp;<em>\u201ep\u0119kni\u0119cia czaszki\u201d.<\/em>&nbsp;W komunikacie prasowym, opublikowanym przez dziennik&nbsp;<em>\u201eLa Voix du Nord\u201d<\/em>&nbsp;, wspomniano, \u017ce&nbsp;<strong>Melina&nbsp;<\/strong><em><strong>\u201eby\u0142a bezbronn\u0105 ma\u0142oletni\u0105<\/strong><\/em>&nbsp;\u201d, znajdowa\u0142a si\u0119 w&nbsp;<em><strong>\u201ebardzo trudnej sytuacji<\/strong><\/em>&nbsp;\u201d i od 2022 roku pozostawa\u0142a pod opiek\u0105 s\u0119dziego ds. nieletnich w s\u0105dzie w Lille. Wed\u0142ug w\u0142adz,&nbsp;<em>od pa\u017adziernika 2023 roku przebywa\u0142a \u201epod opiek\u0105 s\u0142u\u017cb opieki spo\u0142ecznej i&nbsp;<\/em><em><strong>regularnie ucieka\u0142a z dom\u00f3w<\/strong><\/em><em>&nbsp;\u201d<\/em>&nbsp;.<\/p>\n\n\n\n<h2 class=\"wp-block-heading\" id=\"eqrho\">Zbi\u00f3rka internetowa maj\u0105ca na celu \u201esfinansowanie pogrzebu tego ma\u0142ego anio\u0142ka\u201d<\/h2>\n\n\n\n<p>Wed\u0142ug prokuratora, ch\u0142opak m\u0142odej kobiety, z kt\u00f3rym by\u0142a w zwi\u0105zku od kilku miesi\u0119cy, nie by\u0142 znany z akt\u00f3w przemocy. Podczas zatrzymania zasugerowa\u0142, \u017ce do \u015bmierci Meliny doprowadzi\u0142a k\u0142\u00f3tnia&nbsp;<a href=\"https:\/\/actu.femmeactuelle.fr\/amour\/couple\/je-suis-obsedee-par-ses-ex-comment-apprendre-a-surmonter-la-jalousie-2192228\">z zazdro\u015bci<\/a>&nbsp;. S\u0119dzia \u015bledczy s\u0105du w Lille zosta\u0142 wyznaczony do ustalenia dok\u0142adnego przebiegu zdarze\u0144 i motyw\u00f3w oskar\u017conego, kt\u00f3remu postawiono zarzut&nbsp;<em>\u201e&nbsp;<\/em><em><strong>umy\u015blnego zab\u00f3jstwa ma\u0142\u017conka<\/strong><\/em><em>&nbsp;\u201d<\/em>&nbsp;.&nbsp;<em>\u201eNale\u017cy pami\u0119ta\u0107, \u017ce zab\u00f3jstwo ma\u0142\u017conka lub partnera jest zagro\u017cone kar\u0105 do\u017cywotniego pozbawienia wolno\u015bci<\/em>&nbsp;\u201d \u2013 o\u015bwiadczy\u0142 Samuel Finielz. W \u015brod\u0119, 22 pa\u017adziernika 2025 roku, rodzina Meliny rozpocz\u0119\u0142a zbi\u00f3rk\u0119 funduszy, aby&nbsp;<em>\u201epom\u00f3c rodzinie po tym druzgoc\u0105cym ciosie<\/em>&nbsp;\u201d .&nbsp;<em>\u201eWasze datki zostan\u0105 wykorzystane na sfinansowanie pogrzebu tego ma\u0142ego anio\u0142ka, kt\u00f3ry odszed\u0142 od nas przedwcze\u015bnie<\/em>&nbsp;\u201d \u2013 poinformowano w kampanii.<\/p>\n\n\n\n<h3 class=\"wp-block-heading\" id=\"akq1d\">\u0179r\u00f3d\u0142a:<\/h3>\n\n\n\n<ul class=\"wp-block-list\">\n<li>Zab\u00f3jstwo nastolatki w hotelu w Lomme: podejrzany oskar\u017cony o \u201ezab\u00f3jstwo przez ma\u0142\u017conka\u201d,\u00a0<a href=\"https:\/\/www.lavoixdunord.fr\/1638456\/article\/2025-10-22\/feminicide-dans-un-hotel-lomme-le-suspect-defere-ce-mercredi-midi-au-tribunal\"><em>La Voix du Nord<\/em><\/a>\u00a0, 22.10.2025<\/li>\n\n\n\n<li>\u015aciana obraz\u00f3w 2025,\u00a0<a href=\"https:\/\/www.noustoutes.org\/mur-de-femmages-2025\/\">noustoutes.org<\/a><\/li>\n<\/ul>\n\n\n\n<p><\/p>\n","protected":false},"excerpt":{"rendered":"W poniedzia\u0142ek, 20 pa\u017adziernika 2024 roku, policja znalaz\u0142a cia\u0142o 15-letniej dziewczyny w pokoju hotelowym w Lomme, niedaleko Lille. Jej 20-letni ch\u0142opak zg\u0142osi\u0142 si\u0119 \n<a class=\"moretag\" href=\"https:\/\/swiat24.pl.ua\/?p=23675\"> [...]<\/a>","protected":false},"author":1,"featured_media":23676,"comment_status":"open","ping_status":"open","sticky":false,"template":"","format":"standard","meta":{"footnotes":""},"categories":[1],"tags":[],"class_list":["post-23675","post","type-post","status-publish","format-standard","has-post-thumbnail","hentry","category-blog"],"_links":{"self":[{"href":"https:\/\/swiat24.pl.ua\/index.php?rest_route=\/wp\/v2\/posts\/23675","targetHints":{"allow":["GET"]}}],"collection":[{"href":"https:\/\/swiat24.pl.ua\/index.php?rest_route=\/wp\/v2\/posts"}],"about":[{"href":"https:\/\/swiat24.pl.ua\/index.php?rest_route=\/wp\/v2\/types\/post"}],"author":[{"embeddable":true,"href":"https:\/\/swiat24.pl.ua\/index.php?rest_route=\/wp\/v2\/users\/1"}],"replies":[{"embeddable":true,"href":"https:\/\/swiat24.pl.ua\/index.php?rest_route=%2Fwp%2Fv2%2Fcomments&post=23675"}],"version-history":[{"count":1,"href":"https:\/\/swiat24.pl.ua\/index.php?rest_route=\/wp\/v2\/posts\/23675\/revisions"}],"predecessor-version":[{"id":23677,"href":"https:\/\/swiat24.pl.ua\/index.php?rest_route=\/wp\/v2\/posts\/23675\/revisions\/23677"}],"wp:featuredmedia":[{"embeddable":true,"href":"https:\/\/swiat24.pl.ua\/index.php?rest_route=\/wp\/v2\/media\/23676"}],"wp:attachment":[{"href":"https:\/\/swiat24.pl.ua\/index.php?rest_route=%2Fwp%2Fv2%2Fmedia&parent=23675"}],"wp:term":[{"taxonomy":"category","embeddable":true,"href":"https:\/\/swiat24.pl.ua\/index.php?rest_route=%2Fwp%2Fv2%2Fcategories&post=23675"},{"taxonomy":"post_tag","embeddable":true,"href":"https:\/\/swiat24.pl.ua\/index.php?rest_route=%2Fwp%2Fv2%2Ftags&post=23675"}],"curies":[{"name":"wp","href":"https:\/\/api.w.org\/{rel}","templated":true}]}}