{"id":23669,"date":"2026-03-10T15:20:55","date_gmt":"2026-03-10T15:20:55","guid":{"rendered":"https:\/\/swiat24.pl.ua\/?p=23669"},"modified":"2026-03-10T15:20:55","modified_gmt":"2026-03-10T15:20:55","slug":"byl-tak-jasnym-swiatlem-gwiazda-filmowa-oglasza-smierc-syna","status":"publish","type":"post","link":"https:\/\/swiat24.pl.ua\/?p=23669","title":{"rendered":"\u201eBy\u0142 tak jasnym \u015bwiat\u0142em\u201d: Gwiazda filmowa og\u0142asza \u015bmier\u0107 syna"},"content":{"rendered":"\n<p>Urodziny zamieni\u0142y si\u0119 w koszmar: syn Reginy King, Ian Alexander Jr., pope\u0142ni\u0142 tragiczne samob\u00f3jstwo wkr\u00f3tce po \u015bwi\u0119towaniu swoich 26. urodzin. <\/p>\n\n\n\n<p>Aktorka, laureatka Oscara, podzieli\u0142a si\u0119 t\u0105 druzgoc\u0105c\u0105 nowin\u0105 z niewypowiedzianym b\u00f3lem, pogr\u0105\u017caj\u0105c rodzin\u0119 w g\u0142\u0119bokiej \u017ca\u0142obie.<\/p>\n\n\n\n<h2 class=\"wp-block-heading\">Rodzina pogr\u0105\u017cona w \u017ca\u0142obie po tragicznej stracie(1\/12)<\/h2>\n\n\n\n<p>19 stycznia 2022 roku Ian Alexander Jr. \u015bwi\u0119towa\u0142 swoje 26. urodziny w otoczeniu rodziny i przyjaci\u00f3\u0142. <\/p>\n\n\n\n<p>Zaledwie kilka dni p\u00f3\u017aniej, 21 stycznia, jego matka, aktorka Regina King, og\u0142osi\u0142a druzgoc\u0105c\u0105 wiadomo\u015b\u0107: jej jedyny syn pope\u0142ni\u0142 samob\u00f3jstwo. Magazyn People opublikowa\u0142 t\u0119 poruszaj\u0105c\u0105 histori\u0119, dodaj\u0105c, \u017ce rodzina prosi o uszanowanie prywatno\u015bci w tym trudnym czasie.<\/p>\n\n\n\n<p><img loading=\"lazy\" decoding=\"async\" src=\"https:\/\/www.viepratique.fr\/wp-content\/uploads\/sites\/4\/2026\/02\/une-famille-en-deuil-apres-une-perte-tragique-617x410.jpg\" width=\"617\" height=\"410\">\u00a9 Shutterstock<\/p>\n\n\n\n<h2 class=\"wp-block-heading\">Pogr\u0105\u017cona w \u017ca\u0142obie matka dzieli si\u0119 swoim b\u00f3lem i wspomnieniami(2\/12)<\/h2>\n\n\n\n<p>Regina King, znana z pami\u0119tnych r\u00f3l filmowych, wyrazi\u0142a sw\u00f3j smutek w poruszaj\u0105cym o\u015bwiadczeniu. \u201eNasza rodzina jest g\u0142\u0119boko zdruzgotana strat\u0105 Iana\u201d \u2013 powiedzia\u0142a, podkre\u015blaj\u0105c, \u017ce jej syn \u201eby\u0142 tak wielkim \u015bwiat\u0142em, kt\u00f3re tak bardzo troszczy\u0142o si\u0119 o szcz\u0119\u015bcie innych\u201d. Ta strata pozostawi\u0142a ogromn\u0105 pustk\u0119 w \u017cyciu aktorki, kt\u00f3ra zawsze by\u0142a bardzo blisko syna.<\/p>\n\n\n\n<p><img loading=\"lazy\" decoding=\"async\" src=\"https:\/\/www.viepratique.fr\/wp-content\/uploads\/sites\/4\/2026\/02\/une-mere-en-deuil-partage-sa-douleur-et-ses-souvenirs-549x410.jpg\" width=\"549\" height=\"410\">\u00a9 Shutterstock<\/p>\n\n\n\n<h2 class=\"wp-block-heading\">M\u0142ody cz\u0142owiek pod\u0105\u017caj\u0105cy \u015bladami muzycznymi swojego ojca(3\/12)<\/h2>\n\n\n\n<p>Ian Alexander Jr. by\u0142 dla Reginy King kim\u015b wi\u0119cej ni\u017c tylko synem. By\u0142 jej jedynym dzieckiem, zrodzonym ze zwi\u0105zku z by\u0142ym m\u0119\u017cem, producentem Ianem Alexandrem Sr. Id\u0105c w \u015blady ojca, Ian Jr. rozpocz\u0105\u0142 karier\u0119 muzyczn\u0105, pracuj\u0105c jako DJ i wnosz\u0105c na scen\u0119 muzyczn\u0105 sw\u00f3j w\u0142asny, niepowtarzalny styl. Regina King cz\u0119sto nazywa\u0142a go \u201eniesamowitym m\u0142odym cz\u0142owiekiem\u201d, co by\u0142o dowodem jej bezwarunkowej mi\u0142o\u015bci do niego.<\/p>\n\n\n\n<p><img loading=\"lazy\" decoding=\"async\" src=\"https:\/\/www.viepratique.fr\/wp-content\/uploads\/sites\/4\/2026\/02\/un-jeune-homme-suivant-les-traces-musicales-de-son-pere-640x410.jpg\" width=\"640\" height=\"410\">\u00a9 Pinterest<\/p>\n\n\n\n<h2 class=\"wp-block-heading\">Une m\u00e8re et son fils partageant un lien profond et un tatouage commun&nbsp;(4\/12)<\/h2>\n\n\n\n<p>La relation entre Regina King et son fils \u00e9tait empreinte d&#8217;une affection profonde et sinc\u00e8re. Ils partageaient m\u00eame un tatouage commun, symbole de leur amour inconditionnel. Ian Alexander Jr. avait souvent exprim\u00e9 sa gratitude envers sa m\u00e8re, notamment lors de ses 50 ans, o\u00f9 il avait \u00e9crit sur Instagram : \u00abT&#8217;avoir comme m\u00e8re est le plus beau cadeau que je puisse avoir\u00bb. Ces mots r\u00e9sonnent aujourd&#8217;hui avec une intensit\u00e9 particuli\u00e8re.<\/p>\n\n\n\n<p><img loading=\"lazy\" decoding=\"async\" src=\"https:\/\/www.viepratique.fr\/wp-content\/uploads\/sites\/4\/2026\/02\/une-mere-et-son-fils-partageant-un-lien-profond-et-un-tatouage-commun-1024x512.jpg\" width=\"1024\" height=\"512\"><\/p>\n\n\n\n<p>\u00a9 Pinterest<\/p>\n\n\n\n<h2 class=\"wp-block-heading\">Une m\u00e8re honorant la m\u00e9moire de son fils pour son anniversaire&nbsp;(5\/12)<\/h2>\n\n\n\n<p>Un an apr\u00e8s cette trag\u00e9die, le 19 janvier 2023, Regina King est sortie de son silence pour honorer la m\u00e9moire de son fils. Sur Instagram, elle a partag\u00e9 un hommage vibrant, marquant ce qui aurait \u00e9t\u00e9 le 27e anniversaire de Ian. \u00abLe 19 janvier est la date d&#8217;Ian. Alors que nous faisons encore le deuil de son absence physique, nous c\u00e9l\u00e9brons sa pr\u00e9sence\u00bb, a-t-elle \u00e9crit, soulignant la connexion spirituelle qui perdure entre eux.<\/p>\n\n\n\n<p><img loading=\"lazy\" decoding=\"async\" src=\"https:\/\/www.viepratique.fr\/wp-content\/uploads\/sites\/4\/2026\/02\/une-mere-honorant-la-memoire-de-son-fils-pour-son-anniversaire-1024x741.jpg\" width=\"1024\" height=\"741\"><\/p>\n\n\n\n<p>\u00a9 Shutterstock<\/p>\n\n\n\n<h2 class=\"wp-block-heading\">Une m\u00e8re r\u00e9fl\u00e9chissant \u00e0 la couleur pr\u00e9f\u00e9r\u00e9e et \u00e0 l&#8217;esprit de son fils&nbsp;(6\/12)<\/h2>\n\n\n\n<p>Regina King a \u00e9voqu\u00e9 la couleur pr\u00e9f\u00e9r\u00e9e de son fils, le orange, symbole de feu et de calme, une m\u00e9taphore de l&#8217;esprit vibrant de Ian. \u00abJe te vois dans tout ce que je respire\u00bb, a-t-elle ajout\u00e9, exprimant \u00e0 quel point son fils continue d&#8217;habiter son quotidien. Cette d\u00e9claration a touch\u00e9 de nombreux abonn\u00e9s, qui ont r\u00e9agi avec \u00e9motion \u00e0 ses mots.<\/p>\n\n\n\n<p><img loading=\"lazy\" decoding=\"async\" src=\"https:\/\/www.viepratique.fr\/wp-content\/uploads\/sites\/4\/2026\/02\/une-mere-reflechissant-a-la-couleur-preferee-et-a-lesprit-de-son-fils-1024x708.jpg\" width=\"1024\" height=\"708\"><\/p>\n\n\n\n<p>\u00a9 Pinterest<\/p>\n\n\n\n<h2 class=\"wp-block-heading\">Une actrice ch\u00e9rissant son r\u00f4le de m\u00e8re d\u00e9vou\u00e9e&nbsp;(7\/12)<\/h2>\n\n\n\n<p>L&#8217;actrice, qui avait remport\u00e9 un Oscar pour son r\u00f4le dans \u00abSi Beale Street pouvait parler\u00bb, a toujours mis en avant son r\u00f4le de m\u00e8re, un r\u00f4le qu&#8217;elle ch\u00e9rissait plus que tout. Ian Alexander Jr. avait lui-m\u00eame reconnu cette d\u00e9votion, la comparant \u00e0 celle d&#8217;un super-h\u00e9ros, un hommage qui prenait tout son sens \u00e0 ses yeux.<\/p>\n\n\n\n<p><img loading=\"lazy\" decoding=\"async\" src=\"https:\/\/www.viepratique.fr\/wp-content\/uploads\/sites\/4\/2026\/02\/une-actrice-cherissant-son-role-de-mere-devouee-1024x684.jpg\" width=\"1024\" height=\"684\"><\/p>\n\n\n\n<p>\u00a9 Shutterstock<\/p>\n\n\n\n<h2 class=\"wp-block-heading\">Une m\u00e8re et un fils partageant un lien ind\u00e9fectible&nbsp;(8\/12)<\/h2>\n\n\n\n<p>Regina King et son fils partageaient bien plus que des moments sur les tapis rouges. Leur lien \u00e9tait renforc\u00e9 par une compr\u00e9hension mutuelle et un soutien in\u00e9branlable. Ian Alexander Jr. avait souvent accompagn\u00e9 sa m\u00e8re lors de ses apparitions publiques, t\u00e9moignant de leur complicit\u00e9 ind\u00e9fectible.<\/p>\n\n\n\n<p><img loading=\"lazy\" decoding=\"async\" src=\"https:\/\/www.viepratique.fr\/wp-content\/uploads\/sites\/4\/2026\/02\/une-mere-et-un-fils-partageant-un-lien-indefectible-1024x692.jpg\" width=\"1024\" height=\"692\"><\/p>\n\n\n\n<p>\u00a9 Pinterest<\/p>\n\n\n\n<h2 class=\"wp-block-heading\">Une m\u00e8re continuant d&#8217;honorer la m\u00e9moire de son fils&nbsp;(9\/12)<\/h2>\n\n\n\n<p>La disparition de Ian Alexander Jr. a laiss\u00e9 une empreinte ind\u00e9l\u00e9bile sur Regina King, qui continue de c\u00e9l\u00e9brer sa m\u00e9moire \u00e0 travers des hommages sinc\u00e8res et \u00e9mouvants. Chaque mot qu&#8217;elle partage sur les r\u00e9seaux sociaux r\u00e9sonne comme un \u00e9cho de l&#8217;amour \u00e9ternel qu&#8217;elle lui porte.<\/p>\n\n\n\n<p><img loading=\"lazy\" decoding=\"async\" src=\"https:\/\/www.viepratique.fr\/wp-content\/uploads\/sites\/4\/2026\/02\/une-mere-continuant-dhonorer-la-memoire-de-son-fils-1024x536.jpg\" width=\"1024\" height=\"536\"><\/p>\n\n\n\n<p>\u00a9 Pinterest<\/p>\n\n\n\n<h2 class=\"wp-block-heading\">Matka czerpie si\u0142\u0119 ze szcz\u0119\u015bliwych wspomnie\u0144 syna&nbsp;(10\/12)<\/h2>\n\n\n\n<p>Pomimo b\u00f3lu, Regina King znajduje si\u0142\u0119, by wspomina\u0107 szcz\u0119\u015bliwe chwile sp\u0119dzone z synem. Jej posty s\u0105 \u015bwiadectwem \u015bwiat\u0142a, kt\u00f3re Ian Alexander Jr. wni\u00f3s\u0142 do jej \u017cycia \u2013 \u015bwiat\u0142a, kt\u00f3re wci\u0105\u017c przez ni\u0105 \u015bwieci.<\/p>\n\n\n\n<p><img loading=\"lazy\" decoding=\"async\" src=\"https:\/\/www.viepratique.fr\/wp-content\/uploads\/sites\/4\/2026\/02\/une-mere-trouvant-de-la-force-dans-les-souvenirs-heureux-de-son-fils-1024x712.jpg\" width=\"1024\" height=\"712\">\u00a9 Pinterest<\/p>\n\n\n\n<h2 class=\"wp-block-heading\">S\u0142owa matki, kt\u00f3ra otrzyma\u0142a wsparcie i wsp\u00f3\u0142czucie online&nbsp;(11\/12)<\/h2>\n\n\n\n<p>S\u0142owa Reginy King na Instagramie wywo\u0142a\u0142y fal\u0119 wsparcia w\u015br\u00f3d jej obserwator\u00f3w, pokazuj\u0105c g\u0142\u0119boki wp\u0142yw jej przes\u0142ania. Komentarze pod jej postem pokazuj\u0105, jak wielk\u0105 mi\u0142o\u015bci\u0105 i wsp\u00f3\u0142czuciem otacza aktork\u0119 w tym trudnym czasie.<\/p>\n\n\n\n<p><img loading=\"lazy\" decoding=\"async\" src=\"https:\/\/www.viepratique.fr\/wp-content\/uploads\/sites\/4\/2026\/02\/les-mots-dune-mere-recevant-soutien-et-compassion-en-ligne-1024x737.jpg\" width=\"1024\" height=\"737\">\u00a9 Shutterstock<\/p>\n\n\n\n<h2 class=\"wp-block-heading\">Inspiruj\u0105ca, odporna matka, kt\u00f3rej odwaga jest naprawd\u0119 niezwyk\u0142a.&nbsp;(12\/12)<\/h2>\n\n\n\n<p>Regina King, wci\u0105\u017c zmagaj\u0105c si\u0119 z \u017ca\u0142ob\u0105, pozostaje wzorem odporno\u015bci i macierzy\u0144skiej mi\u0142o\u015bci. Jej umiej\u0119tno\u015b\u0107 dzielenia si\u0119 b\u00f3lem, jednocze\u015bnie \u015bwi\u0119tuj\u0105c \u017cycie syna, to lekcja odwagi, kt\u00f3ra inspiruje wielu rodzic\u00f3w stoj\u0105cych przed podobnymi wyzwaniami.<\/p>\n\n\n\n<figure class=\"wp-block-image\"><img decoding=\"async\" src=\"https:\/\/www.viepratique.fr\/wp-content\/uploads\/sites\/4\/2026\/02\/une-mere-resiliente-inspirant-par-son-courage-1024x681.jpg\" alt=\"\"\/><\/figure>\n","protected":false},"excerpt":{"rendered":"Urodziny zamieni\u0142y si\u0119 w koszmar: syn Reginy King, Ian Alexander Jr., pope\u0142ni\u0142 tragiczne samob\u00f3jstwo wkr\u00f3tce po \u015bwi\u0119towaniu swoich 26. urodzin. Aktorka, laureatka Oscara, \n<a class=\"moretag\" href=\"https:\/\/swiat24.pl.ua\/?p=23669\"> [...]<\/a>","protected":false},"author":1,"featured_media":23670,"comment_status":"open","ping_status":"open","sticky":false,"template":"","format":"standard","meta":{"footnotes":""},"categories":[1],"tags":[],"class_list":["post-23669","post","type-post","status-publish","format-standard","has-post-thumbnail","hentry","category-blog"],"_links":{"self":[{"href":"https:\/\/swiat24.pl.ua\/index.php?rest_route=\/wp\/v2\/posts\/23669","targetHints":{"allow":["GET"]}}],"collection":[{"href":"https:\/\/swiat24.pl.ua\/index.php?rest_route=\/wp\/v2\/posts"}],"about":[{"href":"https:\/\/swiat24.pl.ua\/index.php?rest_route=\/wp\/v2\/types\/post"}],"author":[{"embeddable":true,"href":"https:\/\/swiat24.pl.ua\/index.php?rest_route=\/wp\/v2\/users\/1"}],"replies":[{"embeddable":true,"href":"https:\/\/swiat24.pl.ua\/index.php?rest_route=%2Fwp%2Fv2%2Fcomments&post=23669"}],"version-history":[{"count":1,"href":"https:\/\/swiat24.pl.ua\/index.php?rest_route=\/wp\/v2\/posts\/23669\/revisions"}],"predecessor-version":[{"id":23671,"href":"https:\/\/swiat24.pl.ua\/index.php?rest_route=\/wp\/v2\/posts\/23669\/revisions\/23671"}],"wp:featuredmedia":[{"embeddable":true,"href":"https:\/\/swiat24.pl.ua\/index.php?rest_route=\/wp\/v2\/media\/23670"}],"wp:attachment":[{"href":"https:\/\/swiat24.pl.ua\/index.php?rest_route=%2Fwp%2Fv2%2Fmedia&parent=23669"}],"wp:term":[{"taxonomy":"category","embeddable":true,"href":"https:\/\/swiat24.pl.ua\/index.php?rest_route=%2Fwp%2Fv2%2Fcategories&post=23669"},{"taxonomy":"post_tag","embeddable":true,"href":"https:\/\/swiat24.pl.ua\/index.php?rest_route=%2Fwp%2Fv2%2Ftags&post=23669"}],"curies":[{"name":"wp","href":"https:\/\/api.w.org\/{rel}","templated":true}]}}