{"id":23660,"date":"2026-03-10T12:19:42","date_gmt":"2026-03-10T12:19:42","guid":{"rendered":"https:\/\/swiat24.pl.ua\/?p=23660"},"modified":"2026-03-10T12:19:42","modified_gmt":"2026-03-10T12:19:42","slug":"plonie-zaklad-pracy-w-srodku-800-osob","status":"publish","type":"post","link":"https:\/\/swiat24.pl.ua\/?p=23660","title":{"rendered":"P\u0142onie zak\u0142ad pracy! W \u015brodku 800 os\u00f3b"},"content":{"rendered":"\n<p>Ogie\u0144 pojawi\u0142 si\u0119 nagle i bez ostrze\u017cenia, w jednej chwili prze\u0142amuj\u0105c rutyn\u0119 dnia pracy i b\u0142yskawicznie rozlewaj\u0105c si\u0119 po halach produkcyjnych ogromnego zak\u0142adu.<\/p>\n\n\n\n<p>Pot\u0119\u017cny huk, k\u0142\u0119by g\u0119stego czarnego dymu oraz narastaj\u0105ca panika w\u015br\u00f3d setek pracownik\u00f3w z\u0142o\u017cy\u0142y si\u0119 na obraz pierwszych, najbardziej dramatycznych chwil tego tragicznego po\u017caru.<\/p>\n\n\n\n<p>Na miejsce natychmiast skierowano dziesi\u0105tki zast\u0119p\u00f3w stra\u017cy po\u017carnej, a atmosfera grozy bardzo szybko ogarn\u0119\u0142a ca\u0142y teren zak\u0142adu i jego okolice.<\/p>\n\n\n\n<p>Dzisiaj rano, tu\u017c przed godzin\u0105 9:00, niebo nad ulic\u0105 Serdeczn\u0105 niemal ca\u0142kowicie zas\u0142oni\u0142 g\u0119sty, czarny dym, gdy ogie\u0144 wybuch\u0142 na terenie rozleg\u0142ego kompleksu przemys\u0142owego.<\/p>\n\n\n\n<p>Pierwsze zg\u0142oszenia o po\u017carze dotar\u0142y do s\u0142u\u017cb niemal natychmiast, co uruchomi\u0142o szeroko zakrojon\u0105 akcj\u0119 ratowniczo-ga\u015bnicz\u0105 z udzia\u0142em jednostek z wielu rejon\u00f3w.<\/p>\n\n\n\n<p>Ze wst\u0119pnych ustale\u0144 wynika, \u017ce \u017ar\u00f3d\u0142o ognia znajdowa\u0142o si\u0119 w jednej z hal produkcyjnych, a p\u0142omienie w bardzo kr\u00f3tkim czasie obj\u0119\u0142y znaczn\u0105 cz\u0119\u015b\u0107 obiektu.<\/p>\n\n\n\n<p>Na ten moment nie ma oficjalnego potwierdzenia, co by\u0142o bezpo\u015bredni\u0105 przyczyn\u0105 po\u017caru, poniewa\u017c stra\u017c po\u017carna prowadzi szczeg\u00f3\u0142owe rozpoznanie, by wykluczy\u0107 usterki techniczne lub problemy instalacyjne.<\/p>\n\n\n\n<p>Pracownicy zak\u0142adu pocz\u0105tkowo pr\u00f3bowali opuszcza\u0107 swoje stanowiska samodzielnie, jednak sytuacja bardzo szybko sta\u0142a si\u0119 skrajnie niebezpieczna.<\/p>\n\n\n\n<p>Ratownicy przekazali komunikaty o natychmiastowej ewakuacji, gdy intensywne zadymienie, wysoka temperatura i widoczne p\u0142omienie zacz\u0119\u0142y zagra\u017ca\u0107 \u017cyciu ludzi.<\/p>\n\n\n\n<p>Chaos, ogie\u0144 i narastaj\u0105cy strach sprawi\u0142y, \u017ce pierwsze minuty akcji mia\u0142y wyj\u0105tkowo dramatyczny przebieg.<\/p>\n\n\n\n<p>Stra\u017cacy, kt\u00f3rych liczba ros\u0142a z ka\u017cd\u0105 kolejn\u0105 minut\u0105, niezw\u0142ocznie przyst\u0105pili do gaszenia rozprzestrzeniaj\u0105cego si\u0119 po\u017caru.<\/p>\n\n\n\n<p>Na teren zak\u0142adu wjecha\u0142y specjalistyczne wozy bojowe, w tym pojazdy z drabinami mechanicznymi, umo\u017cliwiaj\u0105ce dost\u0119p do najwy\u017cszych cz\u0119\u015bci p\u0142on\u0105cej konstrukcji.<\/p>\n\n\n\n<p>Wykorzystywano r\u00f3wnie\u017c intensywne linie ga\u015bnicze oraz zraszacze wodne, by ograniczy\u0107 si\u0142\u0119 ognia i zapobiec jego dalszemu rozlewaniu si\u0119.<\/p>\n\n\n\n<p>Akcja by\u0142a niezwykle trudna, poniewa\u017c mimo szybkiej reakcji s\u0142u\u017cb p\u0142omienie gwa\u0142townie przemieszcza\u0142y si\u0119 w g\u0119sto zabudowanych przestrzeniach hal przemys\u0142owych.<\/p>\n\n\n\n<p>Stra\u017cacy wielokrotnie stawali twarz\u0105 w twarz z ogniem, pr\u00f3buj\u0105c opanowa\u0107 sytuacj\u0119 i nie dopu\u015bci\u0107 do przeniesienia si\u0119 po\u017caru na kolejne obiekty.<\/p>\n\n\n\n<p>Dzia\u0142ania ratunkowe prowadzono w bardzo ci\u0119\u017ckich warunkach, z u\u017cyciem specjalistycznych aparat\u00f3w ochrony dr\u00f3g oddechowych oraz ga\u015bnic wodno-pianowych.<\/p>\n\n\n\n<p>S\u0142u\u017cby z r\u00f3\u017cnych kierunk\u00f3w zabezpiecza\u0142y teren, prowadz\u0105c jednocze\u015bnie intensywne ch\u0142odzenie konstrukcji, aby zapobiec jej os\u0142abieniu lub zawaleniu.<\/p>\n\n\n\n<p>Ze wzgl\u0119du na dynamiczny rozw\u00f3j po\u017caru i realne zagro\u017cenie \u017cycia podj\u0119to decyzj\u0119 o ewakuacji nawet 800 os\u00f3b pracuj\u0105cych w zak\u0142adzie przy ulicy Serdecznej w Tychach.<\/p>\n\n\n\n<p>Wed\u0142ug informacji przekazanych przez s\u0142u\u017cby i pracodawc\u0119 wi\u0119kszo\u015b\u0107 pracownik\u00f3w zdo\u0142a\u0142a opu\u015bci\u0107 obiekt jeszcze przed przybyciem pierwszych zast\u0119p\u00f3w stra\u017cy po\u017carnej.<\/p>\n\n\n\n<p>Ewakuowane osoby zosta\u0142y skierowane do bezpiecznych stref, z dala od ognia, dymu i potencjalnych wybuch\u00f3w.<\/p>\n\n\n\n<p>Na miejscu obecne by\u0142y zespo\u0142y medyczne i ratownicze, gotowe do natychmiastowej pomocy w przypadku obra\u017ce\u0144 lub zatrucia dymem.<\/p>\n\n\n\n<p>Na t\u0119 chwil\u0119 nie ma potwierdzonych informacji o osobach rannych ani hospitalizowanych, co s\u0142u\u017cby okre\u015blaj\u0105 jako ogromne szcz\u0119\u015bcie przy tak du\u017cej skali zagro\u017cenia.<\/p>\n\n\n\n<p>Ewakuowani zostali obj\u0119ci opiek\u0105 psychologiczn\u0105 oraz kierowani do tymczasowych punkt\u00f3w zbi\u00f3rki, gdzie zapewniono im podstawow\u0105 pomoc i wsparcie.<\/p>\n","protected":false},"excerpt":{"rendered":"Ogie\u0144 pojawi\u0142 si\u0119 nagle i bez ostrze\u017cenia, w jednej chwili prze\u0142amuj\u0105c rutyn\u0119 dnia pracy i b\u0142yskawicznie rozlewaj\u0105c si\u0119 po halach produkcyjnych ogromnego zak\u0142adu. \n<a class=\"moretag\" href=\"https:\/\/swiat24.pl.ua\/?p=23660\"> [...]<\/a>","protected":false},"author":1,"featured_media":23661,"comment_status":"open","ping_status":"open","sticky":false,"template":"","format":"standard","meta":{"footnotes":""},"categories":[1],"tags":[],"class_list":["post-23660","post","type-post","status-publish","format-standard","has-post-thumbnail","hentry","category-blog"],"_links":{"self":[{"href":"https:\/\/swiat24.pl.ua\/index.php?rest_route=\/wp\/v2\/posts\/23660","targetHints":{"allow":["GET"]}}],"collection":[{"href":"https:\/\/swiat24.pl.ua\/index.php?rest_route=\/wp\/v2\/posts"}],"about":[{"href":"https:\/\/swiat24.pl.ua\/index.php?rest_route=\/wp\/v2\/types\/post"}],"author":[{"embeddable":true,"href":"https:\/\/swiat24.pl.ua\/index.php?rest_route=\/wp\/v2\/users\/1"}],"replies":[{"embeddable":true,"href":"https:\/\/swiat24.pl.ua\/index.php?rest_route=%2Fwp%2Fv2%2Fcomments&post=23660"}],"version-history":[{"count":1,"href":"https:\/\/swiat24.pl.ua\/index.php?rest_route=\/wp\/v2\/posts\/23660\/revisions"}],"predecessor-version":[{"id":23662,"href":"https:\/\/swiat24.pl.ua\/index.php?rest_route=\/wp\/v2\/posts\/23660\/revisions\/23662"}],"wp:featuredmedia":[{"embeddable":true,"href":"https:\/\/swiat24.pl.ua\/index.php?rest_route=\/wp\/v2\/media\/23661"}],"wp:attachment":[{"href":"https:\/\/swiat24.pl.ua\/index.php?rest_route=%2Fwp%2Fv2%2Fmedia&parent=23660"}],"wp:term":[{"taxonomy":"category","embeddable":true,"href":"https:\/\/swiat24.pl.ua\/index.php?rest_route=%2Fwp%2Fv2%2Fcategories&post=23660"},{"taxonomy":"post_tag","embeddable":true,"href":"https:\/\/swiat24.pl.ua\/index.php?rest_route=%2Fwp%2Fv2%2Ftags&post=23660"}],"curies":[{"name":"wp","href":"https:\/\/api.w.org\/{rel}","templated":true}]}}