{"id":23638,"date":"2026-03-09T16:43:46","date_gmt":"2026-03-09T16:43:46","guid":{"rendered":"https:\/\/swiat24.pl.ua\/?p=23638"},"modified":"2026-03-09T16:43:46","modified_gmt":"2026-03-09T16:43:46","slug":"doszlo-do-nieszczesliwego-wypadku-szokujace-wyznanie-mamy-iwony-wieczorek-2","status":"publish","type":"post","link":"https:\/\/swiat24.pl.ua\/?p=23638","title":{"rendered":"\u201eDosz\u0142o do nieszcz\u0119\u015bliwego wypadku\u201d. Szokuj\u0105ce wyznanie mamy Iwony Wieczorek"},"content":{"rendered":"\n<h2 class=\"wp-block-heading\">Tragiczna zagadka sprzed niemal 15 lat<\/h2>\n\n\n\n<p>Min\u0119\u0142o ju\u017c prawie 15 lat od jednej z najbardziej zagadkowych zagini\u0119\u0107 w Polsce \u2013 Iwona Wieczorek niespodziewanie znikn\u0119\u0142a bez \u015bladu w nocy z 16 na 17 lipca 2010 roku w Tr\u00f3jmie\u015bcie. W przededniu rocznicy tych dramatycznych wydarze\u0144, jej mama, Iwona G\u0142\u00f3wczy\u0144ska, zdecydowa\u0142a si\u0119 na szczere wyznanie, kt\u00f3re porusza do g\u0142\u0119bi.<\/p>\n\n\n\n<h2 class=\"wp-block-heading\">\u017bycie w niepewno\u015bci i t\u0119sknocie<\/h2>\n\n\n\n<p>W chwili zagini\u0119cia Iwona mia\u0142a zaledwie 19 lat. Po jej \u015bladach przez lata tropili funkcjonariusze, prywatni detektywi, a nawet jasnowidze, lecz pomimo ogromnego zaanga\u017cowania i zainteresowania spo\u0142ecze\u0144stwa, prawda o tamtej nocy pozostaje nieznana. Rodzina nadal \u017cyje z nieodgadnion\u0105 pustk\u0105, a jej mama nie traci nadziei na poznanie losu c\u00f3rki.<\/p>\n\n\n\n<blockquote class=\"wp-block-quote is-layout-flow wp-block-quote-is-layout-flow\">\n<p>\u201eWszyscy t\u0119sknimy i nie mo\u017cemy pogodzi\u0107 si\u0119 z tym, \u017ce od 15 lat \u017cyjemy w zawieszeniu i czujemy pustk\u0119. To jest nieprzepracowana \u017ca\u0142oba\u201d \u2013 wyzna\u0142a Iwona G\u0142\u00f3wczy\u0144ska w rozmowie z \u201cFaktem\u201d.<\/p>\n<\/blockquote>\n\n\n\n<h2 class=\"wp-block-heading\"><img loading=\"lazy\" decoding=\"async\" alt=\"\" width=\"1280\" height=\"720\" srcset=\"https:\/\/www.bystragrazyna.pl\/wp-content\/uploads\/2025\/07\/631.jpg 1280w, https:\/\/www.bystragrazyna.pl\/wp-content\/uploads\/2025\/07\/631-300x169.jpg 300w, https:\/\/www.bystragrazyna.pl\/wp-content\/uploads\/2025\/07\/631-1024x576.jpg 1024w, https:\/\/www.bystragrazyna.pl\/wp-content\/uploads\/2025\/07\/631-768x432.jpg 768w\" src=\"https:\/\/www.bystragrazyna.pl\/wp-content\/uploads\/2025\/07\/631.jpg\"><\/h2>\n\n\n\n<h2 class=\"wp-block-heading\">B\u00f3l spowodowany nie tylko strat\u0105<\/h2>\n\n\n\n<p>Matka zaginionej dziewczyny zwr\u00f3ci\u0142a tak\u017ce uwag\u0119 na jeszcze jeden, bolesny aspekt ca\u0142ej sytuacji \u2013 fal\u0119 nieprzychylnych i cz\u0119sto okrutnych komentarzy, z jakimi musi na co dzie\u0144 si\u0119 mierzy\u0107.<\/p>\n\n\n\n<blockquote class=\"wp-block-quote is-layout-flow wp-block-quote-is-layout-flow\">\n<p>\u201eWracam zm\u0119czona po pracy, a zamiast odpocz\u0105\u0107 i nacieszy\u0107 si\u0119 rodzin\u0105, czytam jaki\u015b hejterski wpis na swoj\u0105 osob\u0119, bo przypadkiem wpad\u0142 mi w oczy, gdy otworzy\u0142am internet. Niekt\u00f3rzy ludzie nie maj\u0105 lito\u015bci\u201d \u2013 m\u00f3wi\u0142a w wywiadzie.<\/p>\n<\/blockquote>\n\n\n\n<p>Najbardziej bol\u0105 jednak nieuzasadnione oskar\u017cenia.<\/p>\n\n\n\n<blockquote class=\"wp-block-quote is-layout-flow wp-block-quote-is-layout-flow\">\n<p>\u201eCzasami czytam, \u017ce kryj\u0119 zab\u00f3jc\u0119, a nawet, \u017ce to ja zrobi\u0142am krzywd\u0119 Iwonce. Poza utrat\u0105 dziecka i wszystkimi negatywnymi stanami, kt\u00f3re temu towarzysz\u0105, jest to rozczarowanie brakiem empatii w\u015br\u00f3d cz\u0119\u015bci os\u00f3b zainteresowanych spraw\u0105. Czuj\u0119 wtedy niemoc. To jest walka z wiatrakami. Jak w obliczu takiej tragedii jak moja cz\u0142owiek mo\u017ce by\u0107 tak pod\u0142y?\u201d \u2013 podkre\u015bli\u0142a.<\/p>\n<\/blockquote>\n\n\n\n<h2 class=\"wp-block-heading\">Co tak naprawd\u0119 wydarzy\u0142o si\u0119 tamtej nocy?<\/h2>\n\n\n\n<p>Cho\u0107 przez lata powsta\u0142o wiele hipotez i r\u00f3\u017cnych teorii, Iwona G\u0142\u00f3wczy\u0144ska wierzy w konkretny scenariusz wydarze\u0144.<\/p>\n\n\n\n<blockquote class=\"wp-block-quote is-layout-flow wp-block-quote-is-layout-flow\">\n<p>\u201eMoim zdaniem Iwona spotka\u0142a kogo\u015b, kogo zna\u0142a i komu ufa\u0142a. Wydaje mi si\u0119, \u017ce dosz\u0142o do k\u0142\u00f3tni, a potem do nieszcz\u0119\u015bliwego wypadku\u201d \u2013 wyjawi\u0142a.<\/p>\n<\/blockquote>\n\n\n\n<p>Jednocze\u015bnie podkre\u015bla, \u017ce nie wyklucza \u017cadnej mo\u017cliwo\u015bci:<\/p>\n\n\n\n<blockquote class=\"wp-block-quote is-layout-flow wp-block-quote-is-layout-flow\">\n<p>\u201eMimo wszystko zak\u0142adam r\u00f3\u017cne warianty, niczego nie wykluczam. Chc\u0119 pozna\u0107 prawd\u0119 \u2013 bez wzgl\u0119du na to, jaka by ona by\u0142a\u201d \u2013 doda\u0142a.<\/p>\n<\/blockquote>\n\n\n\n<h2 class=\"wp-block-heading\">15 lat bez odpowiedzi, dramat rodziny trwa<\/h2>\n\n\n\n<p>Sprawa Iwony Wieczorek pozostaje nierozwi\u0105zana, a jej bliscy nadal odczuwaj\u0105 nieustanny ci\u0119\u017car tajemnicy. Matka dziewczyny nie kryje, \u017ce zrobi\u0142aby wszystko, by tylko zobaczy\u0107 c\u00f3rk\u0119 zn\u00f3w bezpieczn\u0105.<\/p>\n","protected":false},"excerpt":{"rendered":"Tragiczna zagadka sprzed niemal 15 lat Min\u0119\u0142o ju\u017c prawie 15 lat od jednej z najbardziej zagadkowych zagini\u0119\u0107 w Polsce \u2013 Iwona Wieczorek niespodziewanie \n<a class=\"moretag\" href=\"https:\/\/swiat24.pl.ua\/?p=23638\"> [...]<\/a>","protected":false},"author":1,"featured_media":23639,"comment_status":"open","ping_status":"open","sticky":false,"template":"","format":"standard","meta":{"footnotes":""},"categories":[1],"tags":[],"class_list":["post-23638","post","type-post","status-publish","format-standard","has-post-thumbnail","hentry","category-blog"],"_links":{"self":[{"href":"https:\/\/swiat24.pl.ua\/index.php?rest_route=\/wp\/v2\/posts\/23638","targetHints":{"allow":["GET"]}}],"collection":[{"href":"https:\/\/swiat24.pl.ua\/index.php?rest_route=\/wp\/v2\/posts"}],"about":[{"href":"https:\/\/swiat24.pl.ua\/index.php?rest_route=\/wp\/v2\/types\/post"}],"author":[{"embeddable":true,"href":"https:\/\/swiat24.pl.ua\/index.php?rest_route=\/wp\/v2\/users\/1"}],"replies":[{"embeddable":true,"href":"https:\/\/swiat24.pl.ua\/index.php?rest_route=%2Fwp%2Fv2%2Fcomments&post=23638"}],"version-history":[{"count":1,"href":"https:\/\/swiat24.pl.ua\/index.php?rest_route=\/wp\/v2\/posts\/23638\/revisions"}],"predecessor-version":[{"id":23640,"href":"https:\/\/swiat24.pl.ua\/index.php?rest_route=\/wp\/v2\/posts\/23638\/revisions\/23640"}],"wp:featuredmedia":[{"embeddable":true,"href":"https:\/\/swiat24.pl.ua\/index.php?rest_route=\/wp\/v2\/media\/23639"}],"wp:attachment":[{"href":"https:\/\/swiat24.pl.ua\/index.php?rest_route=%2Fwp%2Fv2%2Fmedia&parent=23638"}],"wp:term":[{"taxonomy":"category","embeddable":true,"href":"https:\/\/swiat24.pl.ua\/index.php?rest_route=%2Fwp%2Fv2%2Fcategories&post=23638"},{"taxonomy":"post_tag","embeddable":true,"href":"https:\/\/swiat24.pl.ua\/index.php?rest_route=%2Fwp%2Fv2%2Ftags&post=23638"}],"curies":[{"name":"wp","href":"https:\/\/api.w.org\/{rel}","templated":true}]}}