{"id":23635,"date":"2026-03-09T16:14:45","date_gmt":"2026-03-09T16:14:45","guid":{"rendered":"https:\/\/swiat24.pl.ua\/?p=23635"},"modified":"2026-03-09T16:14:45","modified_gmt":"2026-03-09T16:14:45","slug":"fatalne-wiesci-dla-polakow-lada-moment-powroci-zima-i-to-z-potezna-sila-wskazano-date","status":"publish","type":"post","link":"https:\/\/swiat24.pl.ua\/?p=23635","title":{"rendered":"Fatalne wie\u015bci dla Polak\u00f3w. Lada moment powr\u00f3ci zima i to z pot\u0119\u017cn\u0105 si\u0142\u0105. Wskazano dat\u0119"},"content":{"rendered":"\n<p>Wed\u0142ug najnowszych prognoz meteorologicznych pi\u0119kna i ciep\u0142a aura wiosenna nie b\u0119dzie mia\u0142a okazji na d\u0142u\u017cej zago\u015bci\u0107 w Polsce. Ju\u017c od po\u0142owy marca nad kraj ma dotrze\u0107 silna fala ch\u0142odu wraz ze \u015bniegiem, co znacznie zmieni warunki pogodowe w ca\u0142ym kraju oraz wp\u0142ynie na prace polowe i stan upraw rolnych.<\/p>\n\n\n\n<h2 class=\"wp-block-heading\">S\u0142o\u0144ce i dwucyfrowe temperatury \u2013 spok\u00f3j przed burz\u0105<\/h2>\n\n\n\n<p>Na pocz\u0105tku marca aura za oknami ma by\u0107 przyjemna i stabilna. Przewiduje si\u0119, \u017ce do oko\u0142o 8\u201310 marca temperatury pozostan\u0105 dodatnie, a pogoda bardziej b\u0119dzie przypomina\u0107 wiosn\u0119 ni\u017c zim\u0119. Wysokie ci\u015bnienie atmosferyczne zapewni przewa\u017cnie bezchmurne niebo z du\u017cymi przeja\u015bnieniami.<\/p>\n\n\n\n<p>W rejonach p\u00f3\u0142nocnych i wschodnich kraju temperatura wyniesie od 5 do 10 stopni Celsjusza, natomiast w po\u0142udniowej i zachodniej cz\u0119\u015bci Polski mo\u017ce si\u0119gn\u0105\u0107 od 10 do nawet 15 stopni Celsjusza. Na Dolnym \u015al\u0105sku i Pomorzu Zachodnim termometry mog\u0105 wskaza\u0107 nawet 13\u201314 stopni.<\/p>\n\n\n\n<figure class=\"wp-block-image\"><img decoding=\"async\" src=\"https:\/\/bystragrazyna.pl\/wp-content\/uploads\/2026\/03\/333.jpg\" alt=\"obrazek\"\/><\/figure>\n\n\n\n<p>Na ten moment nie przewiduje si\u0119 znacz\u0105cych opad\u00f3w \u015bniegu ani deszczu do 10 marca, co zwiastuje raczej such\u0105 i s\u0142oneczn\u0105 pogod\u0119. Taka stabilizacja sprzyja wczesnym pracom polowym oraz przygotowaniom do sezonu wegetacyjnego, cho\u0107 mo\u017ce te\u017c powodowa\u0107 problemy zwi\u0105zane z wysychaniem gleby.<\/p>\n\n\n\n<h2 class=\"wp-block-heading\">Arktyczne uderzenie ch\u0142odu w drugiej po\u0142owie marca<\/h2>\n\n\n\n<p>Zupe\u0142nie inn\u0105 tendencj\u0119 pokazuj\u0105 prognozy od po\u0142owy marca. Od oko\u0142o 9\u201315 marca do Polski zacznie nap\u0142ywa\u0107 masa lodowatego powietrza pochodz\u0105ca znad Arktyki. Najnowsze modele meteorologiczne wskazuj\u0105, \u017ce nast\u0119pna dekada miesi\u0105ca przyniesie gwa\u0142town\u0105 i radykaln\u0105 zmian\u0119 pogody.<\/p>\n\n\n\n<p>W rezultacie temperatury mog\u0105 spa\u015b\u0107 poni\u017cej zera na terenie ca\u0142ego kraju, szczeg\u00f3lnie w drugiej po\u0142owie marca. Synopptycy przewiduj\u0105, \u017ce nocami b\u0119d\u0105 mo\u017cliwe dwucyfrowe mrozy, a temperatury mog\u0105 osi\u0105gn\u0105\u0107 nawet od \u201310 do \u201315 stopni Celsjusza, zw\u0142aszcza na wschodzie i w regionach g\u00f3rskich. Tak powa\u017cne och\u0142odzenie w po\u0142owie marca to zjawisko nietypowe i mo\u017ce stanowi\u0107 powa\u017cne zagro\u017cenie dla m\u0142odych i wra\u017cliwych ro\u015blin oraz nowo wysianych upraw.<\/p>\n\n\n\n<h2 class=\"wp-block-heading\">Intensywne opady \u015bniegu i znacz\u0105ce utrudnienia<\/h2>\n\n\n\n<p>Prognozy wskazuj\u0105, \u017ce gwa\u0142towne och\u0142odzenie b\u0119dzie towarzyszy\u0107 intensywnym opadom \u015bniegu. W drugiej i trzeciej dekadzie marca mo\u017cliwe s\u0105 znacz\u0105ce opady, kt\u00f3re lokalnie mog\u0105 spowodowa\u0107 narost pokrywy \u015bnie\u017cnej. Po d\u0142ugim okresie s\u0142onecznej i spokojnej pogody takie za\u0142amanie mo\u017ce spowodowa\u0107 utrudnienia w ruchu drogowym i logistycznym.<\/p>\n\n\n\n<p>Dla rolnik\u00f3w istotne b\u0119dzie nie tylko obni\u017cenie temperatur i ryzyko przymrozk\u00f3w, lecz tak\u017ce zalegaj\u0105ca pokrywa \u015bnie\u017cna, kt\u00f3ra zwi\u0119kszy wilgotno\u015b\u0107 gleby i mo\u017ce powodowa\u0107 op\u00f3\u017anienia w wykonywaniu prac polowych. Przymrozki mog\u0105 zniszczy\u0107 m\u0142ode p\u0119dy oraz kie\u0142kuj\u0105ce ro\u015bliny, zw\u0142aszcza je\u015bli wr\u00f3c\u0105 one do aktywnej fazy wzrostu.<\/p>\n\n\n\n<h2 class=\"wp-block-heading\">Co oznaczaj\u0105 zmiany dla rolnictwa i codziennego \u017cycia?<\/h2>\n\n\n\n<p>Wczesne marcowe dni z dodatnimi temperaturami mog\u0105 by\u0107 korzystne dla rozwoju ro\u015blin i rozpocz\u0119cia prac polowych. Jednak nadchodz\u0105ce zimowe uderzenie mo\u017ce spowodowa\u0107 znaczne szkody, szczeg\u00f3lnie w przypadku sad\u00f3w, m\u0142odych upraw czy nowo siew\u00f3w, kt\u00f3re z powodu przymrozk\u00f3w mog\u0105 mie\u0107 powa\u017cne straty.<\/p>\n\n\n\n<p>Te zmienne warunki pogodowe to sygna\u0142 dla rolnik\u00f3w, aby uwa\u017cnie obserwowa\u0107 prognozy i przygotowa\u0107 si\u0119 na mo\u017cliwo\u015b\u0107 odmro\u017ce\u0144 oraz opad\u00f3w \u015bniegu, kt\u00f3re mog\u0105 wp\u0142ywa\u0107 nie tylko na uprawy, lecz tak\u017ce na logistyk\u0119 i transport w rolnictwie.<\/p>\n\n\n\n<h2 class=\"wp-block-heading\">Obserwuj prognozy i b\u0105d\u017a przygotowany<\/h2>\n\n\n\n<p>Najnowsze ostrze\u017cenia meteorologiczne pokazuj\u0105 wyra\u017anie: wiosna dopiero si\u0119 zaczyna, ale lada moment powr\u00f3ci zima z pot\u0119\u017cn\u0105 si\u0142\u0105. Warto \u015bledzi\u0107 aktualizowane prognozy, aby m\u00f3c odpowiednio zaplanowa\u0107 prace i zminimalizowa\u0107 potencjalne szkody wynikaj\u0105ce z gwa\u0142townych zmian pogodowych.<\/p>\n","protected":false},"excerpt":{"rendered":"Wed\u0142ug najnowszych prognoz meteorologicznych pi\u0119kna i ciep\u0142a aura wiosenna nie b\u0119dzie mia\u0142a okazji na d\u0142u\u017cej zago\u015bci\u0107 w Polsce. Ju\u017c od po\u0142owy marca nad \n<a class=\"moretag\" href=\"https:\/\/swiat24.pl.ua\/?p=23635\"> [...]<\/a>","protected":false},"author":1,"featured_media":23636,"comment_status":"open","ping_status":"open","sticky":false,"template":"","format":"standard","meta":{"footnotes":""},"categories":[1],"tags":[],"class_list":["post-23635","post","type-post","status-publish","format-standard","has-post-thumbnail","hentry","category-blog"],"_links":{"self":[{"href":"https:\/\/swiat24.pl.ua\/index.php?rest_route=\/wp\/v2\/posts\/23635","targetHints":{"allow":["GET"]}}],"collection":[{"href":"https:\/\/swiat24.pl.ua\/index.php?rest_route=\/wp\/v2\/posts"}],"about":[{"href":"https:\/\/swiat24.pl.ua\/index.php?rest_route=\/wp\/v2\/types\/post"}],"author":[{"embeddable":true,"href":"https:\/\/swiat24.pl.ua\/index.php?rest_route=\/wp\/v2\/users\/1"}],"replies":[{"embeddable":true,"href":"https:\/\/swiat24.pl.ua\/index.php?rest_route=%2Fwp%2Fv2%2Fcomments&post=23635"}],"version-history":[{"count":1,"href":"https:\/\/swiat24.pl.ua\/index.php?rest_route=\/wp\/v2\/posts\/23635\/revisions"}],"predecessor-version":[{"id":23637,"href":"https:\/\/swiat24.pl.ua\/index.php?rest_route=\/wp\/v2\/posts\/23635\/revisions\/23637"}],"wp:featuredmedia":[{"embeddable":true,"href":"https:\/\/swiat24.pl.ua\/index.php?rest_route=\/wp\/v2\/media\/23636"}],"wp:attachment":[{"href":"https:\/\/swiat24.pl.ua\/index.php?rest_route=%2Fwp%2Fv2%2Fmedia&parent=23635"}],"wp:term":[{"taxonomy":"category","embeddable":true,"href":"https:\/\/swiat24.pl.ua\/index.php?rest_route=%2Fwp%2Fv2%2Fcategories&post=23635"},{"taxonomy":"post_tag","embeddable":true,"href":"https:\/\/swiat24.pl.ua\/index.php?rest_route=%2Fwp%2Fv2%2Ftags&post=23635"}],"curies":[{"name":"wp","href":"https:\/\/api.w.org\/{rel}","templated":true}]}}