{"id":23632,"date":"2026-03-09T16:07:21","date_gmt":"2026-03-09T16:07:21","guid":{"rendered":"https:\/\/swiat24.pl.ua\/?p=23632"},"modified":"2026-03-09T16:07:21","modified_gmt":"2026-03-09T16:07:21","slug":"klamka-zapadla-nawrocki-podpisal-wielu-polakow-podskoczy-z-radosci-2","status":"publish","type":"post","link":"https:\/\/swiat24.pl.ua\/?p=23632","title":{"rendered":"Klamka zapad\u0142a, Nawrocki podpisa\u0142. Wielu Polak\u00f3w podskoczy z rado\u015bci"},"content":{"rendered":"\n<p>Kolejny projekt ustawy, kt\u00f3ry ma przynie\u015b\u0107 Polakom realn\u0105 ulg\u0119 przy rachunkach za energi\u0119, zosta\u0142 podpisany przez prezydenta Karola Nawrockiego. Dokument trafi\u0142 ju\u017c do Sejmu, a jego celem jest obni\u017cenie koszt\u00f3w pr\u0105du nawet o jedn\u0105 trzeci\u0105. Pojawia si\u0119 jednak pytanie, czy zapowiadane oszcz\u0119dno\u015bci naprawd\u0119 stan\u0105 si\u0119 rzeczywisto\u015bci\u0105.<\/p>\n\n\n\n<p>Prezydent podpisa\u0142 ustaw\u0119 \u201eTani pr\u0105d \u2013 33 proc.\u201d<br>W pi\u0105tek w Pa\u0142acu Prezydenckim Karol Nawrocki oficjalnie podpisa\u0142 projekt ustawy pod nazw\u0105 \u201eTani pr\u0105d \u2013 33 proc.\u201d. Podkre\u015bli\u0142, \u017ce jest to element szerszego planu dzia\u0142a\u0144, maj\u0105cych na celu zmniejszenie obci\u0105\u017ce\u0144 finansowych polskich rodzin.<\/p>\n\n\n\n<p>Projekt nosi tytu\u0142 \u201eo zmianie niekt\u00f3rych ustaw w celu obni\u017cenia koszt\u00f3w energii elektrycznej oraz finansowaniu system\u00f3w wsparcia energetyki ze \u015brodk\u00f3w z handlu uprawnieniami do emisji CO\u2082\u201d. W dokumencie przewidziano przede wszystkim zmiany dotycz\u0105ce rynku energii, sposobu naliczania op\u0142at oraz efektywnego wykorzystania \u015brodk\u00f3w pochodz\u0105cych ze sprzeda\u017cy uprawnie\u0144 do emisji dwutlenku w\u0119gla.<\/p>\n\n\n\n<figure class=\"wp-block-image\"><img decoding=\"async\" src=\"https:\/\/bystragrazyna.pl\/wp-content\/uploads\/2025\/11\/2126.jpg\" alt=\"obrazek\"\/><\/figure>\n\n\n\n<p>Prezydent podkre\u015bli\u0142, \u017ce inicjatywa jest odpowiedzi\u0105 na rosn\u0105ce ceny energii i ma przywr\u00f3ci\u0107 \u201esprawiedliwo\u015b\u0107 w dost\u0119pie do tanich \u017ar\u00f3de\u0142 pr\u0105du\u201d.<\/p>\n\n\n\n<h2 class=\"wp-block-heading\">Jakie zmiany przewiduje ustawa i kto na niej skorzysta?<\/h2>\n\n\n\n<p>Projekt ustawy ma na celu obni\u017cenie rachunk\u00f3w za energi\u0119 elektryczn\u0105 nawet o 33% dla odbiorc\u00f3w indywidualnych. Finansowanie tego mechanizmu polega\u0107 b\u0119dzie na wp\u0142ywach z handlu uprawnieniami do emisji CO\u2082, kt\u00f3re zasili\u0107 maj\u0105 system wsparcia energetyki.<\/p>\n\n\n\n<p>W planach jest tak\u017ce uproszczenie rozlicze\u0144 oraz wprowadzenie limit\u00f3w cenowych dla gospodarstw domowych, wybranych instytucji publicznych oraz przedsi\u0119biorstw. Rz\u0105d zapowiada te\u017c stworzenie programu dop\u0142at dedykowanego najubo\u017cszym odbiorcom energii.<\/p>\n\n\n\n<p>Pomys\u0142 ten budzi jednak mieszane reakcje w\u015br\u00f3d ekonomist\u00f3w, kt\u00f3rzy zwracaj\u0105 uwag\u0119 na konieczno\u015b\u0107 dok\u0142adnego okre\u015blenia, czy obni\u017cki cen b\u0119d\u0105 mia\u0142y charakter sta\u0142y, czy te\u017c b\u0119d\u0105 zale\u017cne od zmiennych warunk\u00f3w na rynku energii i systemu handlu emisjami.<\/p>\n\n\n\n<h2 class=\"wp-block-heading\">Co dalej z projektem ustawy?<\/h2>\n\n\n\n<p>Projekt \u201eTani pr\u0105d \u2013 33 proc.\u201d zosta\u0142 przekazany do Sejmu, gdzie czeka na debat\u0119. Przed wej\u015bciem ustawy w \u017cycie konieczne b\u0119dzie r\u00f3wnie\u017c rozpatrzenie ewentualnych poprawek przez Senat oraz ponowne podpisanie dokumentu przez prezydenta.<\/p>\n\n\n\n<p>Eksperci zwracaj\u0105 uwag\u0119, \u017ce cho\u0107 kierunek zmian jest pozytywny, sukces zale\u017ce\u0107 b\u0119dzie od szczeg\u00f3\u0142\u00f3w realizacji \u2013 przede wszystkim od sposobu wykorzystania \u015brodk\u00f3w z systemu ETS oraz tempa wdra\u017cania nowych przepis\u00f3w.<\/p>\n\n\n\n<p>Zwolennicy zmian licz\u0105, \u017ce pierwsze odczuwalne obni\u017cki rachunk\u00f3w za pr\u0105d pojawi\u0105 si\u0119 ju\u017c w pierwszym kwartale 2026 roku. Z kolei przeciwnicy ostrzegaj\u0105, \u017ce zbyt szybkie wdro\u017cenie projektu bez odpowiednich analiz mo\u017ce negatywnie wp\u0142yn\u0105\u0107 na bud\u017cet pa\u0144stwa i spowolni\u0107 proces transformacji energetycznej.<\/p>\n","protected":false},"excerpt":{"rendered":"Kolejny projekt ustawy, kt\u00f3ry ma przynie\u015b\u0107 Polakom realn\u0105 ulg\u0119 przy rachunkach za energi\u0119, zosta\u0142 podpisany przez prezydenta Karola Nawrockiego. Dokument trafi\u0142 ju\u017c do \n<a class=\"moretag\" href=\"https:\/\/swiat24.pl.ua\/?p=23632\"> [...]<\/a>","protected":false},"author":1,"featured_media":23633,"comment_status":"open","ping_status":"open","sticky":false,"template":"","format":"standard","meta":{"footnotes":""},"categories":[1],"tags":[],"class_list":["post-23632","post","type-post","status-publish","format-standard","has-post-thumbnail","hentry","category-blog"],"_links":{"self":[{"href":"https:\/\/swiat24.pl.ua\/index.php?rest_route=\/wp\/v2\/posts\/23632","targetHints":{"allow":["GET"]}}],"collection":[{"href":"https:\/\/swiat24.pl.ua\/index.php?rest_route=\/wp\/v2\/posts"}],"about":[{"href":"https:\/\/swiat24.pl.ua\/index.php?rest_route=\/wp\/v2\/types\/post"}],"author":[{"embeddable":true,"href":"https:\/\/swiat24.pl.ua\/index.php?rest_route=\/wp\/v2\/users\/1"}],"replies":[{"embeddable":true,"href":"https:\/\/swiat24.pl.ua\/index.php?rest_route=%2Fwp%2Fv2%2Fcomments&post=23632"}],"version-history":[{"count":1,"href":"https:\/\/swiat24.pl.ua\/index.php?rest_route=\/wp\/v2\/posts\/23632\/revisions"}],"predecessor-version":[{"id":23634,"href":"https:\/\/swiat24.pl.ua\/index.php?rest_route=\/wp\/v2\/posts\/23632\/revisions\/23634"}],"wp:featuredmedia":[{"embeddable":true,"href":"https:\/\/swiat24.pl.ua\/index.php?rest_route=\/wp\/v2\/media\/23633"}],"wp:attachment":[{"href":"https:\/\/swiat24.pl.ua\/index.php?rest_route=%2Fwp%2Fv2%2Fmedia&parent=23632"}],"wp:term":[{"taxonomy":"category","embeddable":true,"href":"https:\/\/swiat24.pl.ua\/index.php?rest_route=%2Fwp%2Fv2%2Fcategories&post=23632"},{"taxonomy":"post_tag","embeddable":true,"href":"https:\/\/swiat24.pl.ua\/index.php?rest_route=%2Fwp%2Fv2%2Ftags&post=23632"}],"curies":[{"name":"wp","href":"https:\/\/api.w.org\/{rel}","templated":true}]}}