{"id":23591,"date":"2026-03-08T16:04:27","date_gmt":"2026-03-08T16:04:27","guid":{"rendered":"https:\/\/swiat24.pl.ua\/?p=23591"},"modified":"2026-03-08T16:04:27","modified_gmt":"2026-03-08T16:04:27","slug":"ledwo-minela-1-godzina-od-slow-macrona-a-donald-tusk-to-potwierdza-cala-europa-o-tym-huczy","status":"publish","type":"post","link":"https:\/\/swiat24.pl.ua\/?p=23591","title":{"rendered":"Ledwo min\u0119\u0142a 1 godzina od s\u0142\u00f3w Macrona, a Donald Tusk to potwierdza. Ca\u0142a Europa o tym huczy"},"content":{"rendered":"\n<p>Premier Donald Tusk potwierdzi\u0142 za po\u015brednictwem medi\u00f3w spo\u0142eczno\u015bciowych, \u017ce Polska prowadzi rozmowy z Francj\u0105 dotycz\u0105ce uczestnictwa w zaawansowanym programie odstraszania nuklearnego. <\/p>\n\n\n\n<p>Ta informacja pojawi\u0142a si\u0119 zaraz po deklaracjach Emmanuela Macrona o konieczno\u015bci wzmocnienia europejskiego bezpiecze\u0144stwa, co oznacza strategiczn\u0105 zmian\u0119 w polskiej polityce obronnej.<\/p>\n\n\n\n<h2 class=\"wp-block-heading\">Zwi\u0119kszenie potencja\u0142u j\u0105drowego Francji<\/h2>\n\n\n\n<p>W poniedzia\u0142ek prezydent Emmanuel Macron og\u0142osi\u0142 decyzj\u0119 o zwi\u0119kszeniu liczby francuskich g\u0142owic nuklearnych, adaptuj\u0105c doktryn\u0119 obronn\u0105 do wymog\u00f3w wsp\u00f3\u0142czesnego \u015bwiata. Wprowadza tak\u017ce poj\u0119cie \u201ezaawansowanego odstraszania\u201d, nie ujawniaj\u0105c jednak szczeg\u00f3\u0142\u00f3w dotycz\u0105cych wielko\u015bci nowego arsena\u0142u j\u0105drowego. Jednocze\u015bnie Macron wyra\u017anie zaznaczy\u0142, \u017ce atak na Francj\u0119 wi\u0105za\u0142by si\u0119 z&nbsp;<strong>\u201eniewyobra\u017calnymi kosztami\u201d<\/strong>. Ta zmiana oznacza przej\u015bcie do bardziej asertywnej postawy defensywnej wobec nowych zagro\u017ce\u0144 geopolitycznych.<\/p>\n\n\n\n<blockquote class=\"wp-block-quote is-layout-flow wp-block-quote-is-layout-flow\">\n<p>Obecne czasy s\u0105 okresem prze\u0142om\u00f3w z wieloma zagro\u017ceniami, a Francja musi dostosowa\u0107 swoj\u0105 strategi\u0119 obronn\u0105 do zmieniaj\u0105cego si\u0119 \u015brodowiska bezpiecze\u0144stwa.<\/p>\n<\/blockquote>\n\n\n\n<p>Doda\u0142 r\u00f3wnie\u017c, \u017ce nuklearne odstraszanie wymaga wsparcia konwencjonalnych si\u0142 zbrojnych, by zachowa\u0107 pe\u0142n\u0105 wiarygodno\u015b\u0107 na arenie mi\u0119dzynarodowej.<\/p>\n\n\n\n<h2 class=\"wp-block-heading\">Polska w\u015br\u00f3d pa\u0144stw zainteresowanych parasolem nuklearnym<\/h2>\n\n\n\n<p>W swoim wyst\u0105pieniu Macron wymieni\u0142 osiem kraj\u00f3w europejskich, w tym Polsk\u0119, kt\u00f3re wyrazi\u0142y zainteresowanie francuskim modelem ochrony j\u0105drowej. Premier Donald Tusk potwierdzi\u0142, \u017ce Polska bierze aktywny udzia\u0142 w pracach nad now\u0105 architektur\u0105 bezpiecze\u0144stwa europejskiego. Warszawa prowadzi dialog z Pary\u017cem oraz innymi bliskimi sojusznikami europejskimi na temat programu&nbsp;<strong>\u201ezaawansowanego odstraszania nuklearnego\u201d<\/strong>, kt\u00f3rego g\u0142\u00f3wnym celem jest odstraszenie potencjalnych agresor\u00f3w.<\/p>\n\n\n\n<blockquote class=\"wp-block-quote is-layout-flow wp-block-quote-is-layout-flow\">\n<p>Zbroimy si\u0119 z przyjaci\u00f3\u0142mi, aby wrogowie nie o\u015bmielili si\u0119 nas zaatakowa\u0107 \u2013 o\u015bwiadczy\u0142 Tusk.<\/p>\n<\/blockquote>\n\n\n\n<p>Mimo zacie\u015bnienia wsp\u00f3\u0142pracy Pary\u017c jasno zaznacza, \u017ce ostateczna decyzja dotycz\u0105ca u\u017cycia broni j\u0105drowej pozostanie wy\u0142\u0105czn\u0105 prerogatyw\u0105 prezydenta Francji.<\/p>\n\n\n\n<blockquote class=\"wp-block-quote is-layout-flow wp-block-quote-is-layout-flow\">\n<p>Nie b\u0119dzie \u017cadnego dzielenia si\u0119 ostateczn\u0105 decyzj\u0105 \u2013 podkre\u015bli\u0142 Macron.<\/p>\n<\/blockquote>\n\n\n\n<p>Francuski model gwarancji bezpiecze\u0144stwa nie przewiduje mechanizmu wsp\u00f3\u0142dzielenia broni j\u0105drowej na wz\u00f3r ameryka\u0144skiego Nuclear Sharing. Dla Polski i pozosta\u0142ych siedmiu pa\u0144stw oznacza to gwarancj\u0119 ochrony pod kierownictwem w\u0142adz francuskich, bez konieczno\u015bci dzielenia si\u0119 kontrol\u0105 nad decyzjami nuklearnymi.<\/p>\n\n\n\n<h2 class=\"wp-block-heading\">Geopolityczne zagro\u017cenia dla Europy<\/h2>\n\n\n\n<p>Jako najwa\u017cniejsze zagro\u017cenia Francja wskazuje ekspansjonistyczn\u0105 polityk\u0119 Rosji oraz trwaj\u0105c\u0105 wojn\u0119 na Ukrainie. Macron alarmuje, \u017ce Moskwa intensywnie rozwija nowoczesne systemy uzbrojenia, w tym pociski hipersoniczne i technologie j\u0105drowe, stanowi\u0105ce powa\u017cne zagro\u017cenie dla europejskiego bezpiecze\u0144stwa.<\/p>\n\n\n\n<p>Francuski przyw\u00f3dca zwr\u00f3ci\u0142 r\u00f3wnie\u017c uwag\u0119 na rosn\u0105c\u0105 pot\u0119g\u0119 militarn\u0105 Chin i zagro\u017cenia wynikaj\u0105ce z dzia\u0142alno\u015bci Korei P\u00f3\u0142nocnej. W obliczu tej zmieniaj\u0105cej si\u0119 sytuacji geopolitycznej mocarstwa j\u0105drowe musz\u0105 rozwija\u0107 zaawansowane systemy obronne zdolne do neutralizacji nowoczesnych \u015brodk\u00f3w ataku.<\/p>\n\n\n\n<figure class=\"wp-block-image\"><img decoding=\"async\" src=\"https:\/\/bystragrazyna.pl\/wp-content\/uploads\/2026\/03\/365.jpg\" alt=\"obrazek\"\/><\/figure>\n\n\n\n<p>Europa powinna by\u0107 gotowa na mo\u017cliwe konflikty i ataki rakietowe, dlatego te\u017c Francja proponuje budowanie wielowarstwowej tarczy obronnej opartej na integracji broni nuklearnej z nowoczesnym uzbrojeniem konwencjonalnym. Polska oraz pozosta\u0142e sojuszniczych pa\u0144stwa stanowi\u0107 b\u0119d\u0105 kluczowych partner\u00f3w w tego rodzaju wsp\u00f3\u0142pracy bezpiecze\u0144stwa.<\/p>\n","protected":false},"excerpt":{"rendered":"Premier Donald Tusk potwierdzi\u0142 za po\u015brednictwem medi\u00f3w spo\u0142eczno\u015bciowych, \u017ce Polska prowadzi rozmowy z Francj\u0105 dotycz\u0105ce uczestnictwa w zaawansowanym programie odstraszania nuklearnego. Ta informacja \n<a class=\"moretag\" href=\"https:\/\/swiat24.pl.ua\/?p=23591\"> [...]<\/a>","protected":false},"author":1,"featured_media":23592,"comment_status":"open","ping_status":"open","sticky":false,"template":"","format":"standard","meta":{"footnotes":""},"categories":[1],"tags":[],"class_list":["post-23591","post","type-post","status-publish","format-standard","has-post-thumbnail","hentry","category-blog"],"_links":{"self":[{"href":"https:\/\/swiat24.pl.ua\/index.php?rest_route=\/wp\/v2\/posts\/23591","targetHints":{"allow":["GET"]}}],"collection":[{"href":"https:\/\/swiat24.pl.ua\/index.php?rest_route=\/wp\/v2\/posts"}],"about":[{"href":"https:\/\/swiat24.pl.ua\/index.php?rest_route=\/wp\/v2\/types\/post"}],"author":[{"embeddable":true,"href":"https:\/\/swiat24.pl.ua\/index.php?rest_route=\/wp\/v2\/users\/1"}],"replies":[{"embeddable":true,"href":"https:\/\/swiat24.pl.ua\/index.php?rest_route=%2Fwp%2Fv2%2Fcomments&post=23591"}],"version-history":[{"count":1,"href":"https:\/\/swiat24.pl.ua\/index.php?rest_route=\/wp\/v2\/posts\/23591\/revisions"}],"predecessor-version":[{"id":23593,"href":"https:\/\/swiat24.pl.ua\/index.php?rest_route=\/wp\/v2\/posts\/23591\/revisions\/23593"}],"wp:featuredmedia":[{"embeddable":true,"href":"https:\/\/swiat24.pl.ua\/index.php?rest_route=\/wp\/v2\/media\/23592"}],"wp:attachment":[{"href":"https:\/\/swiat24.pl.ua\/index.php?rest_route=%2Fwp%2Fv2%2Fmedia&parent=23591"}],"wp:term":[{"taxonomy":"category","embeddable":true,"href":"https:\/\/swiat24.pl.ua\/index.php?rest_route=%2Fwp%2Fv2%2Fcategories&post=23591"},{"taxonomy":"post_tag","embeddable":true,"href":"https:\/\/swiat24.pl.ua\/index.php?rest_route=%2Fwp%2Fv2%2Ftags&post=23591"}],"curies":[{"name":"wp","href":"https:\/\/api.w.org\/{rel}","templated":true}]}}