{"id":23585,"date":"2026-03-08T15:28:19","date_gmt":"2026-03-08T15:28:19","guid":{"rendered":"https:\/\/swiat24.pl.ua\/?p=23585"},"modified":"2026-03-08T15:28:19","modified_gmt":"2026-03-08T15:28:19","slug":"czarne-chmury-nad-czarzastym-niebywale-czego-mial-sie-dopuscic","status":"publish","type":"post","link":"https:\/\/swiat24.pl.ua\/?p=23585","title":{"rendered":"Czarne chmury nad Czarzastym! Niebywa\u0142e czego mia\u0142 si\u0119 dopu\u015bci\u0107"},"content":{"rendered":"\n<p>Czy marsza\u0142ek Sejmu \u015bwiadomie pomin\u0105\u0142 istotne informacje dotycz\u0105ce swojej aktywno\u015bci, czy te\u017c mamy do czynienia z powa\u017cnym niedopatrzeniem formalnym?<\/p>\n\n\n\n<p>Najnowsze publikacje Rzeczpospolita oraz ustalenia Gazeta Polska kieruj\u0105 uwag\u0119 opinii publicznej na dzia\u0142ania W\u0142odzimierz Czarzasty i mog\u0105 wywo\u0142a\u0107 powa\u017cne reperkusje polityczne.<\/p>\n\n\n\n<p>Sprawa dotyczy uzupe\u0142nienia przez marsza\u0142ka rejestru korzy\u015bci o informacje dotycz\u0105ce jego cz\u0142onkostwa w radach dw\u00f3ch fundacji, czego mia\u0142 dokona\u0107 dopiero w po\u0142owie lutego.<\/p>\n\n\n\n<p>Wed\u0142ug medialnych doniesie\u0144 aktualizacja nast\u0105pi\u0142a po serii publikacji prasowych, co rodzi pytania o motywy i moment dokonania wpisu.<\/p>\n\n\n\n<p>Obowi\u0105zuj\u0105ce przepisy nak\u0142adaj\u0105 na parlamentarzyst\u00f3w obowi\u0105zek zg\u0142aszania takich informacji w terminie 30 dni od ich zaistnienia.<\/p>\n\n\n\n<p>Ewentualne op\u00f3\u017anienie mo\u017ce by\u0107 interpretowane nie tylko jako uchybienie formalne, lecz tak\u017ce jako mo\u017cliwe naruszenie ustawy o wykonywaniu mandatu pos\u0142a i senatora.<\/p>\n\n\n\n<p>Wpis mia\u0142 dotyczy\u0107 Rady Fundator\u00f3w Sojuszu Lewicy Demokratycznej oraz Rady Fundacji Wielkiego B\u0142\u0119kitu, kt\u00f3re wcze\u015bniej nie widnia\u0142y w rejestrze.<\/p>\n\n\n\n<p>Konsekwencje sprawy mog\u0105 wykracza\u0107 poza wizerunkowe straty, poniewa\u017c spraw\u0105 mo\u017ce zaj\u0105\u0107 si\u0119 sejmowa Komisja Etyki Poselskiej.<\/p>\n\n\n\n<p>W jej kompetencjach le\u017cy udzielenie upomnienia lub nagany, co w przypadku osoby pe\u0142ni\u0105cej funkcj\u0119 marsza\u0142ka mia\u0142oby powa\u017cny wyd\u017awi\u0119k polityczny.<\/p>\n\n\n\n<p>Prawo przewiduje r\u00f3wnie\u017c mo\u017cliwo\u015b\u0107 odpowiedzialno\u015bci karnej w sytuacji zatajenia prawdy w dokumentach sk\u0142adanych pod rygorem odpowiedzialno\u015bci.<\/p>\n\n\n\n<p>Rejestr korzy\u015bci ma bowiem zapobiega\u0107 konfliktom interes\u00f3w i zwi\u0119ksza\u0107 przejrzysto\u015b\u0107 \u017cycia publicznego.<\/p>\n\n\n\n<p>Dodatkowe kontrowersje wywo\u0142a\u0142 artyku\u0142 \u201eGazety Polskiej\u201d opisuj\u0105cy domniemane kontakty marsza\u0142ka ze Swiet\u0142an\u0105 Czestnych, zajmuj\u0105c\u0105 si\u0119 handlem dzie\u0142ami sztuki.<\/p>\n\n\n\n<p>Wed\u0142ug publikacji kobieta wsp\u00f3\u0142pracuje z domem aukcyjnym powi\u0105zanym z rosyjskim sektorem finansowym, co w obecnej sytuacji geopolitycznej budzi szczeg\u00f3lne emocje.<\/p>\n\n\n\n<p>Cho\u0107 Czarzasty odpiera sugestie o nieprawid\u0142owo\u015bciach, medialne doniesienia zwi\u0119kszy\u0142y presj\u0119 ze strony przeciwnik\u00f3w politycznych.<\/p>\n\n\n\n<p>Najpowa\u017cniejszy zarzut dotyczy jednak jego wcze\u015bniejszego udzia\u0142u w pracach sejmowej komisji do spraw s\u0142u\u017cb specjalnych bez przeprowadzenia procedury sprawdzaj\u0105cej przez Agencja Bezpiecze\u0144stwa Wewn\u0119trznego.<\/p>\n\n\n\n<p>Z informacji przywo\u0142ywanych przez \u201eRzeczpospolit\u0105\u201d wynika, \u017ce przez oko\u0142o dwa lata mia\u0142 dost\u0119p do wra\u017cliwych informacji pa\u0144stwowych bez formalnego certyfikatu bezpiecze\u0144stwa.<\/p>\n\n\n\n<p>Standardowa procedura weryfikacyjna obejmuje analiz\u0119 przesz\u0142o\u015bci, maj\u0105tku oraz relacji rodzinnych osoby ubiegaj\u0105cej si\u0119 o dost\u0119p do informacji niejawnych.<\/p>\n\n\n\n<p>Brak takiej kontroli rodzi pytania o skuteczno\u015b\u0107 mechanizm\u00f3w bezpiecze\u0144stwa w parlamencie.<\/p>\n\n\n\n<p>Zestawienie niepe\u0142nego rejestru korzy\u015bci z brakiem weryfikacji kontrwywiadowczej tworzy trudny do zignorowania kontekst polityczny.<\/p>\n\n\n\n<p>Marsza\u0142ek b\u0119dzie musia\u0142 szczeg\u00f3\u0142owo odnie\u015b\u0107 si\u0119 do stawianych zarzut\u00f3w, aby rozwia\u0107 w\u0105tpliwo\u015bci i odbudowa\u0107 zaufanie w\u015br\u00f3d opinii publicznej.<\/p>\n","protected":false},"excerpt":{"rendered":"Czy marsza\u0142ek Sejmu \u015bwiadomie pomin\u0105\u0142 istotne informacje dotycz\u0105ce swojej aktywno\u015bci, czy te\u017c mamy do czynienia z powa\u017cnym niedopatrzeniem formalnym? Najnowsze publikacje Rzeczpospolita oraz \n<a class=\"moretag\" href=\"https:\/\/swiat24.pl.ua\/?p=23585\"> [...]<\/a>","protected":false},"author":1,"featured_media":23586,"comment_status":"open","ping_status":"open","sticky":false,"template":"","format":"standard","meta":{"footnotes":""},"categories":[1],"tags":[],"class_list":["post-23585","post","type-post","status-publish","format-standard","has-post-thumbnail","hentry","category-blog"],"_links":{"self":[{"href":"https:\/\/swiat24.pl.ua\/index.php?rest_route=\/wp\/v2\/posts\/23585","targetHints":{"allow":["GET"]}}],"collection":[{"href":"https:\/\/swiat24.pl.ua\/index.php?rest_route=\/wp\/v2\/posts"}],"about":[{"href":"https:\/\/swiat24.pl.ua\/index.php?rest_route=\/wp\/v2\/types\/post"}],"author":[{"embeddable":true,"href":"https:\/\/swiat24.pl.ua\/index.php?rest_route=\/wp\/v2\/users\/1"}],"replies":[{"embeddable":true,"href":"https:\/\/swiat24.pl.ua\/index.php?rest_route=%2Fwp%2Fv2%2Fcomments&post=23585"}],"version-history":[{"count":1,"href":"https:\/\/swiat24.pl.ua\/index.php?rest_route=\/wp\/v2\/posts\/23585\/revisions"}],"predecessor-version":[{"id":23587,"href":"https:\/\/swiat24.pl.ua\/index.php?rest_route=\/wp\/v2\/posts\/23585\/revisions\/23587"}],"wp:featuredmedia":[{"embeddable":true,"href":"https:\/\/swiat24.pl.ua\/index.php?rest_route=\/wp\/v2\/media\/23586"}],"wp:attachment":[{"href":"https:\/\/swiat24.pl.ua\/index.php?rest_route=%2Fwp%2Fv2%2Fmedia&parent=23585"}],"wp:term":[{"taxonomy":"category","embeddable":true,"href":"https:\/\/swiat24.pl.ua\/index.php?rest_route=%2Fwp%2Fv2%2Fcategories&post=23585"},{"taxonomy":"post_tag","embeddable":true,"href":"https:\/\/swiat24.pl.ua\/index.php?rest_route=%2Fwp%2Fv2%2Ftags&post=23585"}],"curies":[{"name":"wp","href":"https:\/\/api.w.org\/{rel}","templated":true}]}}