{"id":23561,"date":"2026-03-08T14:37:36","date_gmt":"2026-03-08T14:37:36","guid":{"rendered":"https:\/\/swiat24.pl.ua\/?p=23561"},"modified":"2026-03-08T14:37:36","modified_gmt":"2026-03-08T14:37:36","slug":"tragiczny-final-poszukiwan-nie-zyje-aktorka-z-na-wspolnej","status":"publish","type":"post","link":"https:\/\/swiat24.pl.ua\/?p=23561","title":{"rendered":"Tragiczny fina\u0142 poszukiwa\u0144. Nie \u017cyje aktorka z \u201eNa Wsp\u00f3lnej\u201d"},"content":{"rendered":"\n<p>Nie \u017cyje Magdalena Majtyka, 41-letnia aktorka znana widzom z wielu popularnych produkcji telewizyjnych.<\/p>\n\n\n\n<p>Tragiczne informacje zosta\u0142y potwierdzone przez policj\u0119 po zako\u0144czeniu intensywnych dzia\u0142a\u0144 poszukiwawczych, kt\u00f3re od rana \u015bledzi\u0142a ca\u0142a Polska.<\/p>\n\n\n\n<p>Cia\u0142o kobiety odnaleziono na terenie Biskupic O\u0142awskich.<\/p>\n\n\n\n<p>Jeszcze kilka godzin wcze\u015bniej media informowa\u0142y o jej zagini\u0119ciu, a bliscy \u2013 w tym m\u0105\u017c aktorki \u2013 apelowali publicznie o pomoc w ustaleniu miejsca jej pobytu.<\/p>\n\n\n\n<p>Niestety potwierdzi\u0142 si\u0119 najczarniejszy scenariusz.<\/p>\n\n\n\n<p>Informacja o zagini\u0119ciu bardzo szybko obieg\u0142a og\u00f3lnopolskie portale i media spo\u0142eczno\u015bciowe.<\/p>\n\n\n\n<p>W\u015br\u00f3d fan\u00f3w i \u015brodowiska filmowego pojawi\u0142 si\u0119 ogromny niepok\u00f3j, poniewa\u017c aktorka by\u0142a osob\u0105 aktywn\u0105 zawodowo i utrzymuj\u0105c\u0105 sta\u0142y kontakt z rodzin\u0105.<\/p>\n\n\n\n<p>Zagini\u0119cie potwierdzi\u0142a policja, kt\u00f3ra natychmiast rozpocz\u0119\u0142a dzia\u0142ania poszukiwawcze.<\/p>\n\n\n\n<p>Funkcjonariusze apelowali do wszystkich, kt\u00f3rzy mogli posiada\u0107 jakiekolwiek informacje, o pilny kontakt ze s\u0142u\u017cbami.<\/p>\n\n\n\n<p>Poruszaj\u0105cy apel opublikowa\u0142 r\u00f3wnie\u017c m\u0105\u017c aktorki, prosz\u0105c o ka\u017cd\u0105 wskaz\u00f3wk\u0119 mog\u0105c\u0105 pom\u00f3c w odnalezieniu \u017cony.<\/p>\n\n\n\n<p>Rodzina podkre\u015bla\u0142a, \u017ce sytuacja jest ca\u0142kowicie niepodobna do niej i budzi ogromne obawy.<\/p>\n\n\n\n<p>Z ustale\u0144 bliskich oraz s\u0142u\u017cb wynika, \u017ce Magdalena Majtyka po raz ostatni by\u0142a widziana 4 marca 2026 roku.<\/p>\n\n\n\n<p>Oko\u0142o godziny 8:00 rano wysz\u0142a ze swojego mieszkania przy ulicy Iwaszkiewicza we Wroc\u0142awiu i wsiad\u0142a do granatowego Opla Corsy.<\/p>\n\n\n\n<p>Tego dnia dotar\u0142a do pracy, a nast\u0119pnie uda\u0142a si\u0119 na wcze\u015bniej zaplanowan\u0105 wizyt\u0119 u stomatologa.<\/p>\n\n\n\n<p>Po po\u0142udniu, oko\u0142o godziny 16:39, skontaktowa\u0142a si\u0119 z rodzin\u0105.<\/p>\n\n\n\n<p>W rozmowie przekaza\u0142a, \u017ce spotka\u0142a dawn\u0105 kole\u017cank\u0119 z liceum i planuje pojecha\u0107 do Sulimowa, gdzie zamierza sp\u0119dzi\u0107 z ni\u0105 troch\u0119 czasu, a by\u0107 mo\u017ce nawet zosta\u0107 na noc.<\/p>\n\n\n\n<p>Dane z logowania telefonu potwierdzi\u0142y, \u017ce rzeczywi\u015bcie przebywa\u0142a w tamtej okolicy.<\/p>\n\n\n\n<p>P\u00f3\u017anym wieczorem dosz\u0142o jednak do niepokoj\u0105cego zwrotu akcji.<\/p>\n\n\n\n<p>Oko\u0142o godziny 21:25 jej telefon na kr\u00f3tko zalogowa\u0142 si\u0119 ponownie we Wroc\u0142awiu, w rejonie ulicy Karkonoskiej.<\/p>\n\n\n\n<p>Od tego momentu kontakt z aktork\u0105 ca\u0142kowicie si\u0119 urwa\u0142, a urz\u0105dzenie zosta\u0142o wy\u0142\u0105czone.<\/p>\n\n\n\n<p>Bliscy podkre\u015blali, \u017ce dodatkowym powodem do niepokoju by\u0142 fakt, i\u017c kobieta powinna regularnie przyjmowa\u0107 leki, kt\u00f3rych \u2013 jak ustalono \u2013 nie mia\u0142a przy sobie.<\/p>\n\n\n\n<p>W trakcie poszukiwa\u0144 pojawi\u0142y si\u0119 kolejne, bardzo niepokoj\u0105ce informacje.<\/p>\n\n\n\n<p>W okolicach Biskupic O\u0142awskich, niedaleko Jelcza-Laskowic, odnaleziono rozbitego Opla Cors\u0119, kt\u00f3rym porusza\u0142a si\u0119 aktorka.<\/p>\n\n\n\n<p>W samochodzie nie by\u0142o nikogo.<\/p>\n\n\n\n<p>Na miejscu natychmiast rozpocz\u0119to szeroko zakrojon\u0105 akcj\u0119 s\u0142u\u017cb.<\/p>\n\n\n\n<p>Policjanci i stra\u017cacy przeszukiwali pobliskie lasy oraz okoliczne tereny, staraj\u0105c si\u0119 odnale\u017a\u0107 jakikolwiek \u015blad zaginionej.<\/p>\n\n\n\n<p>Po kilku godzinach od odnalezienia pojazdu policja przekaza\u0142a tragiczny komunikat.<\/p>\n\n\n\n<p>Potwierdzono, \u017ce zaginiona 41-letnia Magdalena Majtyka nie \u017cyje.<\/p>\n\n\n\n<p>Jej cia\u0142o zosta\u0142o odnalezione tego samego dnia na terenie Biskupic O\u0142awskich.<\/p>\n\n\n\n<p>Na miejscu prowadzone s\u0105 czynno\u015bci pod nadzorem prokuratury.<\/p>\n\n\n\n<p>\u015aledztwo ma wyja\u015bni\u0107 wszystkie okoliczno\u015bci zdarzenia oraz przyczyny \u015bmierci aktorki.<\/p>\n\n\n\n<p>S\u0142u\u017cby z\u0142o\u017cy\u0142y kondolencje rodzinie i bliskim.<\/p>\n\n\n\n<p>Magdalena Majtyka mia\u0142a 41 lat.<\/p>\n\n\n\n<p>Aktorka by\u0142a rozpoznawaln\u0105 twarz\u0105 wielu polskich seriali emitowanych w og\u00f3lnokrajowych stacjach telewizyjnych.<\/p>\n\n\n\n<p>Opr\u00f3cz pracy na planie serialowym bra\u0142a udzia\u0142 w produkcjach filmowych oraz kampaniach reklamowych.<\/p>\n\n\n\n<p>Niewiele os\u00f3b wiedzia\u0142o, \u017ce pracowa\u0142a r\u00f3wnie\u017c jako kaskaderka, co \u015bwiadczy\u0142o o jej wszechstronno\u015bci i odwadze zawodowej.<\/p>\n\n\n\n<p>Jej nag\u0142e zagini\u0119cie i tragiczny fina\u0142 wstrz\u0105sn\u0119\u0142y opini\u0105 publiczn\u0105.<\/p>\n\n\n\n<p>Rodzina podkre\u015bla, \u017ce nigdy wcze\u015bniej nie znika\u0142a bez kontaktu i zawsze informowa\u0142a bliskich o swoich planach.<\/p>\n\n\n\n<p>Teraz \u015bledczy b\u0119d\u0105 szczeg\u00f3\u0142owo analizowa\u0107 ka\u017cdy element tej historii, aby odpowiedzie\u0107 na pytanie, co wydarzy\u0142o si\u0119 tamtego dnia i doprowadzi\u0142o do tej tragedii.<\/p>\n","protected":false},"excerpt":{"rendered":"Nie \u017cyje Magdalena Majtyka, 41-letnia aktorka znana widzom z wielu popularnych produkcji telewizyjnych. Tragiczne informacje zosta\u0142y potwierdzone przez policj\u0119 po zako\u0144czeniu intensywnych dzia\u0142a\u0144 \n<a class=\"moretag\" href=\"https:\/\/swiat24.pl.ua\/?p=23561\"> [...]<\/a>","protected":false},"author":1,"featured_media":23562,"comment_status":"open","ping_status":"open","sticky":false,"template":"","format":"standard","meta":{"footnotes":""},"categories":[1],"tags":[],"class_list":["post-23561","post","type-post","status-publish","format-standard","has-post-thumbnail","hentry","category-blog"],"_links":{"self":[{"href":"https:\/\/swiat24.pl.ua\/index.php?rest_route=\/wp\/v2\/posts\/23561","targetHints":{"allow":["GET"]}}],"collection":[{"href":"https:\/\/swiat24.pl.ua\/index.php?rest_route=\/wp\/v2\/posts"}],"about":[{"href":"https:\/\/swiat24.pl.ua\/index.php?rest_route=\/wp\/v2\/types\/post"}],"author":[{"embeddable":true,"href":"https:\/\/swiat24.pl.ua\/index.php?rest_route=\/wp\/v2\/users\/1"}],"replies":[{"embeddable":true,"href":"https:\/\/swiat24.pl.ua\/index.php?rest_route=%2Fwp%2Fv2%2Fcomments&post=23561"}],"version-history":[{"count":1,"href":"https:\/\/swiat24.pl.ua\/index.php?rest_route=\/wp\/v2\/posts\/23561\/revisions"}],"predecessor-version":[{"id":23563,"href":"https:\/\/swiat24.pl.ua\/index.php?rest_route=\/wp\/v2\/posts\/23561\/revisions\/23563"}],"wp:featuredmedia":[{"embeddable":true,"href":"https:\/\/swiat24.pl.ua\/index.php?rest_route=\/wp\/v2\/media\/23562"}],"wp:attachment":[{"href":"https:\/\/swiat24.pl.ua\/index.php?rest_route=%2Fwp%2Fv2%2Fmedia&parent=23561"}],"wp:term":[{"taxonomy":"category","embeddable":true,"href":"https:\/\/swiat24.pl.ua\/index.php?rest_route=%2Fwp%2Fv2%2Fcategories&post=23561"},{"taxonomy":"post_tag","embeddable":true,"href":"https:\/\/swiat24.pl.ua\/index.php?rest_route=%2Fwp%2Fv2%2Ftags&post=23561"}],"curies":[{"name":"wp","href":"https:\/\/api.w.org\/{rel}","templated":true}]}}