{"id":23520,"date":"2026-03-07T12:53:21","date_gmt":"2026-03-07T12:53:21","guid":{"rendered":"https:\/\/swiat24.pl.ua\/?p=23520"},"modified":"2026-03-07T12:53:21","modified_gmt":"2026-03-07T12:53:21","slug":"rosja-krytykuje-atak-na-iran-naruszono-prawo-miedzynarodowe","status":"publish","type":"post","link":"https:\/\/swiat24.pl.ua\/?p=23520","title":{"rendered":"Rosja krytykuje atak na Iran. \u201eNaruszono prawo mi\u0119dzynarodowe\u201d"},"content":{"rendered":"\n<p>Ostatni atak USA i Izraela na Iran spotka\u0142 si\u0119 z ostr\u0105 reakcj\u0105 Moskwy, kt\u00f3ra podkre\u015bli\u0142a konieczno\u015b\u0107 natychmiastowego zako\u0144czenia dzia\u0142a\u0144 wojennych.<\/p>\n\n\n\n<p> Wzrost napi\u0119\u0107 na Bliskim Wschodzie tworzy t\u0142o dla oficjalnej wypowiedzi Rosji, kt\u00f3ra wraz z Bia\u0142orusi\u0105 nawo\u0142uje do powstrzymania dalszej eskalacji konfliktu w rejonie Zatoki Perskiej.<\/p>\n\n\n\n<h2 class=\"wp-block-heading\">Dyplomatyczne rozmowy Rosji i Iranu w cieniu kryzysu<\/h2>\n\n\n\n<p>Zgodnie z informacjami\u00a0<strong>Ministerstwa Spraw Zagranicznych Rosji<\/strong>, minister Siergiej \u0141awrow odby\u0142 rozmow\u0119 z ira\u0144skim szefem dyplomacji Abbasem Araghchim. <\/p>\n\n\n\n<p>Podczas spotkania Teheran przedstawi\u0142 szczeg\u00f3\u0142y dzia\u0142a\u0144 maj\u0105cych na celu odparcie agresji Stan\u00f3w Zjednoczonych oraz Izraela. Moskwa wskaza\u0142a, \u017ce te ataki\u00a0<em>\u201epo raz kolejny zak\u0142\u00f3ci\u0142y negocjacje dotycz\u0105ce pokojowego rozwi\u0105zania kwestii ira\u0144skiego programu nuklearnego\u201d<\/em>. Jednocze\u015bnie podkre\u015blono, \u017ce dyplomacja jest jedyn\u0105 drog\u0105 w obliczu narastaj\u0105cego napi\u0119cia w regionie.<\/p>\n\n\n\n<p>Dodatkowo poinformowano, \u017ce Iran planuje pilne zwo\u0142anie&nbsp;<strong>Rady Bezpiecze\u0144stwa ONZ<\/strong>, co \u015bwiadczy o kluczowym znaczeniu mi\u0119dzynarodowych instytucji dla zapewnienia bezpiecze\u0144stwa w regionie.<\/p>\n\n\n\n<figure class=\"wp-block-image\"><img decoding=\"async\" src=\"https:\/\/czu.pl\/wp-content\/uploads\/2026\/02\/299.jpg\" alt=\"obrazek\"\/><\/figure>\n\n\n\n<h2 class=\"wp-block-heading\">\u0141awrow pot\u0119pia atak Stan\u00f3w Zjednoczonych i Izraela<\/h2>\n\n\n\n<p>Siergiej \u0141awrow jasno okre\u015bli\u0142 ostatni incydent jako&nbsp;<em>\u201eniesprowokowany atak zbrojny USA i Izraela na Iran, \u0142ami\u0105cy zasady prawa mi\u0119dzynarodowego\u201d<\/em>. Minister zwr\u00f3ci\u0142 uwag\u0119, \u017ce Stany Zjednoczone&nbsp;<strong>\u201eignoruj\u0105 powa\u017cne konsekwencje dla stabilno\u015bci regionalnej i bezpiecze\u0144stwa \u015bwiatowego\u201d<\/strong>, co niesie ryzyko dalszej destabilizacji Bliskiego Wschodu.<\/p>\n\n\n\n<p>Rosyjski minister podkre\u015bli\u0142 piln\u0105 potrzeb\u0119&nbsp;<strong>zako\u0144czenia atak\u00f3w<\/strong>&nbsp;i powrotu do dialogu politycznego oraz negocjacji. Moskwa zadeklarowa\u0142a gotowo\u015b\u0107 do aktywnego promowania pokojowych rozwi\u0105za\u0144, kieruj\u0105c si\u0119 prawem mi\u0119dzynarodowym, wzajemnym szacunkiem oraz r\u00f3wnowag\u0105 interes\u00f3w, tak\u017ce w ramach dzia\u0142a\u0144 Rady Bezpiecze\u0144stwa ONZ.<\/p>\n\n\n\n<h2 class=\"wp-block-heading\">Bia\u0142oru\u015b apeluje o deeskalacj\u0119 w Zatoce Perskiej<\/h2>\n\n\n\n<p>W obliczu eskalacji napi\u0119\u0107&nbsp;<strong>Ministerstwo Spraw Zagranicznych Bia\u0142orusi<\/strong>&nbsp;wyrazi\u0142o g\u0142\u0119bokie zaniepokojenie wzrostem konfliktu mi\u0119dzy Iranem a Izraelem, kt\u00f3ry ma powa\u017cne implikacje dla ca\u0142ego regionu Zatoki Perskiej.<\/p>\n\n\n\n<p>Bia\u0142oru\u015b wezwa\u0142a wszystkie zainteresowane strony do&nbsp;<strong>zaprzestania niebezpiecznej konfrontacji<\/strong>&nbsp;i powrotu do rozwi\u0105zywania spor\u00f3w na drodze politycznej oraz dyplomatycznej.<\/p>\n\n\n\n<blockquote class=\"wp-block-quote is-layout-flow wp-block-quote-is-layout-flow\">\n<p>\u201eJeste\u015bmy g\u0142\u0119boko zaniepokojeni eskalacj\u0105 napi\u0119\u0107 mi\u0119dzy Izraelem a Iranem, kt\u00f3re wp\u0142ywaj\u0105 na bezpiecze\u0144stwo ca\u0142ego regionu.\u201d \u2013 Ministerstwo Spraw Zagranicznych Bia\u0142orusi<\/p>\n<\/blockquote>\n\n\n\n<p>Apel ten wpisuje si\u0119 w szerszy kontekst mi\u0119dzynarodowych wysi\u0142k\u00f3w na rzecz stabilizacji Bliskiego Wschodu, gdzie ka\u017cdy konflikt niesie ryzyko nieprzewidywalnych reakcji ze strony r\u00f3\u017cnych pa\u0144stw i organizacji.<\/p>\n","protected":false},"excerpt":{"rendered":"Ostatni atak USA i Izraela na Iran spotka\u0142 si\u0119 z ostr\u0105 reakcj\u0105 Moskwy, kt\u00f3ra podkre\u015bli\u0142a konieczno\u015b\u0107 natychmiastowego zako\u0144czenia dzia\u0142a\u0144 wojennych. Wzrost napi\u0119\u0107 na \n<a class=\"moretag\" href=\"https:\/\/swiat24.pl.ua\/?p=23520\"> [...]<\/a>","protected":false},"author":1,"featured_media":23521,"comment_status":"open","ping_status":"open","sticky":false,"template":"","format":"standard","meta":{"footnotes":""},"categories":[1],"tags":[],"class_list":["post-23520","post","type-post","status-publish","format-standard","has-post-thumbnail","hentry","category-blog"],"_links":{"self":[{"href":"https:\/\/swiat24.pl.ua\/index.php?rest_route=\/wp\/v2\/posts\/23520","targetHints":{"allow":["GET"]}}],"collection":[{"href":"https:\/\/swiat24.pl.ua\/index.php?rest_route=\/wp\/v2\/posts"}],"about":[{"href":"https:\/\/swiat24.pl.ua\/index.php?rest_route=\/wp\/v2\/types\/post"}],"author":[{"embeddable":true,"href":"https:\/\/swiat24.pl.ua\/index.php?rest_route=\/wp\/v2\/users\/1"}],"replies":[{"embeddable":true,"href":"https:\/\/swiat24.pl.ua\/index.php?rest_route=%2Fwp%2Fv2%2Fcomments&post=23520"}],"version-history":[{"count":1,"href":"https:\/\/swiat24.pl.ua\/index.php?rest_route=\/wp\/v2\/posts\/23520\/revisions"}],"predecessor-version":[{"id":23522,"href":"https:\/\/swiat24.pl.ua\/index.php?rest_route=\/wp\/v2\/posts\/23520\/revisions\/23522"}],"wp:featuredmedia":[{"embeddable":true,"href":"https:\/\/swiat24.pl.ua\/index.php?rest_route=\/wp\/v2\/media\/23521"}],"wp:attachment":[{"href":"https:\/\/swiat24.pl.ua\/index.php?rest_route=%2Fwp%2Fv2%2Fmedia&parent=23520"}],"wp:term":[{"taxonomy":"category","embeddable":true,"href":"https:\/\/swiat24.pl.ua\/index.php?rest_route=%2Fwp%2Fv2%2Fcategories&post=23520"},{"taxonomy":"post_tag","embeddable":true,"href":"https:\/\/swiat24.pl.ua\/index.php?rest_route=%2Fwp%2Fv2%2Ftags&post=23520"}],"curies":[{"name":"wp","href":"https:\/\/api.w.org\/{rel}","templated":true}]}}