{"id":23517,"date":"2026-03-07T12:38:39","date_gmt":"2026-03-07T12:38:39","guid":{"rendered":"https:\/\/swiat24.pl.ua\/?p=23517"},"modified":"2026-03-07T12:38:39","modified_gmt":"2026-03-07T12:38:39","slug":"jesli-widzisz-kraty-okienne-z-zakrzywieniem-u-dolu-oto-co-to-oznacza-2","status":"publish","type":"post","link":"https:\/\/swiat24.pl.ua\/?p=23517","title":{"rendered":"Je\u015bli widzisz kraty okienne z zakrzywieniem u do\u0142u, oto co to oznacza"},"content":{"rendered":"\n<p><strong>Dlaczego niekt\u00f3re kraty okienne wybrzuszaj\u0105 si\u0119 na zewn\u0105trz?<\/strong><\/p>\n\n\n\n<p>Je\u015bli kiedykolwiek zauwa\u017cy\u0142e\u015b kraty w oknach wygi\u0119te na zewn\u0105trz niczym brzuch, to nie by\u0142 to po prostu dziwaczny wz\u00f3r \u2014 te \u201ebrzuchate\u201d kraty maj\u0105 r\u00f3wnie\u017c praktyczne zastosowanie.<\/p>\n\n\n\n<p>Pierwotnie kraty w oknach montowano po to, by zapewni\u0107 bezpiecze\u0144stwo w domu, a jednocze\u015bnie umo\u017cliwi\u0107 przep\u0142yw powietrza. Z czasem ludzie odkryli, \u017ce wyginaj\u0105c kraty na zewn\u0105trz, mo\u017cna uzyska\u0107 dodatkow\u0105 przestrze\u0144 \u2013 rodzaj mini-balkonu ukrytego pod \u017celazn\u0105 ram\u0105.<\/p>\n\n\n\n<p>Dzi\u0119ki temu projektowi mieszka\u0144cy mog\u0105 ustawia\u0107 doniczki z kwiatami, przechowywa\u0107 drobne przedmioty lub po prostu cieszy\u0107 si\u0119 wi\u0119ksz\u0105 przestrzeni\u0105 wentylacyjn\u0105 bez nara\u017cania bezpiecze\u0144stwa. W g\u0119sto zabudowanych dzielnicach, zw\u0142aszcza w niekt\u00f3rych cz\u0119\u015bciach Europy, Ameryki \u0141aci\u0144skiej i Bliskiego Wschodu, te zakrzywione kraty sta\u0142y si\u0119 zar\u00f3wno \u015brodkiem bezpiecze\u0144stwa, jak i elementem estetyki kulturowej.<\/p>\n\n\n\n<p>Wi\u0119c nast\u0119pnym razem, gdy zobaczysz te wybrzuszone kraty, pami\u0119taj, \u017ce to co\u015b wi\u0119cej ni\u017c tylko element stylu \u2014 to sprytne po\u0142\u0105czenie u\u017cyteczno\u015bci, tradycji i architektonicznego uroku.<\/p>\n","protected":false},"excerpt":{"rendered":"Dlaczego niekt\u00f3re kraty okienne wybrzuszaj\u0105 si\u0119 na zewn\u0105trz? Je\u015bli kiedykolwiek zauwa\u017cy\u0142e\u015b kraty w oknach wygi\u0119te na zewn\u0105trz niczym brzuch, to nie by\u0142 to \n<a class=\"moretag\" href=\"https:\/\/swiat24.pl.ua\/?p=23517\"> [...]<\/a>","protected":false},"author":1,"featured_media":23518,"comment_status":"open","ping_status":"open","sticky":false,"template":"","format":"standard","meta":{"footnotes":""},"categories":[1],"tags":[],"class_list":["post-23517","post","type-post","status-publish","format-standard","has-post-thumbnail","hentry","category-blog"],"_links":{"self":[{"href":"https:\/\/swiat24.pl.ua\/index.php?rest_route=\/wp\/v2\/posts\/23517","targetHints":{"allow":["GET"]}}],"collection":[{"href":"https:\/\/swiat24.pl.ua\/index.php?rest_route=\/wp\/v2\/posts"}],"about":[{"href":"https:\/\/swiat24.pl.ua\/index.php?rest_route=\/wp\/v2\/types\/post"}],"author":[{"embeddable":true,"href":"https:\/\/swiat24.pl.ua\/index.php?rest_route=\/wp\/v2\/users\/1"}],"replies":[{"embeddable":true,"href":"https:\/\/swiat24.pl.ua\/index.php?rest_route=%2Fwp%2Fv2%2Fcomments&post=23517"}],"version-history":[{"count":1,"href":"https:\/\/swiat24.pl.ua\/index.php?rest_route=\/wp\/v2\/posts\/23517\/revisions"}],"predecessor-version":[{"id":23519,"href":"https:\/\/swiat24.pl.ua\/index.php?rest_route=\/wp\/v2\/posts\/23517\/revisions\/23519"}],"wp:featuredmedia":[{"embeddable":true,"href":"https:\/\/swiat24.pl.ua\/index.php?rest_route=\/wp\/v2\/media\/23518"}],"wp:attachment":[{"href":"https:\/\/swiat24.pl.ua\/index.php?rest_route=%2Fwp%2Fv2%2Fmedia&parent=23517"}],"wp:term":[{"taxonomy":"category","embeddable":true,"href":"https:\/\/swiat24.pl.ua\/index.php?rest_route=%2Fwp%2Fv2%2Fcategories&post=23517"},{"taxonomy":"post_tag","embeddable":true,"href":"https:\/\/swiat24.pl.ua\/index.php?rest_route=%2Fwp%2Fv2%2Ftags&post=23517"}],"curies":[{"name":"wp","href":"https:\/\/api.w.org\/{rel}","templated":true}]}}