{"id":23508,"date":"2026-03-07T12:15:17","date_gmt":"2026-03-07T12:15:17","guid":{"rendered":"https:\/\/swiat24.pl.ua\/?p=23508"},"modified":"2026-03-07T12:15:17","modified_gmt":"2026-03-07T12:15:17","slug":"sprawa-maddie-mccann-16-lat-po-zaginieciu-dziewczynki-ludzie-w-koncu-zaczynaja-o-niej-mowic","status":"publish","type":"post","link":"https:\/\/swiat24.pl.ua\/?p=23508","title":{"rendered":"Sprawa Maddie McCann: 16 lat po zagini\u0119ciu dziewczynki ludzie w ko\u0144cu zaczynaj\u0105 o niej m\u00f3wi\u0107."},"content":{"rendered":"\n<p>Sprawa Maddie McCann w\u0142a\u015bnie nabra\u0142a nowego rozp\u0119du. Portugalska policja ujawni\u0142a ostatnio kilka zdumiewaj\u0105cych informacji.<\/p>\n\n\n\n<p>Sprawa Maddie McCann to jedna z najbardziej szokuj\u0105cych historii zagini\u0119cia, jakie \u015bwiat widzia\u0142 od lat. Dziewczynka zagin\u0119\u0142a w maju 2007 roku podczas wakacji z rodzicami, Kate i Gerrym McCann , w Praia da Luz w Portugalii. Mia\u0142a zaledwie trzy lata i pomimo wysi\u0142k\u00f3w policji nigdy jej nie odnaleziono.<\/p>\n\n\n\n<p>Rodzice zostawili Maddie McCann z m\u0142odszym bratem i siostr\u0105 w swoim mieszkaniu, gdy wyszli na kolacj\u0119 z przyjaci\u00f3\u0142mi. To Kate McCann odkry\u0142a zagini\u0119cie c\u00f3rki oko\u0142o godziny 22:00 12 maja 2007 roku. Posz\u0142a do mieszkania sprawdzi\u0107, czy dzieci \u015bpi\u0105 i zauwa\u017cy\u0142a, \u017ce \u200b\u200b\u0142\u00f3\u017cko Madeleine McCann jest puste .<\/p>\n\n\n\n<p>Portugalska policja wyda\u0142a zaskakuj\u0105ce o\u015bwiadczenie w sprawie Maddie McCann<br>Policja przez kilka lat nieustannie prowadzi\u0142a \u015bledztwo w sprawie Maddie McCann. Brano pod uwag\u0119 kilka os\u00f3b podejrzanych, w tym matk\u0119 dziewczynki. W \u015bledztwie uczestniczy\u0142y nawet brytyjskie i niemieckie s\u0142u\u017cby policyjne, podejrzewaj\u0105c, \u017ce porywacz mo\u017ce przebywa\u0107 na terenie ich kraju.<\/p>\n\n\n\n<p>Maddie McCann nadal jest zaginiona . Portugalska policja podobno z\u0142o\u017cy\u0142a rodzicom Madeleine McCann zaskakuj\u0105ce o\u015bwiadczenie. Wed\u0142ug programu BBC \u201ePanorama\u201d , delegacja wysokich rang\u0105 funkcjonariuszy portugalskiej policji uda\u0142a si\u0119 do Londynu na pocz\u0105tku tego roku. Tam spotkali si\u0119 z Gerrym McCannem i przeprosili ojca dziewczynki, kt\u00f3ra zagin\u0119\u0142a w 2007 roku .<\/p>\n\n\n\n<figure class=\"wp-block-embed is-type-video is-provider-youtube wp-block-embed-youtube wp-embed-aspect-16-9 wp-has-aspect-ratio\"><div class=\"wp-block-embed__wrapper\">\n<iframe loading=\"lazy\" title=\"Affaire Maddie McCann : pourquoi de nouvelles fouilles ont \u00e9t\u00e9 lanc\u00e9es pr\u00e8s d&#039;un barrage au Portugal\" width=\"747\" height=\"420\" src=\"https:\/\/www.youtube.com\/embed\/b6kw5CrLqfY?feature=oembed\" frameborder=\"0\" allow=\"accelerometer; autoplay; clipboard-write; encrypted-media; gyroscope; picture-in-picture; web-share\" referrerpolicy=\"strict-origin-when-cross-origin\" allowfullscreen><\/iframe>\n<\/div><\/figure>\n\n\n\n<p>Maddie McCann: \u015bledztwo w sprawie zagini\u0119cia osoby, kt\u00f3re rzekomo nie zosta\u0142o przeprowadzone prawid\u0142owo<br>Jak ujawni\u0142o BBC, portugalska policja przyzna\u0142a, \u017ce \u200b\u200bwst\u0119pne \u015bledztwo nie zosta\u0142o przeprowadzone prawid\u0142owo i \u017ce funkcjonariusze nie po\u015bwi\u0119cili zagini\u0119ciu wystarczaj\u0105cej uwagi. Co wi\u0119cej, funkcjonariusze rzekomo nie wzi\u0119li pod uwag\u0119 faktu, \u017ce rodzina McCann jest obcokrajowcem w Portugalii.<\/p>\n\n\n\n<p>Na pocz\u0105tku \u015bledztwa portugalska policja natychmiast uzna\u0142a oboje rodzic\u00f3w McCann\u00f3w za \u201earguidos \u201d, czyli podejrzanych . I chocia\u017c zamkn\u0119li spraw\u0119 w 2008 roku, przez lata podejrzewali rodzic\u00f3w. Wed\u0142ug BBC, policja przeprosi\u0142a dopiero kilka dni temu.<\/p>\n\n\n\n<blockquote class=\"twitter-tweet\" data-media-max-width=\"560\"><p lang=\"fr\" dir=\"ltr\">Affaire Maddie McCann : le suspect principal aurait pris des photos de la fillette <a href=\"https:\/\/t.co\/3zSryGY8h4\">https:\/\/t.co\/3zSryGY8h4<\/a> <a href=\"https:\/\/t.co\/Hd7OaZFxCn\">pic.twitter.com\/Hd7OaZFxCn<\/a><\/p>&mdash; Le Soir (@lesoir) <a href=\"https:\/\/twitter.com\/lesoir\/status\/1720839519958659192?ref_src=twsrc%5Etfw\">November 4, 2023<\/a><\/blockquote> <script async src=\"https:\/\/platform.twitter.com\/widgets.js\" charset=\"utf-8\"><\/script>\n\n\n\n<p><\/p>\n","protected":false},"excerpt":{"rendered":"Sprawa Maddie McCann w\u0142a\u015bnie nabra\u0142a nowego rozp\u0119du. Portugalska policja ujawni\u0142a ostatnio kilka zdumiewaj\u0105cych informacji. Sprawa Maddie McCann to jedna z najbardziej szokuj\u0105cych historii \n<a class=\"moretag\" href=\"https:\/\/swiat24.pl.ua\/?p=23508\"> [...]<\/a>","protected":false},"author":1,"featured_media":23509,"comment_status":"open","ping_status":"open","sticky":false,"template":"","format":"standard","meta":{"footnotes":""},"categories":[1],"tags":[],"class_list":["post-23508","post","type-post","status-publish","format-standard","has-post-thumbnail","hentry","category-blog"],"_links":{"self":[{"href":"https:\/\/swiat24.pl.ua\/index.php?rest_route=\/wp\/v2\/posts\/23508","targetHints":{"allow":["GET"]}}],"collection":[{"href":"https:\/\/swiat24.pl.ua\/index.php?rest_route=\/wp\/v2\/posts"}],"about":[{"href":"https:\/\/swiat24.pl.ua\/index.php?rest_route=\/wp\/v2\/types\/post"}],"author":[{"embeddable":true,"href":"https:\/\/swiat24.pl.ua\/index.php?rest_route=\/wp\/v2\/users\/1"}],"replies":[{"embeddable":true,"href":"https:\/\/swiat24.pl.ua\/index.php?rest_route=%2Fwp%2Fv2%2Fcomments&post=23508"}],"version-history":[{"count":1,"href":"https:\/\/swiat24.pl.ua\/index.php?rest_route=\/wp\/v2\/posts\/23508\/revisions"}],"predecessor-version":[{"id":23510,"href":"https:\/\/swiat24.pl.ua\/index.php?rest_route=\/wp\/v2\/posts\/23508\/revisions\/23510"}],"wp:featuredmedia":[{"embeddable":true,"href":"https:\/\/swiat24.pl.ua\/index.php?rest_route=\/wp\/v2\/media\/23509"}],"wp:attachment":[{"href":"https:\/\/swiat24.pl.ua\/index.php?rest_route=%2Fwp%2Fv2%2Fmedia&parent=23508"}],"wp:term":[{"taxonomy":"category","embeddable":true,"href":"https:\/\/swiat24.pl.ua\/index.php?rest_route=%2Fwp%2Fv2%2Fcategories&post=23508"},{"taxonomy":"post_tag","embeddable":true,"href":"https:\/\/swiat24.pl.ua\/index.php?rest_route=%2Fwp%2Fv2%2Ftags&post=23508"}],"curies":[{"name":"wp","href":"https:\/\/api.w.org\/{rel}","templated":true}]}}