{"id":23499,"date":"2026-03-07T12:03:58","date_gmt":"2026-03-07T12:03:58","guid":{"rendered":"https:\/\/swiat24.pl.ua\/?p=23499"},"modified":"2026-03-07T12:03:58","modified_gmt":"2026-03-07T12:03:58","slug":"od-cienia-do-sily-inspirujaca-historia-mlodej-dziewczyny-ktora-nie-poddala-sie-i-odnalazla-nadzieje","status":"publish","type":"post","link":"https:\/\/swiat24.pl.ua\/?p=23499","title":{"rendered":"Od cienia do si\u0142y: inspiruj\u0105ca historia m\u0142odej dziewczyny, kt\u00f3ra nie podda\u0142a si\u0119 i odnalaz\u0142a nadziej\u0119"},"content":{"rendered":"\n<p><strong>Od cienia do si\u0142y: inspiruj\u0105ca historia m\u0142odej dziewczyny, kt\u00f3ra nie podda\u0142a si\u0119 i odnalaz\u0142a nadziej\u0119<\/strong><\/p>\n\n\n\n<p>W cichej okolicy, gdzie marzenia cz\u0119sto wydawa\u0142y si\u0119 zbyt odleg\u0142e, by je spe\u0142ni\u0107, m\u0142oda dziewczyna dorasta\u0142a w przekonaniu, \u017ce jej przeznaczeniem jest pozosta\u0107 niewidzialn\u0105.<\/p>\n\n\n\n<p>Jej \u015bwiat nie by\u0142 definiowany przez wspania\u0142e mo\u017cliwo\u015bci ani nieustanne wsparcie, lecz przez drobne chwile zw\u0105tpienia, szeptan\u0105 krytyk\u0119 i ci\u0105g\u0142e poczucie, \u017ce nie do ko\u0144ca pasuje do otoczenia.<\/p>\n\n\n\n<p>Jednak w jej wn\u0119trzu, nawet w tamtych wczesnych dniach, co\u015b cicho opiera\u0142o si\u0119 tej narracji \u2013 iskra, kt\u00f3ra nie chcia\u0142a zgasn\u0105\u0107.<\/p>\n\n\n\n<p>Jako dziecko by\u0142a ciekawa \u015bwiata i pe\u0142na wyobra\u017ani. Uwielbia\u0142a opowie\u015bci, takie, kt\u00f3re przenosi\u0142y j\u0105 poza otoczenie, w miejsca, gdzie odwaga zawsze triumfowa\u0142a, a dobro\u0107 mia\u0142a znaczenie. Ale rzeczywisto\u015b\u0107 cz\u0119sto wydawa\u0142a si\u0119 odleg\u0142a od tych opowie\u015bci. W szkole z trudem odnajdywa\u0142a swoje miejsce. Inne dzieci zdawa\u0142y si\u0119 bez trudu nawi\u0105zywa\u0107 przyja\u017anie, podczas gdy ona tkwi\u0142a na obrze\u017cach, niepewna, jak si\u0119 w to wmiesza\u0107. Czasami by\u0142a pomijana; innym razem pada\u0142a ofiar\u0105 niemi\u0142ych s\u0142\u00f3w, kt\u00f3re rani\u0142y g\u0142\u0119biej, ni\u017c ktokolwiek m\u00f3g\u0142 przypuszcza\u0107.<\/p>\n\n\n\n<p>Te do\u015bwiadczenia zacz\u0119\u0142y kszta\u0142towa\u0107 jej postrzeganie siebie. Zacz\u0119\u0142a wierzy\u0107, \u017ce g\u0142osy wok\u00f3\u0142 niej maj\u0105 racj\u0119 \u2013 \u017ce nie jest wystarczaj\u0105co silna, inteligentna ani warto\u015bciowa. Jej pewno\u015b\u0107 siebie zmala\u0142a, zast\u0105piona wahaniem. Unika\u0142a podnoszenia r\u0119ki na zaj\u0119ciach, nawet gdy zna\u0142a odpowied\u017a. Przesta\u0142a dzieli\u0107 si\u0119 swoimi pomys\u0142ami, boj\u0105c si\u0119, \u017ce zostan\u0105 zignorowane lub wy\u015bmiane.<\/p>\n\n\n\n<p>Jednak b\u00f3l, cho\u0107by by\u0142 ci\u0119\u017cki, potrafi ujawni\u0107 ukryt\u0105 si\u0142\u0119.<\/p>\n\n\n\n<p>W najgorszym momencie co\u015b si\u0119 zmieni\u0142o. Nie by\u0142 to dramatyczny zwrot akcji ani nag\u0142y przyp\u0142yw pewno\u015bci siebie. To by\u0142o co\u015b cichszego \u2013 u\u015bwiadomienie sobie, \u017ce ma ju\u017c do\u015b\u0107 poczucia si\u0119 nic niewart\u0105. Zm\u0119czenie pozwalaniem innym definiowa\u0107 jej warto\u015bci. Zm\u0119czenie \u017cyciem w cieniu strachu i w\u0105tpliwo\u015bci. To u\u015bwiadomienie nie wymaza\u0142o jej zmaga\u0144, ale da\u0142o jej pow\u00f3d, by i\u015b\u0107 dalej.<\/p>\n\n\n\n<p>Zacz\u0119\u0142a od drobnych zmian. Zamiast ca\u0142kowicie si\u0119 uciszy\u0107, odezwa\u0142a si\u0119 raz na lekcji. G\u0142os jej dr\u017ca\u0142, ale doko\u0144czy\u0142a zdanie. Nie wydarzy\u0142o si\u0119 nic nadzwyczajnego \u2013 \u017cadnych braw, \u017cadnej nag\u0142ej przemiany \u2013 ale dokona\u0142a czego\u015b, co kiedy\u015b uwa\u017ca\u0142a za niemo\u017cliwe. Ta chwila mia\u0142a znaczenie.<\/p>\n\n\n\n<p>Od tego momentu nabiera\u0142a rozp\u0119du. Zacz\u0119\u0142a wyznacza\u0107 sobie drobne cele: nawi\u0105zywa\u0107 kontakt wzrokowy podczas m\u00f3wienia, do\u0142\u0105cza\u0107 do grupowych aktywno\u015bci, pr\u00f3bowa\u0107 czego\u015b nowego, nawet je\u015bli mia\u0142oby si\u0119 to nie uda\u0107. Ka\u017cdy krok by\u0142 niewygodny, ale ka\u017cdy z nich kruszy\u0142 mur, kt\u00f3ry wok\u00f3\u0142 siebie zbudowa\u0142a.<\/p>\n\n\n\n<p>Poza szko\u0142\u0105 znalaz\u0142a schronienie w kreatywno\u015bci. Pisanie sta\u0142o si\u0119 jej uj\u015bciem, miejscem, w kt\u00f3rym mog\u0142a wyra\u017ca\u0107 my\u015bli, kt\u00f3re z trudem wypowiada\u0142a na g\u0142os. Poprzez opowie\u015bci zg\u0142\u0119bia\u0142a odwag\u0119, odporno\u015b\u0107 i nadziej\u0119 \u2013 cechy, kt\u00f3re powoli odkrywa\u0142a w sobie. To, co zacz\u0119\u0142o si\u0119 jako ucieczka, przerodzi\u0142o si\u0119 w narz\u0119dzie do uzdrawiania.<\/p>\n\n\n\n<p>Jej podr\u00f3\u017c nie by\u0142a liniowa. By\u0142y chwile za\u0142amania \u2013 dni, kiedy stare w\u0105tpliwo\u015bci od\u017cywa\u0142y, a post\u0119p wydawa\u0142 si\u0119 znikn\u0105\u0107. By\u0142y chwile, kiedy w\u0105tpi\u0142a, czy cokolwiek z tego jest warte wysi\u0142ku. Ale za ka\u017cdym razem, gdy si\u0119 potyka\u0142a, przypomina\u0142a sobie, jak daleko zasz\u0142a. Nauczy\u0142a si\u0119, \u017ce rozw\u00f3j nie polega na tym, by nigdy nie upa\u015b\u0107, ale na tym, by postanowi\u0107 si\u0119 podnie\u015b\u0107.<\/p>\n\n\n\n<p>Z wiekiem jej perspektywa zacz\u0119\u0142a si\u0119 zmienia\u0107. Zacz\u0119\u0142a dostrzega\u0107, \u017ce wyzwania, z kt\u00f3rymi si\u0119 mierzy\u0142a, da\u0142y jej co\u015b cennego: empati\u0119. Zrozumia\u0142a, jak to jest by\u0107 pomijanym, czu\u0107 si\u0119 niepewnie, zmaga\u0107 si\u0119 w milczeniu. To zrozumienie sprawi\u0142o, \u017ce sta\u0142a si\u0119 bardziej wsp\u00f3\u0142czuj\u0105ca dla innych. Zacz\u0119\u0142a wyci\u0105ga\u0107 r\u0119k\u0119 do ludzi, kt\u00f3rzy wydawali si\u0119 samotni, oferuj\u0105c im \u017cyczliwo\u015b\u0107, kt\u00f3rej sama kiedy\u015b potrzebowa\u0142a.<\/p>\n\n\n\n<p>Z czasem jej pewno\u015b\u0107 siebie sta\u0142a si\u0119 czym\u015b wi\u0119cej ni\u017c chwilami \u2013 sta\u0142a si\u0119 cz\u0119\u015bci\u0105 jej to\u017csamo\u015bci. M\u00f3wi\u0142a z wi\u0119ksz\u0105 pewno\u015bci\u0105 siebie, nie dlatego, \u017ce przesta\u0142a odczuwa\u0107 strach, ale dlatego, \u017ce nauczy\u0142a si\u0119 i\u015b\u0107 naprz\u00f3d pomimo niego. Podejmowa\u0142a okazje, kt\u00f3rych wcze\u015bniej unika\u0142a, odkrywaj\u0105c w sobie mocne strony, o kt\u00f3rych istnieniu nie wiedzia\u0142a.<\/p>\n\n\n\n<p>Jedn\u0105 z najpot\u0119\u017cniejszych zmian by\u0142o to, jak postrzega\u0142a sam\u0105 siebie. Dziewczyna, kt\u00f3ra kiedy\u015b wierzy\u0142a, \u017ce \u200b\u200bjest niewidzialna, zacz\u0119\u0142a dostrzega\u0107 swoj\u0105 warto\u015b\u0107. Zrozumia\u0142a, \u017ce \u200b\u200bjej warto\u015b\u0107 nigdy nie by\u0142a determinowana opiniami innych. Zawsze tam by\u0142a, czekaj\u0105c, a\u017c ona j\u0105 zaakceptuje.<\/p>\n\n\n\n<p>Jej historia ostatecznie sta\u0142a si\u0119 inspiracj\u0105 dla otoczenia. Przyjaciele, nauczyciele, a nawet obcy ludzie zauwa\u017cyli w niej cich\u0105 si\u0142\u0119. Widzieli kogo\u015b, kto stawi\u0142 czo\u0142a trudno\u015bciom i wybra\u0142 rozw\u00f3j zamiast pora\u017cki. I cho\u0107 podziwiali jej odporno\u015b\u0107 psychiczn\u0105, ona zna\u0142a prawd\u0119: wci\u0105\u017c si\u0119 uczy\u0142a, wci\u0105\u017c si\u0119 rozwija\u0142a, wci\u0105\u017c si\u0119 rozwija\u0142a.<\/p>\n\n\n\n<p>To, co uczyni\u0142o jej podr\u00f3\u017c naprawd\u0119 niezwyk\u0142\u0105, to nie to, \u017ce sta\u0142a si\u0119 idealna czy nieustraszona \u2013 to to, \u017ce si\u0119 nie podda\u0142a. Wybiera\u0142a nadziej\u0119, raz po raz, nawet gdy wydawa\u0142a si\u0119 nieosi\u0105galna.<\/p>\n\n\n\n<p>Ostatecznie jej \u017cycie sta\u0142o si\u0119 odbiciem czego\u015b pot\u0119\u017cnego: \u017ce si\u0142a nie tkwi w braku walki, ale w decyzji, by j\u0105 kontynuowa\u0107. \u017be nawet w najciemniejszych chwilach istnieje szansa na \u015bwiat\u0142o. I \u017ce czasami najbardziej inspiruj\u0105ce podr\u00f3\u017ce zaczynaj\u0105 si\u0119 nie od pewno\u015bci siebie, ale od prostej, odwa\u017cnej decyzji, by spr\u00f3bowa\u0107.<\/p>\n","protected":false},"excerpt":{"rendered":"Od cienia do si\u0142y: inspiruj\u0105ca historia m\u0142odej dziewczyny, kt\u00f3ra nie podda\u0142a si\u0119 i odnalaz\u0142a nadziej\u0119 W cichej okolicy, gdzie marzenia cz\u0119sto wydawa\u0142y si\u0119 \n<a class=\"moretag\" href=\"https:\/\/swiat24.pl.ua\/?p=23499\"> [...]<\/a>","protected":false},"author":1,"featured_media":23500,"comment_status":"open","ping_status":"open","sticky":false,"template":"","format":"standard","meta":{"footnotes":""},"categories":[1],"tags":[],"class_list":["post-23499","post","type-post","status-publish","format-standard","has-post-thumbnail","hentry","category-blog"],"_links":{"self":[{"href":"https:\/\/swiat24.pl.ua\/index.php?rest_route=\/wp\/v2\/posts\/23499","targetHints":{"allow":["GET"]}}],"collection":[{"href":"https:\/\/swiat24.pl.ua\/index.php?rest_route=\/wp\/v2\/posts"}],"about":[{"href":"https:\/\/swiat24.pl.ua\/index.php?rest_route=\/wp\/v2\/types\/post"}],"author":[{"embeddable":true,"href":"https:\/\/swiat24.pl.ua\/index.php?rest_route=\/wp\/v2\/users\/1"}],"replies":[{"embeddable":true,"href":"https:\/\/swiat24.pl.ua\/index.php?rest_route=%2Fwp%2Fv2%2Fcomments&post=23499"}],"version-history":[{"count":1,"href":"https:\/\/swiat24.pl.ua\/index.php?rest_route=\/wp\/v2\/posts\/23499\/revisions"}],"predecessor-version":[{"id":23501,"href":"https:\/\/swiat24.pl.ua\/index.php?rest_route=\/wp\/v2\/posts\/23499\/revisions\/23501"}],"wp:featuredmedia":[{"embeddable":true,"href":"https:\/\/swiat24.pl.ua\/index.php?rest_route=\/wp\/v2\/media\/23500"}],"wp:attachment":[{"href":"https:\/\/swiat24.pl.ua\/index.php?rest_route=%2Fwp%2Fv2%2Fmedia&parent=23499"}],"wp:term":[{"taxonomy":"category","embeddable":true,"href":"https:\/\/swiat24.pl.ua\/index.php?rest_route=%2Fwp%2Fv2%2Fcategories&post=23499"},{"taxonomy":"post_tag","embeddable":true,"href":"https:\/\/swiat24.pl.ua\/index.php?rest_route=%2Fwp%2Fv2%2Ftags&post=23499"}],"curies":[{"name":"wp","href":"https:\/\/api.w.org\/{rel}","templated":true}]}}