{"id":23496,"date":"2026-03-07T11:53:33","date_gmt":"2026-03-07T11:53:33","guid":{"rendered":"https:\/\/swiat24.pl.ua\/?p=23496"},"modified":"2026-03-07T11:53:33","modified_gmt":"2026-03-07T11:53:33","slug":"unijny-program-safe-i-polityczne-debaty-o-finansowaniu-bezpieczenstwa-polski","status":"publish","type":"post","link":"https:\/\/swiat24.pl.ua\/?p=23496","title":{"rendered":"Unijny program SAFE i polityczne debaty o finansowaniu bezpiecze\u0144stwa Polski"},"content":{"rendered":"\n<p>W ostatnich tygodniach polska scena polityczna prze\u017cywa intensywn\u0105 debat\u0119 dotycz\u0105c\u0105 sposobu finansowania inwestycji w obronno\u015b\u0107 pa\u0144stwa. Premier Donald Tusk apeluje o natychmiastowe podpisanie ustawy implementuj\u0105cej unijny program SAFE, podczas gdy prezydent Karol Nawrocki zaproponowa\u0142 alternatywne rozwi\u0105zanie.<\/p>\n\n\n\n<h2 class=\"wp-block-heading\">Stanowisko premiera Tuska w sprawie SAFE<\/h2>\n\n\n\n<p>Premier Tusk podkre\u015bla, \u017ce polskie przedsi\u0119biorstwa zbrojeniowe ju\u017c pracuj\u0105 nad projektami, kt\u00f3re b\u0119d\u0105 finansowane ze \u015brodk\u00f3w unijnego programu SAFE. Jak wyja\u015bnia szef rz\u0105du, fabryki projektuj\u0105 i produkuj\u0105 sprz\u0119t, a pieni\u0105dze czekaj\u0105 na uruchomienie. Do maja polska administracja mo\u017ce zaplanowa\u0107 wydatkowanie prawie 200 miliard\u00f3w z\u0142otych z tego programu.<\/p>\n\n\n\n<p>Premier zwraca uwag\u0119 na bie\u017c\u0105ce zagro\u017cenia, argumentuj\u0105c, \u017ce sytuacja geopolityczna wymaga zdecydowanych dzia\u0142a\u0144. \u201eWok\u00f3\u0142 nas trwa wojna. Ta sytuacja wymaga najwi\u0119kszej powagi i odpowiedzialno\u015bci\u201d \u2013 podkre\u015bla Tusk. Uzasadnia tym samym, dlaczego nie ma czasu na op\u00f3\u017anienia ani alternatywne rozwi\u0105zania.<\/p>\n\n\n\n<figure class=\"wp-block-image\"><img decoding=\"async\" src=\"https:\/\/bystragrazyna.pl\/wp-content\/uploads\/2026\/03\/369.jpg\" alt=\"obrazek\"\/><\/figure>\n\n\n\n<p>Szef rz\u0105du ma jednak zastrze\u017cenia do propozycji alternatywnego finansowania. Przypomina o stratach Narodowego Banku Polskiego, kt\u00f3re w 2024 roku przekroczy\u0142y 60 miliard\u00f3w z\u0142otych, a pod koniec 2025 roku zbli\u017cy\u0142y si\u0119 do 100 miliard\u00f3w z\u0142otych. Wskazuje na niepewno\u015b\u0107 co do przysz\u0142ych mo\u017cliwo\u015bci finansowych instytucji.<\/p>\n\n\n\n<blockquote class=\"wp-block-quote is-layout-flow wp-block-quote-is-layout-flow\">\n<p>Albo nasze rz\u0105dy nigdy nie mia\u0142y pieni\u0119dzy od NBP, bo straty s\u0105 gigantyczne, albo nagle po wizycie u pana prezydenta pojawiaj\u0105 si\u0119 cudowne mo\u017cliwo\u015bci \u2013 m\u00f3wi Tusk, wyra\u017caj\u0105c sceptycyzm wobec propozycji Nawrockiego.<\/p>\n<\/blockquote>\n\n\n\n<p>Premier sformu\u0142owa\u0142 trzy g\u0142\u00f3wne postulaty wobec prezydenta: natychmiastowe podpisanie ustawy o SAFE, precyzyjne informacje dotycz\u0105ce rzeczywistych mo\u017cliwo\u015bci finansowych NBP oraz szczeg\u00f3\u0142y plan\u00f3w wydatkowania tych \u015brodk\u00f3w.<\/p>\n\n\n\n<h2 class=\"wp-block-heading\">Unijna inicjatywa SAFE a bezpiecze\u0144stwo Polski<\/h2>\n\n\n\n<p>Program SAFE stanowi unijny mechanizm zad\u0142u\u017ceniowy, kt\u00f3ry umo\u017cliwia krajom cz\u0142onkowskim zaci\u0105ganie po\u017cyczek na finansowanie inwestycji w obron\u0119. Polska wykaza\u0142a interes do udzia\u0142u w programie, a rz\u0105d z\u0142o\u017cy\u0142 wniosek na kwot\u0119 oko\u0142o 43,7 miliarda euro, czyli prawie 187 miliard\u00f3w z\u0142otych. Sejm szybko uchwali\u0142 ustaw\u0119 implementacyjn\u0105, jednak jej wdro\u017cenie wymaga podpisu g\u0142owy pa\u0144stwa.<\/p>\n\n\n\n<p>Zgodnie z Konstytucj\u0105 RP, po\u017cyczka tej skali wymaga zar\u00f3wno zgody ustawowej, jak i podpisu prezydenta. Termin na podj\u0119cie decyzji przez Nawrockiego up\u0142ywa 20 marca. Rz\u0105d zaplanowa\u0142, \u017ce g\u0142\u00f3wna cz\u0119\u015b\u0107 \u015brodk\u00f3w trafi do polskiego przemys\u0142u zbrojeniowego, wspieraj\u0105c rozw\u00f3j lokalnych zdolno\u015bci obronnych i \u0443\u043a\u0440\u0435\u043f\u043b\u044f\u044e\u0449\u0438\u0445\u0441\u044f mo\u017cliwo\u015bci produkcyjnych.<\/p>\n\n\n\n<p>Szczeg\u00f3lnym priorytetem ma by\u0107 wzmocnienie Tarczy Wsch\u00f3d, systemu obronnego budowanego na wschodniej granicy Polski. Projekt ten, realizowany wsp\u00f3lnie z krajami nadba\u0142tyckimi, ma stanowi\u0107 odpowied\u017a na potencjalne zagro\u017cenia z kierunku Rosji. Finansowanie z programu SAFE mia\u0142oby znacznie przyspieszy\u0107 tempo budowy tego strategicznego systemu.<\/p>\n\n\n\n<h2 class=\"wp-block-heading\">Alternatywna propozycja prezydenta<\/h2>\n\n\n\n<p>Prezydent Nawrocki, wraz z prezesem Narodowego Banku Polskiego, zaprezentowa\u0142 alternatywny pomys\u0142 okre\u015blany jako polski \u201eSAFE zero procent\u201d. Propozycja zak\u0142ada\u0142aby finansowanie inwestycji zbrojeniowych ze \u015brodk\u00f3w pochodz\u0105cych mi\u0119dzy innymi z zysk\u00f3w NBP, bez konieczno\u015bci zaci\u0105gania mi\u0119dzynarodowych po\u017cyczek.<\/p>\n\n\n\n<p>Premier Tusk zareagowa\u0142 zobowi\u0105zaniem, \u017ce je\u015bli zostanie przed\u0142o\u017cony konkretny projekt ustawy, rz\u0105d proceduje go w przyspieszonym trybie. Obieca\u0142 przekszta\u0142ci\u0107 szczeg\u00f3\u0142owe propozycje w projekt ustawy w ci\u0105gu kilku godzin i przes\u0142anie go do Sejmu.<\/p>\n\n\n\n<h2 class=\"wp-block-heading\">Dyskusja w koalicji rz\u0105dowej<\/h2>\n\n\n\n<p>Sp\u00f3r wok\u00f3\u0142 wyboru mi\u0119dzy unijnym SAFE a polskim rozwi\u0105zaniem budzi napi\u0119cie w obozie politycznym wspieraj\u0105cym premiera. Politycy Koalicji Obywatelskiej aktywnie promuj\u0105 unijny program w mediach spo\u0142eczno\u015bciowych, podkre\u015blaj\u0105c jego niezawis\u0142o\u015b\u0107 od kondycji finansowej krajowych instytucji. Jednocze\u015bnie w g\u0142\u00f3wnym nurcie dyskusji pojawia si\u0119 pytanie o mo\u017cliwo\u015bci finansowe NBP wobec jego notowanych strat.<\/p>\n\n\n\n<p>Sytuacja wymaga szybkiego rozstrzygni\u0119cia, gdy\u017c polskie fabryki zbrojeniowe czekaj\u0105 na uruchomienie finansowania, aby m\u00f3c pe\u0142n\u0105 par\u0105 realizowa\u0107 zlecone projekty. Czas staje si\u0119 kluczowym czynnikiem w tej politycznej i finansowej grze.<\/p>\n","protected":false},"excerpt":{"rendered":"W ostatnich tygodniach polska scena polityczna prze\u017cywa intensywn\u0105 debat\u0119 dotycz\u0105c\u0105 sposobu finansowania inwestycji w obronno\u015b\u0107 pa\u0144stwa. Premier Donald Tusk apeluje o natychmiastowe podpisanie \n<a class=\"moretag\" href=\"https:\/\/swiat24.pl.ua\/?p=23496\"> [...]<\/a>","protected":false},"author":1,"featured_media":23497,"comment_status":"open","ping_status":"open","sticky":false,"template":"","format":"standard","meta":{"footnotes":""},"categories":[1],"tags":[],"class_list":["post-23496","post","type-post","status-publish","format-standard","has-post-thumbnail","hentry","category-blog"],"_links":{"self":[{"href":"https:\/\/swiat24.pl.ua\/index.php?rest_route=\/wp\/v2\/posts\/23496","targetHints":{"allow":["GET"]}}],"collection":[{"href":"https:\/\/swiat24.pl.ua\/index.php?rest_route=\/wp\/v2\/posts"}],"about":[{"href":"https:\/\/swiat24.pl.ua\/index.php?rest_route=\/wp\/v2\/types\/post"}],"author":[{"embeddable":true,"href":"https:\/\/swiat24.pl.ua\/index.php?rest_route=\/wp\/v2\/users\/1"}],"replies":[{"embeddable":true,"href":"https:\/\/swiat24.pl.ua\/index.php?rest_route=%2Fwp%2Fv2%2Fcomments&post=23496"}],"version-history":[{"count":1,"href":"https:\/\/swiat24.pl.ua\/index.php?rest_route=\/wp\/v2\/posts\/23496\/revisions"}],"predecessor-version":[{"id":23498,"href":"https:\/\/swiat24.pl.ua\/index.php?rest_route=\/wp\/v2\/posts\/23496\/revisions\/23498"}],"wp:featuredmedia":[{"embeddable":true,"href":"https:\/\/swiat24.pl.ua\/index.php?rest_route=\/wp\/v2\/media\/23497"}],"wp:attachment":[{"href":"https:\/\/swiat24.pl.ua\/index.php?rest_route=%2Fwp%2Fv2%2Fmedia&parent=23496"}],"wp:term":[{"taxonomy":"category","embeddable":true,"href":"https:\/\/swiat24.pl.ua\/index.php?rest_route=%2Fwp%2Fv2%2Fcategories&post=23496"},{"taxonomy":"post_tag","embeddable":true,"href":"https:\/\/swiat24.pl.ua\/index.php?rest_route=%2Fwp%2Fv2%2Ftags&post=23496"}],"curies":[{"name":"wp","href":"https:\/\/api.w.org\/{rel}","templated":true}]}}